{"id":72427,"date":"2016-08-03T09:25:14","date_gmt":"2016-08-03T13:25:14","guid":{"rendered":"http:\/\/www.eltrabajo.cl\/portal\/?p=72427"},"modified":"2016-08-03T09:25:14","modified_gmt":"2016-08-03T13:25:14","slug":"celebran-semana-de-la-lactancia-materna-en-hospital-de-los-andes","status":"publish","type":"post","link":"https:\/\/eltrabajo.cl\/portal\/celebran-semana-de-la-lactancia-materna-en-hospital-de-los-andes\/","title":{"rendered":"Celebran semana de la lactancia materna en Hospital de Los Andes"},"content":{"rendered":"<ul>\n<li><strong>Beb\u00e9s que amamantan obtienen muchas ventajas para su desarrollo f\u00edsico y psicol\u00f3gico.<\/strong><\/li>\n<\/ul>\n<p><strong>LOS ANDES.-<\/strong> Durante la primera semana de agosto de cada a\u00f1o, en todo el mundo se conmemora la Semana de la Lactancia Materna. En este contexto, el Hospital San Juan de Dios de Los Andes, est\u00e1 realizando distintas actividades de capacitaci\u00f3n y sensibilizaci\u00f3n para promover la lactancia materna\u00a0entre trabajadores de la salud y de servicios p\u00fablicos, la comunidad y, principalmente, las mujeres que fueron madres recientemente.<br \/>\nAs\u00ed lo explic\u00f3 la presidenta del Comit\u00e9 de Lactancia del Hosla,\u00a0matrona Patricia\u00a0Delmon, quien detall\u00f3 las actividades que se realizan en esta semana. \u201cVamos a realizar un\u00a0curso que se denomina \u2018Lactar desde los Sentimientos\u2019, con la participaci\u00f3n de connotados docentes de Santiago, que saben mucho y est\u00e1n comprometidos con el tema. Adem\u00e1s vamos a realizar un concurso de pintura con ni\u00f1os y ni\u00f1as\u201d.<br \/>\nLa profesional explic\u00f3 que tambi\u00e9n est\u00e1n realizando actividades con las madres que acaban de tener a sus beb\u00e9s, desarrollando talleres para ense\u00f1arles las ventajas del amamantamiento y la forma correcta de amamantar.<br \/>\nAl respecto, la profesional indic\u00f3 que\u00a0los beb\u00e9s que amamantan tienen muchas ventajas en relaci\u00f3n a quienes no, ya que adem\u00e1s de los nutrientes que la lecha materna les proporciona, reciben una serie de beneficios para su desarrollo psicol\u00f3gico. A modo de ejemplo, indic\u00f3 que\u00a0est\u00e1 comprobado cient\u00edficamente que los beb\u00e9s que amamantan se desarrollan como personas no violentas.<br \/>\nEn este mismo sentido, el el director del Hosla, Jimmy Walker, indic\u00f3 que la importancia de esta semana es relevar la lactancia materna como un hecho natural en la vida de la persona, destacando que este es un h\u00e1bito que debiera considerarse normal y que\u00a0como sociedad debemos entregarle los espacios a las madres, para que puedan amamantar a sus hijos en todos los \u00e1mbitos de la vida cotidiana.<\/p>\n<figure id=\"attachment_72428\" aria-describedby=\"caption-attachment-72428\" style=\"width: 530px\" class=\"wp-caption alignleft\"><a href=\"http:\/\/www.eltrabajo.cl\/portal\/celebran-semana-de-la-lactancia-materna-en-hospital-de-los-andes\/trabajo-grupal\/\" rel=\"attachment wp-att-72428\"><img data-recalc-dims=\"1\" loading=\"lazy\" decoding=\"async\" class=\"size-full wp-image-72428\" src=\"https:\/\/i0.wp.com\/www.eltrabajo.cl\/portal\/wp-content\/uploads\/2016\/08\/TRABAJO-GRUPAL.jpg?resize=530%2C350\" alt=\"Se est\u00e1n realizando\u00a0actividades con las madres que acaban de tener a sus beb\u00e9s, desarrollando talleres para ense\u00f1arles las ventajas del amamantamiento y la forma correcta de amamantar.\" width=\"530\" height=\"350\" srcset=\"https:\/\/i0.wp.com\/eltrabajo.cl\/portal\/wp-content\/uploads\/2016\/08\/TRABAJO-GRUPAL.jpg?w=530&amp;ssl=1 530w, https:\/\/i0.wp.com\/eltrabajo.cl\/portal\/wp-content\/uploads\/2016\/08\/TRABAJO-GRUPAL.jpg?resize=200%2C132&amp;ssl=1 200w, https:\/\/i0.wp.com\/eltrabajo.cl\/portal\/wp-content\/uploads\/2016\/08\/TRABAJO-GRUPAL.jpg?resize=300%2C198&amp;ssl=1 300w, https:\/\/i0.wp.com\/eltrabajo.cl\/portal\/wp-content\/uploads\/2016\/08\/TRABAJO-GRUPAL.jpg?resize=227%2C150&amp;ssl=1 227w, https:\/\/i0.wp.com\/eltrabajo.cl\/portal\/wp-content\/uploads\/2016\/08\/TRABAJO-GRUPAL.jpg?resize=400%2C264&amp;ssl=1 400w\" sizes=\"auto, (max-width: 530px) 100vw, 530px\" \/><\/a><figcaption id=\"caption-attachment-72428\" class=\"wp-caption-text\">Se est\u00e1n realizando\u00a0actividades con las madres que acaban de tener a sus beb\u00e9s, desarrollando talleres para ense\u00f1arles las ventajas del amamantamiento y la forma correcta de amamantar.<\/figcaption><\/figure>\n<figure id=\"attachment_72429\" aria-describedby=\"caption-attachment-72429\" style=\"width: 530px\" class=\"wp-caption alignleft\"><a href=\"http:\/\/www.eltrabajo.cl\/portal\/celebran-semana-de-la-lactancia-materna-en-hospital-de-los-andes\/uno-de-los-dibujos-del-concurso-de-pintura-escolar\/\" rel=\"attachment wp-att-72429\"><img data-recalc-dims=\"1\" loading=\"lazy\" decoding=\"async\" class=\"size-full wp-image-72429\" src=\"https:\/\/i0.wp.com\/www.eltrabajo.cl\/portal\/wp-content\/uploads\/2016\/08\/uno-de-los-dibujos-del-concurso-de-pintura-escolar.jpg?resize=530%2C348\" alt=\"\u2018Lactar desde los Sentimientos\u2019.- Concurso de pintura con ni\u00f1os en el marco de la Semana de la Lactancia Materna.\" width=\"530\" height=\"348\" srcset=\"https:\/\/i0.wp.com\/eltrabajo.cl\/portal\/wp-content\/uploads\/2016\/08\/uno-de-los-dibujos-del-concurso-de-pintura-escolar.jpg?w=530&amp;ssl=1 530w, https:\/\/i0.wp.com\/eltrabajo.cl\/portal\/wp-content\/uploads\/2016\/08\/uno-de-los-dibujos-del-concurso-de-pintura-escolar.jpg?resize=200%2C131&amp;ssl=1 200w, https:\/\/i0.wp.com\/eltrabajo.cl\/portal\/wp-content\/uploads\/2016\/08\/uno-de-los-dibujos-del-concurso-de-pintura-escolar.jpg?resize=300%2C197&amp;ssl=1 300w, https:\/\/i0.wp.com\/eltrabajo.cl\/portal\/wp-content\/uploads\/2016\/08\/uno-de-los-dibujos-del-concurso-de-pintura-escolar.jpg?resize=228%2C150&amp;ssl=1 228w, https:\/\/i0.wp.com\/eltrabajo.cl\/portal\/wp-content\/uploads\/2016\/08\/uno-de-los-dibujos-del-concurso-de-pintura-escolar.jpg?resize=400%2C263&amp;ssl=1 400w\" sizes=\"auto, (max-width: 530px) 100vw, 530px\" \/><\/a><figcaption id=\"caption-attachment-72429\" class=\"wp-caption-text\">\u2018Lactar desde los Sentimientos\u2019.- Concurso de pintura con ni\u00f1os en el marco de la Semana de la Lactancia Materna.<\/figcaption><\/figure>\n","protected":false},"excerpt":{"rendered":"<p>Beb\u00e9s que amamantan obtienen muchas ventajas para su desarrollo f\u00edsico y psicol\u00f3gico. LOS ANDES.- Durante la primera semana de agosto de cada a\u00f1o, en todo el mundo se conmemora la Semana de&#8230;<\/p>\n","protected":false},"author":1,"featured_media":72428,"comment_status":"open","ping_status":"open","sticky":false,"template":"","format":"standard","meta":{"advanced_seo_description":"","jetpack_seo_html_title":"","jetpack_seo_noindex":false,"_jetpack_memberships_contains_paid_content":false,"footnotes":""},"categories":[1],"tags":[],"class_list":["post-72427","post","type-post","status-publish","format-standard","has-post-thumbnail","hentry","category-cronica"],"jetpack_featured_media_url":"https:\/\/i0.wp.com\/eltrabajo.cl\/portal\/wp-content\/uploads\/2016\/08\/TRABAJO-GRUPAL.jpg?fit=530%2C350&ssl=1","jetpack_sharing_enabled":true,"jetpack_likes_enabled":true,"jetpack-related-posts":[],"_links":{"self":[{"href":"https:\/\/eltrabajo.cl\/portal\/wp-json\/wp\/v2\/posts\/72427","targetHints":{"allow":["GET"]}}],"collection":[{"href":"https:\/\/eltrabajo.cl\/portal\/wp-json\/wp\/v2\/posts"}],"about":[{"href":"https:\/\/eltrabajo.cl\/portal\/wp-json\/wp\/v2\/types\/post"}],"author":[{"embeddable":true,"href":"https:\/\/eltrabajo.cl\/portal\/wp-json\/wp\/v2\/users\/1"}],"replies":[{"embeddable":true,"href":"https:\/\/eltrabajo.cl\/portal\/wp-json\/wp\/v2\/comments?post=72427"}],"version-history":[{"count":0,"href":"https:\/\/eltrabajo.cl\/portal\/wp-json\/wp\/v2\/posts\/72427\/revisions"}],"wp:featuredmedia":[{"embeddable":true,"href":"https:\/\/eltrabajo.cl\/portal\/wp-json\/wp\/v2\/media\/72428"}],"wp:attachment":[{"href":"https:\/\/eltrabajo.cl\/portal\/wp-json\/wp\/v2\/media?parent=72427"}],"wp:term":[{"taxonomy":"category","embeddable":true,"href":"https:\/\/eltrabajo.cl\/portal\/wp-json\/wp\/v2\/categories?post=72427"},{"taxonomy":"post_tag","embeddable":true,"href":"https:\/\/eltrabajo.cl\/portal\/wp-json\/wp\/v2\/tags?post=72427"}],"curies":[{"name":"wp","href":"https:\/\/api.w.org\/{rel}","templated":true}]}}