{"id":72433,"date":"2016-08-03T09:36:34","date_gmt":"2016-08-03T13:36:34","guid":{"rendered":"http:\/\/www.eltrabajo.cl\/portal\/?p=72433"},"modified":"2016-08-03T09:36:34","modified_gmt":"2016-08-03T13:36:34","slug":"distinguen-a-sanfelipenos-destacados-por-su-aporte-a-la-ciudad","status":"publish","type":"post","link":"https:\/\/eltrabajo.cl\/portal\/distinguen-a-sanfelipenos-destacados-por-su-aporte-a-la-ciudad\/","title":{"rendered":"Distinguen a sanfelipe\u00f1os destacados por su aporte a la ciudad"},"content":{"rendered":"<ul>\n<li><strong><span style=\"color: #ff0000;\">Alcalde Patricio Freire y el Concejo Municipal en pleno:<\/span>\u00a0\u201cMe siento muy honrado y agradezco a quienes de una u otra manera me han permitido hacer algo por esta comuna que tanto quiero\u201d, dijo emocionado el odont\u00f3logo y exconcejal Jorge Cruz Lolas, quien recibi\u00f3 la distinci\u00f3n de Hijo Ilustre de la ciudad.<\/strong><\/li>\n<\/ul>\n<p>En un sobrio, pero emotivo acto, la tarde ayer martes el alcalde Patricio Freire y el Concejo Municipal en pleno, hicieron entrega de reconocimientos a los ciudadanos distinguidos en el marco del 276 aniversario de San Felipe.<br \/>\nEn su mensaje a los asistentes y como una manera de argumentar esta actividad, el alcalde Freire manifest\u00f3 que esta entrega de distinciones no solo es una tradici\u00f3n que se debe cumplir cada a\u00f1o, sino una oportunidad para agradecer en nombre de la comunidad sanfelipe\u00f1a, la enorme contribuci\u00f3n de este grupo de vecinos y vecinas para beneficio de la comuna.<br \/>\n\u201cEste es un reconocimiento que hacemos con alegr\u00eda, pero sobre todo con gratitud enorme. Porque es gracias a este pu\u00f1ado de sanfelipe\u00f1os, que podemos decir que s\u00ed, que somos una ciudad fuerte y feliz. Debemos rendir homenaje a hombres y mujeres que de manera p\u00fablica o quiz\u00e1s an\u00f3nimamente entregan d\u00eda a d\u00eda lo mejor de cada uno para aportar al bienestar, al desarrollo y al engrandecimiento de nuestra ciudad\u201d.<br \/>\nLa m\u00e1xima distinci\u00f3n que otorga el Concejo Municipal, de Hijo Ilustre de la Ciudad, la recibi\u00f3 el exconcejal y odont\u00f3logo de profesi\u00f3n, Jorge Cruz Lolas, quien no escondi\u00f3 su emoci\u00f3n y agradecimiento. \u201cEs una suerte de mezcla de emociones que llegan al coraz\u00f3n y a la mente y que uno trata de ordenar. Me siento muy honrado y agradezco a quienes de una u otra manera me han permitido hacer algo por esta comuna que tanto quiero. En este momento agradezco a mi familia, que me ha acompa\u00f1ado en las buenas y en las malas, pero principalmente al alcalde Patricio Freire y al Concejo Municipal\u201d, manifest\u00f3 Cruz Lolas.<br \/>\nEl consejero regional, exconcejal y fundador de la Casa de J\u00f3venes Walter Zielcke, Mario Sottolichio tambi\u00e9n recibi\u00f3 una de las m\u00e1ximas distinciones que un vecino no nacido en San Felipe puede obtener, en este caso, la de Ciudadano Ilustre, reconocimiento que el personero agradeci\u00f3, m\u00e1s a\u00fan considerando que \u00e9l siempre ha estado ligado al trabajo con la infancia y en la actualidad, existe un severo cuestionamiento hacia la labor del Sename a nivel nacional.<br \/>\n\u201cMuy emocionado y muy agradecido de la distinci\u00f3n que he recibido hoy d\u00eda. Porque se da en un momento importante, sobre todo cuando se est\u00e1 criticando la pol\u00edtica p\u00fablica en torno a la protecci\u00f3n de los derechos de la infancia, un tema que en lo personal me resulta muy sensible, pues he consagrado 25 a\u00f1os de mi vida para trabajar en proyectos del Sename, con proyectos exitosos, y por eso quiero hacer un llamado al Estado para que tome en serio la situaci\u00f3n de ni\u00f1os y j\u00f3venes, para que no terminen en las c\u00e1rceles sino en una universidad, para convertirse en profesionales para aportar a nuestro pa\u00eds\u201d, se\u00f1al\u00f3 Sottolichio.<br \/>\nEste a\u00f1o adem\u00e1s, el Concejo Municipal resolvi\u00f3 entregar una distinci\u00f3n especial en el marco del Premio 3 de agosto. En este caso, al director nacional de Compras P\u00fablicas de Carabineros, general Roberto Cabrera Jerez, quien es nacido en San Felipe y ha logrado alcanzar el m\u00e1ximo esca\u00f1o del escalaf\u00f3n de la instituci\u00f3n policial.<br \/>\n\u201cEs un honor que me distingue y me comprometo m\u00e1s a\u00fan con San Felipe, mis ra\u00edces est\u00e1n ac\u00e1, mis abuelos y mis padres est\u00e1n ac\u00e1, por lo tanto tengo un lazo indisoluble con esta ciudad, agradezco por lo tanto este reconocimiento\u201d, manifest\u00f3 el general Cabrera.<br \/>\nJunto a ellos, m\u00e1s de cuarenta vecinos, dirigentes, emprendedores y empresarios, profesionales, instituciones, deportistas y artistas, adem\u00e1s de los integrantes del Consejo Consultivo de Infancia, recibieron el reconocimiento y el aplauso de los asistentes a la ceremonia, que se realiz\u00f3 en el Teatro Roberto Barraza del Liceo Roberto Humeres.<\/p>\n<figure id=\"attachment_72434\" aria-describedby=\"caption-attachment-72434\" style=\"width: 530px\" class=\"wp-caption alignleft\"><a href=\"http:\/\/www.eltrabajo.cl\/portal\/distinguen-a-sanfelipenos-destacados-por-su-aporte-a-la-ciudad\/hijo-ilustre-2\/\" rel=\"attachment wp-att-72434\"><img data-recalc-dims=\"1\" loading=\"lazy\" decoding=\"async\" class=\"size-full wp-image-72434\" src=\"https:\/\/i0.wp.com\/www.eltrabajo.cl\/portal\/wp-content\/uploads\/2016\/08\/hijo-ilustre...jpg?resize=530%2C348\" alt=\"HIJO ILUSTRE.- La m\u00e1xima distinci\u00f3n que otorga el Concejo Municipal, la recibi\u00f3 el exconcejal y odont\u00f3logo de profesi\u00f3n, Jorge Cruz Lolas.\" width=\"530\" height=\"348\" srcset=\"https:\/\/i0.wp.com\/eltrabajo.cl\/portal\/wp-content\/uploads\/2016\/08\/hijo-ilustre...jpg?w=530&amp;ssl=1 530w, https:\/\/i0.wp.com\/eltrabajo.cl\/portal\/wp-content\/uploads\/2016\/08\/hijo-ilustre...jpg?resize=200%2C131&amp;ssl=1 200w, https:\/\/i0.wp.com\/eltrabajo.cl\/portal\/wp-content\/uploads\/2016\/08\/hijo-ilustre...jpg?resize=300%2C197&amp;ssl=1 300w, https:\/\/i0.wp.com\/eltrabajo.cl\/portal\/wp-content\/uploads\/2016\/08\/hijo-ilustre...jpg?resize=228%2C150&amp;ssl=1 228w, https:\/\/i0.wp.com\/eltrabajo.cl\/portal\/wp-content\/uploads\/2016\/08\/hijo-ilustre...jpg?resize=400%2C263&amp;ssl=1 400w\" sizes=\"auto, (max-width: 530px) 100vw, 530px\" \/><\/a><figcaption id=\"caption-attachment-72434\" class=\"wp-caption-text\">HIJO ILUSTRE.- La m\u00e1xima distinci\u00f3n que otorga el Concejo Municipal, la recibi\u00f3 el exconcejal y odont\u00f3logo de profesi\u00f3n, Jorge Cruz Lolas.<\/figcaption><\/figure>\n","protected":false},"excerpt":{"rendered":"<p>Alcalde Patricio Freire y el Concejo Municipal en pleno:\u00a0\u201cMe siento muy honrado y agradezco a quienes de una u otra manera me han permitido hacer algo por esta comuna que tanto quiero\u201d,&#8230;<\/p>\n","protected":false},"author":1,"featured_media":72434,"comment_status":"open","ping_status":"open","sticky":false,"template":"","format":"standard","meta":{"advanced_seo_description":"","jetpack_seo_html_title":"","jetpack_seo_noindex":false,"_jetpack_memberships_contains_paid_content":false,"footnotes":""},"categories":[1],"tags":[],"class_list":["post-72433","post","type-post","status-publish","format-standard","has-post-thumbnail","hentry","category-cronica"],"jetpack_featured_media_url":"https:\/\/i0.wp.com\/eltrabajo.cl\/portal\/wp-content\/uploads\/2016\/08\/hijo-ilustre...jpg?fit=530%2C348&ssl=1","jetpack_sharing_enabled":true,"jetpack_likes_enabled":true,"jetpack-related-posts":[],"_links":{"self":[{"href":"https:\/\/eltrabajo.cl\/portal\/wp-json\/wp\/v2\/posts\/72433","targetHints":{"allow":["GET"]}}],"collection":[{"href":"https:\/\/eltrabajo.cl\/portal\/wp-json\/wp\/v2\/posts"}],"about":[{"href":"https:\/\/eltrabajo.cl\/portal\/wp-json\/wp\/v2\/types\/post"}],"author":[{"embeddable":true,"href":"https:\/\/eltrabajo.cl\/portal\/wp-json\/wp\/v2\/users\/1"}],"replies":[{"embeddable":true,"href":"https:\/\/eltrabajo.cl\/portal\/wp-json\/wp\/v2\/comments?post=72433"}],"version-history":[{"count":0,"href":"https:\/\/eltrabajo.cl\/portal\/wp-json\/wp\/v2\/posts\/72433\/revisions"}],"wp:featuredmedia":[{"embeddable":true,"href":"https:\/\/eltrabajo.cl\/portal\/wp-json\/wp\/v2\/media\/72434"}],"wp:attachment":[{"href":"https:\/\/eltrabajo.cl\/portal\/wp-json\/wp\/v2\/media?parent=72433"}],"wp:term":[{"taxonomy":"category","embeddable":true,"href":"https:\/\/eltrabajo.cl\/portal\/wp-json\/wp\/v2\/categories?post=72433"},{"taxonomy":"post_tag","embeddable":true,"href":"https:\/\/eltrabajo.cl\/portal\/wp-json\/wp\/v2\/tags?post=72433"}],"curies":[{"name":"wp","href":"https:\/\/api.w.org\/{rel}","templated":true}]}}