{"id":72437,"date":"2016-08-03T09:39:49","date_gmt":"2016-08-03T13:39:49","guid":{"rendered":"http:\/\/www.eltrabajo.cl\/portal\/?p=72437"},"modified":"2016-08-03T09:39:49","modified_gmt":"2016-08-03T13:39:49","slug":"analizan-quiebre-de-empresa-que-construia-viviendas-a-estafados-en-encon","status":"publish","type":"post","link":"https:\/\/eltrabajo.cl\/portal\/analizan-quiebre-de-empresa-que-construia-viviendas-a-estafados-en-encon\/","title":{"rendered":"Analizan quiebre de empresa que constru\u00eda viviendas a estafados en Enc\u00f3n"},"content":{"rendered":"<ul>\n<li><strong><span style=\"color: #ff0000;\">Autoridades ya se encuentran trabajando:<\/span>\u00a0Las partes interesadas en el proyecto, se est\u00e1n movilizando para buscar otra empresa que retome el proceso de edificaci\u00f3n de este esperado proyecto.<\/strong><\/li>\n<\/ul>\n<p>Durante la tarde de ayer lunes, el gobernador Eduardo Le\u00f3n, junto a Natalia R\u00edos, delegada provincial del Serviu se reunieron con los dirigentes del \u2018Comit\u00e9 Futura Casa\u2019 de San Felipe para abordar la quiebra de la empresa que estaba a cargo de edificar este esperado conjunto habitacional, ubicado en avenida Enc\u00f3n. Estas familias fueron anteriormente estafadas por la conocida \u2018Egis Daniela\u2019.<br \/>\nEl gobernador Le\u00f3n explic\u00f3, que ya se han tomado una serie de medidas para asegurar la continuidad del proyecto y que ya se est\u00e1n buscando una serie de alternativas para dar lo antes posible reiniciar la construcci\u00f3n de estas viviendas. Adem\u00e1s la autoridad asegur\u00f3 que se est\u00e1 trabajando en dar tranquilidad a los vecinos.<br \/>\n\u201cHoy d\u00eda junto a los dirigentes, escuchamos por parte de Serviu y los organismos t\u00e9cnicos esta lamentable noticia que la empresa les ha informado hoy que ha quebrado. Tambi\u00e9n nos han informado de los resguardos legales y econ\u00f3micos que hay, adem\u00e1s vamos a tener reuniones peri\u00f3dicas para avanzar en una soluci\u00f3n. Nadie quiso esto, pero hay que darle tranquilidad a la gente que los construido est\u00e1 y los recursos est\u00e1n resguardados para poder continuar con las obras\u201d, se\u00f1al\u00f3 el gobernador Eduardo Le\u00f3n.<br \/>\nPor su parte la representante del Serviu asegur\u00f3 que:\u201cEst\u00e1bamos trabajando por el tema de insolvencia de la empresa. Ten\u00edamos dos alternativas, era una sesi\u00f3n de cr\u00e9dito y una sesi\u00f3n de contrato, lo que les hab\u00eda yo mencionado y aclarando la prensa de la semana pasada. Lamentablemente nos enteramos hoy en la ma\u00f1ana que la empresa est\u00e1 trabajando en la quiebra y yo estaba en Valpara\u00edso cuando me enter\u00e9 de la situaci\u00f3n, llam\u00e9 al Gobernador para avisarle, di la informaci\u00f3n al director regional Carlos Contador e inmediatamente me contact\u00e9 con el Departamento jur\u00eddico, t\u00e9cnico y de finanzas para ver los pasos a seguir. No hay muchas alternativas, tenemos que esperar la respuesta de estas dos empresas interesadas en hacerse cargo del proyecto \u2018Futura Casa\u2019 y darle una respuesta satisfactoria a las familias del comit\u00e9 y a los dirigentes\u201d, explic\u00f3 Natalia R\u00edos, delegada provincial del Serviu.<br \/>\nPor su parte Carlos Carrillo, asistente t\u00e9cnico del proyecto \u2018Futura Casa\u2019 se\u00f1al\u00f3 que: \u201cEn esta reuni\u00f3n se inform\u00f3 a la autoridad y a los dirigentes de los vecinos sobre el estado actual del proyecto del \u2018Comit\u00e9 Futura Casa\u2019. Que si bien se sabe hace 30 d\u00edas sobre los problemas econ\u00f3micos de la empresa constructora, hoy d\u00eda nos enteramos por informaci\u00f3n directa de su representante legal que se est\u00e1 solicitando la quiebra y eso para nosotros abre una serie de tareas urgentes distintas a las que se trabajaron porque solo se sab\u00eda que era un problema de insolvencia y se estaban buscando empresas que puedan continuar con el proyecto y continuar la construcci\u00f3n sin mayores problemas. La situaci\u00f3n de quiebra obliga a solicitar liquidaci\u00f3n del contrato y cobrar la boleta de garant\u00eda. Hacer los tr\u00e1mites y con ello poder visualizar la contrataci\u00f3n de una nueva empresa\u201d, cont\u00f3<br \/>\nFinalmente el representante del Comit\u00e9 expres\u00f3 que: \u201cEstamos contentos con la directiva por juntarnos con el gobernador y la jefa del Serviu para ver una soluci\u00f3n y ver que constructora pude seguir construyendo. Ma\u00f1ana vamos a tener una reuni\u00f3n con las autoridades para ver qu\u00e9 empresa viene para seguir construyendo y dar la fecha comienza. Sabemos que quebraron y que la gente no est\u00e9 nerviosa porque estamos trabajando con todo para ver una soluci\u00f3n luego y comenzar a trabajar en la construcci\u00f3n de nuestro proyecto\u201d, se\u00f1al\u00f3 Miguel Torres, presidente del \u2018Comit\u00e9 Futura Casa\u2019.<\/p>\n<figure id=\"attachment_72438\" aria-describedby=\"caption-attachment-72438\" style=\"width: 530px\" class=\"wp-caption alignleft\"><a href=\"http:\/\/www.eltrabajo.cl\/portal\/analizan-quiebre-de-empresa-que-construia-viviendas-a-estafados-en-encon\/comite-futura-casa-2\/\" rel=\"attachment wp-att-72438\"><img data-recalc-dims=\"1\" loading=\"lazy\" decoding=\"async\" class=\"size-full wp-image-72438\" src=\"https:\/\/i0.wp.com\/www.eltrabajo.cl\/portal\/wp-content\/uploads\/2016\/08\/COMITE-FUTURA-CASA.jpg?resize=530%2C349\" alt=\"Durante la tarde del pasado lunes, el gobernador Eduardo Le\u00f3n, junto a Natalia R\u00edos, delegada provincial del Serviu se reuni\u00f3 con los dirigentes del \u2018Comit\u00e9 Futura Casa\u2019 de San Felipe.\" width=\"530\" height=\"349\" srcset=\"https:\/\/i0.wp.com\/eltrabajo.cl\/portal\/wp-content\/uploads\/2016\/08\/COMITE-FUTURA-CASA.jpg?w=530&amp;ssl=1 530w, https:\/\/i0.wp.com\/eltrabajo.cl\/portal\/wp-content\/uploads\/2016\/08\/COMITE-FUTURA-CASA.jpg?resize=200%2C132&amp;ssl=1 200w, https:\/\/i0.wp.com\/eltrabajo.cl\/portal\/wp-content\/uploads\/2016\/08\/COMITE-FUTURA-CASA.jpg?resize=300%2C198&amp;ssl=1 300w, https:\/\/i0.wp.com\/eltrabajo.cl\/portal\/wp-content\/uploads\/2016\/08\/COMITE-FUTURA-CASA.jpg?resize=228%2C150&amp;ssl=1 228w, https:\/\/i0.wp.com\/eltrabajo.cl\/portal\/wp-content\/uploads\/2016\/08\/COMITE-FUTURA-CASA.jpg?resize=400%2C263&amp;ssl=1 400w\" sizes=\"auto, (max-width: 530px) 100vw, 530px\" \/><\/a><figcaption id=\"caption-attachment-72438\" class=\"wp-caption-text\">Durante la tarde del pasado lunes, el gobernador Eduardo Le\u00f3n, junto a Natalia R\u00edos, delegada provincial del Serviu se reuni\u00f3 con los dirigentes del \u2018Comit\u00e9 Futura Casa\u2019 de San Felipe.<\/figcaption><\/figure>\n","protected":false},"excerpt":{"rendered":"<p>Autoridades ya se encuentran trabajando:\u00a0Las partes interesadas en el proyecto, se est\u00e1n movilizando para buscar otra empresa que retome el proceso de edificaci\u00f3n de este esperado proyecto. Durante la tarde de ayer&#8230;<\/p>\n","protected":false},"author":1,"featured_media":72438,"comment_status":"open","ping_status":"open","sticky":false,"template":"","format":"standard","meta":{"advanced_seo_description":"","jetpack_seo_html_title":"","jetpack_seo_noindex":false,"_jetpack_memberships_contains_paid_content":false,"footnotes":""},"categories":[1],"tags":[],"class_list":["post-72437","post","type-post","status-publish","format-standard","has-post-thumbnail","hentry","category-cronica"],"jetpack_featured_media_url":"https:\/\/i0.wp.com\/eltrabajo.cl\/portal\/wp-content\/uploads\/2016\/08\/COMITE-FUTURA-CASA.jpg?fit=530%2C349&ssl=1","jetpack_sharing_enabled":true,"jetpack_likes_enabled":true,"jetpack-related-posts":[],"_links":{"self":[{"href":"https:\/\/eltrabajo.cl\/portal\/wp-json\/wp\/v2\/posts\/72437","targetHints":{"allow":["GET"]}}],"collection":[{"href":"https:\/\/eltrabajo.cl\/portal\/wp-json\/wp\/v2\/posts"}],"about":[{"href":"https:\/\/eltrabajo.cl\/portal\/wp-json\/wp\/v2\/types\/post"}],"author":[{"embeddable":true,"href":"https:\/\/eltrabajo.cl\/portal\/wp-json\/wp\/v2\/users\/1"}],"replies":[{"embeddable":true,"href":"https:\/\/eltrabajo.cl\/portal\/wp-json\/wp\/v2\/comments?post=72437"}],"version-history":[{"count":0,"href":"https:\/\/eltrabajo.cl\/portal\/wp-json\/wp\/v2\/posts\/72437\/revisions"}],"wp:featuredmedia":[{"embeddable":true,"href":"https:\/\/eltrabajo.cl\/portal\/wp-json\/wp\/v2\/media\/72438"}],"wp:attachment":[{"href":"https:\/\/eltrabajo.cl\/portal\/wp-json\/wp\/v2\/media?parent=72437"}],"wp:term":[{"taxonomy":"category","embeddable":true,"href":"https:\/\/eltrabajo.cl\/portal\/wp-json\/wp\/v2\/categories?post=72437"},{"taxonomy":"post_tag","embeddable":true,"href":"https:\/\/eltrabajo.cl\/portal\/wp-json\/wp\/v2\/tags?post=72437"}],"curies":[{"name":"wp","href":"https:\/\/api.w.org\/{rel}","templated":true}]}}