{"id":72441,"date":"2016-08-03T09:44:27","date_gmt":"2016-08-03T13:44:27","guid":{"rendered":"http:\/\/www.eltrabajo.cl\/portal\/?p=72441"},"modified":"2016-08-03T09:44:27","modified_gmt":"2016-08-03T13:44:27","slug":"mas-de-200-alumnas-disfrutaron-programa-de-actividades-saludables","status":"publish","type":"post","link":"https:\/\/eltrabajo.cl\/portal\/mas-de-200-alumnas-disfrutaron-programa-de-actividades-saludables\/","title":{"rendered":"M\u00e1s de 200 alumnas disfrutaron programa de actividades saludables"},"content":{"rendered":"<ul>\n<li><strong>Programa Mujer y Deporte en Liceo Corina Urbina:<\/strong><\/li>\n<\/ul>\n<p>Fueron m\u00e1s de 200 alumnas del Liceo Corina Urbina de San Felipe bailaron animadamente por m\u00e1s de un hora, junto al Team IND, en un nuevo evento del Programa Mujer y Deporte.<br \/>\nLa actividad se ha desarrollado por cuarto a\u00f1o consecutivo y junto a una activaci\u00f3n deportiva, las estudiantes bailaron al ritmo de la zumba, y las m\u00e1s entusiastas recibieron premios.<br \/>\nEl Programa Mujer y Deporte forma parte de los programas de participaci\u00f3n social, que busca la inclusi\u00f3n deportiva de ni\u00f1os, j\u00f3venes, adultos y adultos mayores, con talleres gratuitos en toda la regi\u00f3n. El director regional del IND, Jorge D\u00edaz particip\u00f3 de la actividad y destac\u00f3 el entusiasmo de las estudiantes. \u201cNos vamos muy satisfechos de ver c\u00f3mo estas ni\u00f1as y j\u00f3venes bailan y disfrutan animadamente de una jornada deportiva. Esta instituci\u00f3n se destaca adem\u00e1s por su logros deportivos en competencias nuestras como los Juegos Escolares y Binacionales, con sus selecciones de voleibol y baloncesto\u201d.<br \/>\nA nivel regional el Programa Mujer y Deporte cuenta con 80 talleres y en la Provincia de San Felipe se ejecutan cuatro talleres, con dos en San Felipe y uno en Llay Llay y Catemu. Entre las actividades que se desarrollan en el programa est\u00e1n: zumba, entrenamiento funcional, baile entretenido, hidrogimnasia, nataci\u00f3n y bicicleta indoor.<\/p>\n<figure id=\"attachment_72442\" aria-describedby=\"caption-attachment-72442\" style=\"width: 530px\" class=\"wp-caption alignleft\"><a href=\"http:\/\/www.eltrabajo.cl\/portal\/mas-de-200-alumnas-disfrutaron-programa-de-actividades-saludables\/premiacion\/\" rel=\"attachment wp-att-72442\"><img data-recalc-dims=\"1\" loading=\"lazy\" decoding=\"async\" class=\"size-full wp-image-72442\" src=\"https:\/\/i0.wp.com\/www.eltrabajo.cl\/portal\/wp-content\/uploads\/2016\/08\/PREMIACION.jpg?resize=530%2C349\" alt=\"El Programa Mujer y Deporte premi\u00f3 orgullosamente a las estudiantes m\u00e1s entusiastas y comprometidas con el evento.\" width=\"530\" height=\"349\" srcset=\"https:\/\/i0.wp.com\/eltrabajo.cl\/portal\/wp-content\/uploads\/2016\/08\/PREMIACION.jpg?w=530&amp;ssl=1 530w, https:\/\/i0.wp.com\/eltrabajo.cl\/portal\/wp-content\/uploads\/2016\/08\/PREMIACION.jpg?resize=200%2C132&amp;ssl=1 200w, https:\/\/i0.wp.com\/eltrabajo.cl\/portal\/wp-content\/uploads\/2016\/08\/PREMIACION.jpg?resize=300%2C198&amp;ssl=1 300w, https:\/\/i0.wp.com\/eltrabajo.cl\/portal\/wp-content\/uploads\/2016\/08\/PREMIACION.jpg?resize=228%2C150&amp;ssl=1 228w, https:\/\/i0.wp.com\/eltrabajo.cl\/portal\/wp-content\/uploads\/2016\/08\/PREMIACION.jpg?resize=400%2C263&amp;ssl=1 400w\" sizes=\"auto, (max-width: 530px) 100vw, 530px\" \/><\/a><figcaption id=\"caption-attachment-72442\" class=\"wp-caption-text\">El Programa Mujer y Deporte premi\u00f3 orgullosamente a las estudiantes m\u00e1s entusiastas y comprometidas con el evento.<\/figcaption><\/figure>\n<figure id=\"attachment_72443\" aria-describedby=\"caption-attachment-72443\" style=\"width: 530px\" class=\"wp-caption alignleft\"><a href=\"http:\/\/www.eltrabajo.cl\/portal\/mas-de-200-alumnas-disfrutaron-programa-de-actividades-saludables\/liceo-de-ninas-01\/\" rel=\"attachment wp-att-72443\"><img data-recalc-dims=\"1\" loading=\"lazy\" decoding=\"async\" class=\"size-full wp-image-72443\" src=\"https:\/\/i0.wp.com\/www.eltrabajo.cl\/portal\/wp-content\/uploads\/2016\/08\/LICEO-DE-NI%C3%91AS-01.jpg?resize=530%2C350\" alt=\"Las alumnas pudieron divertirse sanamente a trav\u00e9s de esta interesante actividad deportiva.\" width=\"530\" height=\"350\" srcset=\"https:\/\/i0.wp.com\/eltrabajo.cl\/portal\/wp-content\/uploads\/2016\/08\/LICEO-DE-NI%C3%91AS-01.jpg?w=530&amp;ssl=1 530w, https:\/\/i0.wp.com\/eltrabajo.cl\/portal\/wp-content\/uploads\/2016\/08\/LICEO-DE-NI%C3%91AS-01.jpg?resize=200%2C132&amp;ssl=1 200w, https:\/\/i0.wp.com\/eltrabajo.cl\/portal\/wp-content\/uploads\/2016\/08\/LICEO-DE-NI%C3%91AS-01.jpg?resize=300%2C198&amp;ssl=1 300w, https:\/\/i0.wp.com\/eltrabajo.cl\/portal\/wp-content\/uploads\/2016\/08\/LICEO-DE-NI%C3%91AS-01.jpg?resize=227%2C150&amp;ssl=1 227w, https:\/\/i0.wp.com\/eltrabajo.cl\/portal\/wp-content\/uploads\/2016\/08\/LICEO-DE-NI%C3%91AS-01.jpg?resize=400%2C264&amp;ssl=1 400w\" sizes=\"auto, (max-width: 530px) 100vw, 530px\" \/><\/a><figcaption id=\"caption-attachment-72443\" class=\"wp-caption-text\">Las alumnas pudieron divertirse sanamente a trav\u00e9s de esta interesante actividad deportiva.<\/figcaption><\/figure>\n","protected":false},"excerpt":{"rendered":"<p>Programa Mujer y Deporte en Liceo Corina Urbina: Fueron m\u00e1s de 200 alumnas del Liceo Corina Urbina de San Felipe bailaron animadamente por m\u00e1s de un hora, junto al Team IND, en&#8230;<\/p>\n","protected":false},"author":1,"featured_media":0,"comment_status":"open","ping_status":"open","sticky":false,"template":"","format":"standard","meta":{"advanced_seo_description":"","jetpack_seo_html_title":"","jetpack_seo_noindex":false,"_jetpack_memberships_contains_paid_content":false,"footnotes":""},"categories":[1],"tags":[],"class_list":["post-72441","post","type-post","status-publish","format-standard","hentry","category-cronica"],"jetpack_featured_media_url":"","jetpack_sharing_enabled":true,"jetpack_likes_enabled":true,"jetpack-related-posts":[],"_links":{"self":[{"href":"https:\/\/eltrabajo.cl\/portal\/wp-json\/wp\/v2\/posts\/72441","targetHints":{"allow":["GET"]}}],"collection":[{"href":"https:\/\/eltrabajo.cl\/portal\/wp-json\/wp\/v2\/posts"}],"about":[{"href":"https:\/\/eltrabajo.cl\/portal\/wp-json\/wp\/v2\/types\/post"}],"author":[{"embeddable":true,"href":"https:\/\/eltrabajo.cl\/portal\/wp-json\/wp\/v2\/users\/1"}],"replies":[{"embeddable":true,"href":"https:\/\/eltrabajo.cl\/portal\/wp-json\/wp\/v2\/comments?post=72441"}],"version-history":[{"count":0,"href":"https:\/\/eltrabajo.cl\/portal\/wp-json\/wp\/v2\/posts\/72441\/revisions"}],"wp:attachment":[{"href":"https:\/\/eltrabajo.cl\/portal\/wp-json\/wp\/v2\/media?parent=72441"}],"wp:term":[{"taxonomy":"category","embeddable":true,"href":"https:\/\/eltrabajo.cl\/portal\/wp-json\/wp\/v2\/categories?post=72441"},{"taxonomy":"post_tag","embeddable":true,"href":"https:\/\/eltrabajo.cl\/portal\/wp-json\/wp\/v2\/tags?post=72441"}],"curies":[{"name":"wp","href":"https:\/\/api.w.org\/{rel}","templated":true}]}}