{"id":72447,"date":"2016-08-03T09:46:37","date_gmt":"2016-08-03T13:46:37","guid":{"rendered":"http:\/\/www.eltrabajo.cl\/portal\/?p=72447"},"modified":"2016-08-03T09:46:37","modified_gmt":"2016-08-03T13:46:37","slug":"todo-listo-para-la-i-copa-de-artes-marciales-diario-el-trabajo-2016","status":"publish","type":"post","link":"https:\/\/eltrabajo.cl\/portal\/todo-listo-para-la-i-copa-de-artes-marciales-diario-el-trabajo-2016\/","title":{"rendered":"Todo listo para la I Copa de Artes Marciales Diario El Trabajo 2016"},"content":{"rendered":"<ul>\n<li><strong>Tres copas hay para los tres mejores karatekas del torneo:<\/strong><\/li>\n<\/ul>\n<p>La I Copa de Artes Marciales Diario El Trabajo 2016, que se disputar\u00e1n desde las 10:30 horas los mejores cintos negros del pa\u00eds el pr\u00f3ximo domingo en el marco del 276 aniversario de nuestra comuna, ha generado gran expectaci\u00f3n entre los amantes a este explosivo deporte de contacto en todo Aconcagua.<br \/>\nLa jornada se desarrollar\u00e1 en el gimnasio del Roberto Humeres; es organizada por el Sensei V\u00edctor Caballero Astudillo de Hodori Karate San Felipe, y cuenta con el auspicio tambi\u00e9n de Joyer\u00eda Donde Lalito, de San Felipe.<\/p>\n<p><strong>SIEMPRE \u2018LALITO\u2019<\/strong><br \/>\nDiario El Trabajo habl\u00f3 con don Luis C\u00e1rcamo, quien don\u00f3 la copa principal de este campeonato, \u00abpara m\u00ed es un honor tambi\u00e9n el poder aportar a las jornadas de trabajo deportivo que don V\u00edctor viene desarrollando desde hace a\u00f1os, y el saber que Diario El Trabajo est\u00e1 apoyando siempre el deporte de nuestros ni\u00f1os y j\u00f3venes, pues me anima tambi\u00e9n a ponerle empe\u00f1o y unirme a esta misi\u00f3n de prevenci\u00f3n para que nuestra juventud no llegue a transitar los malos pasos, ojala que estos karatekas sean tambi\u00e9n dignos del trofeo, pues ha sido donado con mucho cari\u00f1o\u00bb, dijo el empresario.<\/p>\n<p><strong>NUESTRO PERIODISMO<\/strong><br \/>\nLa diagramadora de Diario El Trabajo, Ang\u00e9lica Juri, coment\u00f3 con alegr\u00eda su satisfacci\u00f3n por este gran torneo, \u00abcomo medio de comunicaci\u00f3n estamos muy honrados, gracias a don Luis C\u00e1rcamo y a don V\u00edctor Caballero, por destacar tambi\u00e9n nuestra labor informativa en el campo del deporte comunitario, el que hacemos con much\u00edsimo gusto todos quienes laboramos en Diario El Trabajo\u00bb, detall\u00f3 Juri.<br \/>\nNuestro medio habl\u00f3 con V\u00edctor Caballero sobre este duelo de luchadores, \u00abeste Champion se llama \u2018Copa Diario El Trabajo\u2019 porque como deportistas sanfelipe\u00f1os queremos agradecer a este peri\u00f3dico sanfelipe\u00f1o todo el apoyo que nos brinda a lo largo de cada a\u00f1o. Est\u00e1n convocados unos 50 cinturones negros, las escuelas que participar\u00e1n lo har\u00e1n s\u00f3lo por invitaci\u00f3n. El trofeo principal, una copa modelo \u2018Beijing\u2019, la que mide 84cm. de alto x 16 de base, est\u00e1 siendo donada por el propietario de \u2018Joyer\u00eda Donde Lalo\u2019, don Luis \u2018Lalito\u2019 C\u00e1rcamo, la que est\u00e1 ubicada en Salinas 1142A\u00bb, inform\u00f3 Caballero.<\/p>\n<p><strong>PURO KARATE<\/strong><br \/>\nSeg\u00fan inform\u00f3 el organizador, hay dos copas m\u00e1s para el segundo y tercer lugar del torneo. Es importante detallar que ese mismo d\u00eda en el mismo gimnasio y en la misma jornada, se desarrollar\u00eda el XV Campeonato de Artes Marciales Copa San Felipe El Real, tambi\u00e9n organizada por Caballero Astudillo, as\u00ed que todos nuestros lectores quedan invitados a disfrutar de esta gran jornada deportiva.<br \/>\n<strong>Roberto Gonz\u00e1lez Short<\/strong><\/p>\n<figure id=\"attachment_72448\" aria-describedby=\"caption-attachment-72448\" style=\"width: 530px\" class=\"wp-caption alignleft\"><a href=\"http:\/\/www.eltrabajo.cl\/portal\/todo-listo-para-la-i-copa-de-artes-marciales-diario-el-trabajo-2016\/angelica-juri-2\/\" rel=\"attachment wp-att-72448\"><img data-recalc-dims=\"1\" loading=\"lazy\" decoding=\"async\" class=\"size-full wp-image-72448\" src=\"https:\/\/i0.wp.com\/www.eltrabajo.cl\/portal\/wp-content\/uploads\/2016\/08\/Angelica-Juri.jpg?resize=530%2C348\" alt=\"ESTA ES LA COPA.- Ang\u00e9lica Juri, diagramadora de Diario El Trabajo, muestra orgullosa la enorme copa que ganar\u00e1 el mejor cintur\u00f3n negro este domingo.\" width=\"530\" height=\"348\" srcset=\"https:\/\/i0.wp.com\/eltrabajo.cl\/portal\/wp-content\/uploads\/2016\/08\/Angelica-Juri.jpg?w=530&amp;ssl=1 530w, https:\/\/i0.wp.com\/eltrabajo.cl\/portal\/wp-content\/uploads\/2016\/08\/Angelica-Juri.jpg?resize=200%2C131&amp;ssl=1 200w, https:\/\/i0.wp.com\/eltrabajo.cl\/portal\/wp-content\/uploads\/2016\/08\/Angelica-Juri.jpg?resize=300%2C197&amp;ssl=1 300w, https:\/\/i0.wp.com\/eltrabajo.cl\/portal\/wp-content\/uploads\/2016\/08\/Angelica-Juri.jpg?resize=228%2C150&amp;ssl=1 228w, https:\/\/i0.wp.com\/eltrabajo.cl\/portal\/wp-content\/uploads\/2016\/08\/Angelica-Juri.jpg?resize=400%2C263&amp;ssl=1 400w\" sizes=\"auto, (max-width: 530px) 100vw, 530px\" \/><\/a><figcaption id=\"caption-attachment-72448\" class=\"wp-caption-text\">ESTA ES LA COPA.- Ang\u00e9lica Juri, diagramadora de Diario El Trabajo, muestra orgullosa la enorme copa que ganar\u00e1 el mejor cintur\u00f3n negro este domingo.<\/figcaption><\/figure>\n<figure id=\"attachment_72449\" aria-describedby=\"caption-attachment-72449\" style=\"width: 530px\" class=\"wp-caption alignleft\"><a href=\"http:\/\/www.eltrabajo.cl\/portal\/todo-listo-para-la-i-copa-de-artes-marciales-diario-el-trabajo-2016\/luis-carcamo\/\" rel=\"attachment wp-att-72449\"><img data-recalc-dims=\"1\" loading=\"lazy\" decoding=\"async\" class=\"size-full wp-image-72449\" src=\"https:\/\/i0.wp.com\/www.eltrabajo.cl\/portal\/wp-content\/uploads\/2016\/08\/Luis-Carcamo.jpg?resize=530%2C348\" alt=\"SIEMPRE LALITO.- Luis \u2018Lalito\u2019 C\u00e1rcamo es quien don\u00f3 la copa principal de nuestro torneo de Artes Marciales que se disputar\u00e1 este domingo.\" width=\"530\" height=\"348\" srcset=\"https:\/\/i0.wp.com\/eltrabajo.cl\/portal\/wp-content\/uploads\/2016\/08\/Luis-Carcamo.jpg?w=530&amp;ssl=1 530w, https:\/\/i0.wp.com\/eltrabajo.cl\/portal\/wp-content\/uploads\/2016\/08\/Luis-Carcamo.jpg?resize=200%2C131&amp;ssl=1 200w, https:\/\/i0.wp.com\/eltrabajo.cl\/portal\/wp-content\/uploads\/2016\/08\/Luis-Carcamo.jpg?resize=300%2C197&amp;ssl=1 300w, https:\/\/i0.wp.com\/eltrabajo.cl\/portal\/wp-content\/uploads\/2016\/08\/Luis-Carcamo.jpg?resize=228%2C150&amp;ssl=1 228w, https:\/\/i0.wp.com\/eltrabajo.cl\/portal\/wp-content\/uploads\/2016\/08\/Luis-Carcamo.jpg?resize=400%2C263&amp;ssl=1 400w\" sizes=\"auto, (max-width: 530px) 100vw, 530px\" \/><\/a><figcaption id=\"caption-attachment-72449\" class=\"wp-caption-text\">SIEMPRE LALITO.- Luis \u2018Lalito\u2019 C\u00e1rcamo es quien don\u00f3 la copa principal de nuestro torneo de Artes Marciales que se disputar\u00e1 este domingo.<\/figcaption><\/figure>\n<figure id=\"attachment_72450\" aria-describedby=\"caption-attachment-72450\" style=\"width: 530px\" class=\"wp-caption alignleft\"><a href=\"http:\/\/www.eltrabajo.cl\/portal\/todo-listo-para-la-i-copa-de-artes-marciales-diario-el-trabajo-2016\/victor-caballero-2\/\" rel=\"attachment wp-att-72450\"><img data-recalc-dims=\"1\" loading=\"lazy\" decoding=\"async\" class=\"size-full wp-image-72450\" src=\"https:\/\/i0.wp.com\/www.eltrabajo.cl\/portal\/wp-content\/uploads\/2016\/08\/Victor-Caballero.jpg?resize=530%2C350\" alt=\"EL GRAN SENSEI.- Don V\u00edctor Caballero muestra las dos copas para segundo y tercer lugar, \u00e9l es un gran deportista aconcag\u00fcino y desarrollador de fulminantes torneos de artes marciales en Chile. \" width=\"530\" height=\"350\" srcset=\"https:\/\/i0.wp.com\/eltrabajo.cl\/portal\/wp-content\/uploads\/2016\/08\/Victor-Caballero.jpg?w=530&amp;ssl=1 530w, https:\/\/i0.wp.com\/eltrabajo.cl\/portal\/wp-content\/uploads\/2016\/08\/Victor-Caballero.jpg?resize=200%2C132&amp;ssl=1 200w, https:\/\/i0.wp.com\/eltrabajo.cl\/portal\/wp-content\/uploads\/2016\/08\/Victor-Caballero.jpg?resize=300%2C198&amp;ssl=1 300w, https:\/\/i0.wp.com\/eltrabajo.cl\/portal\/wp-content\/uploads\/2016\/08\/Victor-Caballero.jpg?resize=227%2C150&amp;ssl=1 227w, https:\/\/i0.wp.com\/eltrabajo.cl\/portal\/wp-content\/uploads\/2016\/08\/Victor-Caballero.jpg?resize=400%2C264&amp;ssl=1 400w\" sizes=\"auto, (max-width: 530px) 100vw, 530px\" \/><\/a><figcaption id=\"caption-attachment-72450\" class=\"wp-caption-text\">EL GRAN SENSEI.- Don V\u00edctor Caballero muestra las dos copas para segundo y tercer lugar, \u00e9l es un gran deportista aconcag\u00fcino y desarrollador de fulminantes torneos de artes marciales en Chile.<\/figcaption><\/figure>\n","protected":false},"excerpt":{"rendered":"<p>Tres copas hay para los tres mejores karatekas del torneo: La I Copa de Artes Marciales Diario El Trabajo 2016, que se disputar\u00e1n desde las 10:30 horas los mejores cintos negros del&#8230;<\/p>\n","protected":false},"author":1,"featured_media":72450,"comment_status":"open","ping_status":"open","sticky":false,"template":"","format":"standard","meta":{"advanced_seo_description":"","jetpack_seo_html_title":"","jetpack_seo_noindex":false,"_jetpack_memberships_contains_paid_content":false,"footnotes":""},"categories":[15],"tags":[],"class_list":["post-72447","post","type-post","status-publish","format-standard","has-post-thumbnail","hentry","category-comunidad"],"jetpack_featured_media_url":"https:\/\/i0.wp.com\/eltrabajo.cl\/portal\/wp-content\/uploads\/2016\/08\/Victor-Caballero.jpg?fit=530%2C350&ssl=1","jetpack_sharing_enabled":true,"jetpack_likes_enabled":true,"jetpack-related-posts":[],"_links":{"self":[{"href":"https:\/\/eltrabajo.cl\/portal\/wp-json\/wp\/v2\/posts\/72447","targetHints":{"allow":["GET"]}}],"collection":[{"href":"https:\/\/eltrabajo.cl\/portal\/wp-json\/wp\/v2\/posts"}],"about":[{"href":"https:\/\/eltrabajo.cl\/portal\/wp-json\/wp\/v2\/types\/post"}],"author":[{"embeddable":true,"href":"https:\/\/eltrabajo.cl\/portal\/wp-json\/wp\/v2\/users\/1"}],"replies":[{"embeddable":true,"href":"https:\/\/eltrabajo.cl\/portal\/wp-json\/wp\/v2\/comments?post=72447"}],"version-history":[{"count":0,"href":"https:\/\/eltrabajo.cl\/portal\/wp-json\/wp\/v2\/posts\/72447\/revisions"}],"wp:featuredmedia":[{"embeddable":true,"href":"https:\/\/eltrabajo.cl\/portal\/wp-json\/wp\/v2\/media\/72450"}],"wp:attachment":[{"href":"https:\/\/eltrabajo.cl\/portal\/wp-json\/wp\/v2\/media?parent=72447"}],"wp:term":[{"taxonomy":"category","embeddable":true,"href":"https:\/\/eltrabajo.cl\/portal\/wp-json\/wp\/v2\/categories?post=72447"},{"taxonomy":"post_tag","embeddable":true,"href":"https:\/\/eltrabajo.cl\/portal\/wp-json\/wp\/v2\/tags?post=72447"}],"curies":[{"name":"wp","href":"https:\/\/api.w.org\/{rel}","templated":true}]}}