{"id":72453,"date":"2016-08-03T10:01:39","date_gmt":"2016-08-03T14:01:39","guid":{"rendered":"http:\/\/www.eltrabajo.cl\/portal\/?p=72453"},"modified":"2016-08-03T10:01:39","modified_gmt":"2016-08-03T14:01:39","slug":"desfile-en-sector-21-de-mayo-puso-a-todos-a-bailar-y-comer-empanadas","status":"publish","type":"post","link":"https:\/\/eltrabajo.cl\/portal\/desfile-en-sector-21-de-mayo-puso-a-todos-a-bailar-y-comer-empanadas\/","title":{"rendered":"Desfile en sector 21 de Mayo puso a todos a bailar y comer empanadas"},"content":{"rendered":"<p>Que no pare el carnaval. Pareciera ser lo que se debe decir si de celebrar nuestros 276 a\u00f1os se trata, pues ayer los vecinos de Bellavista; estudiantes de El Asiento; profesores de El Algarrobal; alumnos de todas las poblaciones, as\u00ed como autoridades de nuestra comuna y huasos de la zona, se volcaron con alegr\u00eda en un espectacular desfile de honor ofrecido en la 21 de Mayo.<br \/>\nNuevamente las c\u00e1maras de Diario El Trabajo registraron cada detalle de la jornada, una en donde hubo buena cueca; la buena m\u00fasica del Orfe\u00f3n Aconcagua; potencia del Regimiento Yungay y la alegr\u00eda de cientos de estudiantes de las escuelas municipalizadas.<\/p>\n<p><strong>EN DESARROLLO<\/strong><br \/>\nEl alcalde Patricio destac\u00f3 los logros que el Municipio y las juntas vecinales han venido gestionando para los vecinos del sector, \u00abson varios los generadores el\u00e9ctricos para los APR de varias poblaciones los que hemos instalado; mejoras en escuelas y hasta ya estamos proyectando crear algunos nuevos jardines infantiles, pavimentaci\u00f3n en varios sectores para mejorar la red de vialidad rural en toda esta zona, es por ello que celebrar este aniversario es tambi\u00e9n una oportunidad para brindar por el desarrollo de nuestras poblaciones de manera integral\u00bb, dijo el edil.<\/p>\n<p><strong>HOY EN LA PLAZA<\/strong><br \/>\nPocas palabras son las que podr\u00edan describir la alegr\u00eda de los m\u00e1s peque\u00f1os, todos quer\u00edan desfilar y mostrar el estandarte de sus escuelas, clubes del adulto mayor y tambi\u00e9n profesores con sus estudiantes. Hoy mi\u00e9rcoles el desfile principal se realizar\u00e1 desde las 11:00 horas en la plaza de Armas, a ese lugar, ya tradicional, llegar\u00e1n las Fuerzas Vivas de nuestra comuna, para festejar estos 276 a\u00f1os de existencia como comuna y cabecera de provincia.<br \/>\n<strong>Roberto Gonz\u00e1lez Short<\/strong><\/p>\n<figure id=\"attachment_72457\" aria-describedby=\"caption-attachment-72457\" style=\"width: 530px\" class=\"wp-caption alignleft\"><a href=\"http:\/\/www.eltrabajo.cl\/portal\/desfile-en-sector-21-de-mayo-puso-a-todos-a-bailar-y-comer-empanadas\/duendecitos33\/\" rel=\"attachment wp-att-72457\"><img data-recalc-dims=\"1\" loading=\"lazy\" decoding=\"async\" class=\"size-full wp-image-72457\" src=\"https:\/\/i0.wp.com\/www.eltrabajo.cl\/portal\/wp-content\/uploads\/2016\/08\/Duendecitos33.jpg?resize=530%2C350\" alt=\"DUENDECITOS.- Aqu\u00ed tenemos a los m\u00e1s peque\u00f1itos del desfile, ellos son los Duendecitos de El Algarrobal, quienes se robaron el coraz\u00f3n de los presentes.\" width=\"530\" height=\"350\" srcset=\"https:\/\/i0.wp.com\/eltrabajo.cl\/portal\/wp-content\/uploads\/2016\/08\/Duendecitos33.jpg?w=530&amp;ssl=1 530w, https:\/\/i0.wp.com\/eltrabajo.cl\/portal\/wp-content\/uploads\/2016\/08\/Duendecitos33.jpg?resize=200%2C132&amp;ssl=1 200w, https:\/\/i0.wp.com\/eltrabajo.cl\/portal\/wp-content\/uploads\/2016\/08\/Duendecitos33.jpg?resize=300%2C198&amp;ssl=1 300w, https:\/\/i0.wp.com\/eltrabajo.cl\/portal\/wp-content\/uploads\/2016\/08\/Duendecitos33.jpg?resize=227%2C150&amp;ssl=1 227w, https:\/\/i0.wp.com\/eltrabajo.cl\/portal\/wp-content\/uploads\/2016\/08\/Duendecitos33.jpg?resize=400%2C264&amp;ssl=1 400w\" sizes=\"auto, (max-width: 530px) 100vw, 530px\" \/><\/a><figcaption id=\"caption-attachment-72457\" class=\"wp-caption-text\">DUENDECITOS.- Aqu\u00ed tenemos a los m\u00e1s peque\u00f1itos del desfile, ellos son los Duendecitos de El Algarrobal, quienes se robaron el coraz\u00f3n de los presentes.<\/figcaption><\/figure>\n<figure id=\"attachment_72458\" aria-describedby=\"caption-attachment-72458\" style=\"width: 530px\" class=\"wp-caption alignleft\"><a href=\"http:\/\/www.eltrabajo.cl\/portal\/desfile-en-sector-21-de-mayo-puso-a-todos-a-bailar-y-comer-empanadas\/ellos33-3\/\" rel=\"attachment wp-att-72458\"><img data-recalc-dims=\"1\" loading=\"lazy\" decoding=\"async\" class=\"size-full wp-image-72458\" src=\"https:\/\/i0.wp.com\/www.eltrabajo.cl\/portal\/wp-content\/uploads\/2016\/08\/Ellos33.jpg?resize=530%2C349\" alt=\"GRANDE BELLAVISTA.- Aqu\u00ed vienen los chicos de la Escuela Carolina Ocampo, de Bellavista, con toda su alegr\u00eda y deslumbrante ritmo.\" width=\"530\" height=\"349\" srcset=\"https:\/\/i0.wp.com\/eltrabajo.cl\/portal\/wp-content\/uploads\/2016\/08\/Ellos33.jpg?w=530&amp;ssl=1 530w, https:\/\/i0.wp.com\/eltrabajo.cl\/portal\/wp-content\/uploads\/2016\/08\/Ellos33.jpg?resize=200%2C132&amp;ssl=1 200w, https:\/\/i0.wp.com\/eltrabajo.cl\/portal\/wp-content\/uploads\/2016\/08\/Ellos33.jpg?resize=300%2C198&amp;ssl=1 300w, https:\/\/i0.wp.com\/eltrabajo.cl\/portal\/wp-content\/uploads\/2016\/08\/Ellos33.jpg?resize=228%2C150&amp;ssl=1 228w, https:\/\/i0.wp.com\/eltrabajo.cl\/portal\/wp-content\/uploads\/2016\/08\/Ellos33.jpg?resize=400%2C263&amp;ssl=1 400w\" sizes=\"auto, (max-width: 530px) 100vw, 530px\" \/><\/a><figcaption id=\"caption-attachment-72458\" class=\"wp-caption-text\">GRANDE BELLAVISTA.- Aqu\u00ed vienen los chicos de la Escuela Carolina Ocampo, de Bellavista, con toda su alegr\u00eda y deslumbrante ritmo.<\/figcaption><\/figure>\n<figure id=\"attachment_72454\" aria-describedby=\"caption-attachment-72454\" style=\"width: 528px\" class=\"wp-caption alignleft\"><a href=\"http:\/\/www.eltrabajo.cl\/portal\/desfile-en-sector-21-de-mayo-puso-a-todos-a-bailar-y-comer-empanadas\/alga33\/\" rel=\"attachment wp-att-72454\"><img data-recalc-dims=\"1\" loading=\"lazy\" decoding=\"async\" class=\"size-full wp-image-72454\" src=\"https:\/\/i0.wp.com\/www.eltrabajo.cl\/portal\/wp-content\/uploads\/2016\/08\/Alga33.jpg?resize=528%2C349\" alt=\"JOVEN GENERACI\u00d3N.- Aqu\u00ed tenemos a la actual generaci\u00f3n estudiantil de la Escuela Heriberto Berm\u00fadez, de El Algarrobal.\" width=\"528\" height=\"349\" srcset=\"https:\/\/i0.wp.com\/eltrabajo.cl\/portal\/wp-content\/uploads\/2016\/08\/Alga33.jpg?w=528&amp;ssl=1 528w, https:\/\/i0.wp.com\/eltrabajo.cl\/portal\/wp-content\/uploads\/2016\/08\/Alga33.jpg?resize=200%2C132&amp;ssl=1 200w, https:\/\/i0.wp.com\/eltrabajo.cl\/portal\/wp-content\/uploads\/2016\/08\/Alga33.jpg?resize=300%2C198&amp;ssl=1 300w, https:\/\/i0.wp.com\/eltrabajo.cl\/portal\/wp-content\/uploads\/2016\/08\/Alga33.jpg?resize=227%2C150&amp;ssl=1 227w, https:\/\/i0.wp.com\/eltrabajo.cl\/portal\/wp-content\/uploads\/2016\/08\/Alga33.jpg?resize=400%2C264&amp;ssl=1 400w\" sizes=\"auto, (max-width: 528px) 100vw, 528px\" \/><\/a><figcaption id=\"caption-attachment-72454\" class=\"wp-caption-text\">JOVEN GENERACI\u00d3N.- Aqu\u00ed tenemos a la actual generaci\u00f3n estudiantil de la Escuela Heriberto Berm\u00fadez, de El Algarrobal.<\/figcaption><\/figure>\n<figure id=\"attachment_72455\" aria-describedby=\"caption-attachment-72455\" style=\"width: 530px\" class=\"wp-caption alignleft\"><a href=\"http:\/\/www.eltrabajo.cl\/portal\/desfile-en-sector-21-de-mayo-puso-a-todos-a-bailar-y-comer-empanadas\/bermudez33\/\" rel=\"attachment wp-att-72455\"><img data-recalc-dims=\"1\" loading=\"lazy\" decoding=\"async\" class=\"size-full wp-image-72455\" src=\"https:\/\/i0.wp.com\/www.eltrabajo.cl\/portal\/wp-content\/uploads\/2016\/08\/Bermudez33.jpg?resize=530%2C350\" alt=\"LA JUVENTUD IMPONE.- La Escuela Heriberto Berm\u00fadez, de El Algarrobal, alegr\u00f3 con sus j\u00f3venes estudiantes cada instante en que estuvieron en escena.\" width=\"530\" height=\"350\" srcset=\"https:\/\/i0.wp.com\/eltrabajo.cl\/portal\/wp-content\/uploads\/2016\/08\/Bermudez33.jpg?w=530&amp;ssl=1 530w, https:\/\/i0.wp.com\/eltrabajo.cl\/portal\/wp-content\/uploads\/2016\/08\/Bermudez33.jpg?resize=200%2C132&amp;ssl=1 200w, https:\/\/i0.wp.com\/eltrabajo.cl\/portal\/wp-content\/uploads\/2016\/08\/Bermudez33.jpg?resize=300%2C198&amp;ssl=1 300w, https:\/\/i0.wp.com\/eltrabajo.cl\/portal\/wp-content\/uploads\/2016\/08\/Bermudez33.jpg?resize=227%2C150&amp;ssl=1 227w, https:\/\/i0.wp.com\/eltrabajo.cl\/portal\/wp-content\/uploads\/2016\/08\/Bermudez33.jpg?resize=400%2C264&amp;ssl=1 400w\" sizes=\"auto, (max-width: 530px) 100vw, 530px\" \/><\/a><figcaption id=\"caption-attachment-72455\" class=\"wp-caption-text\">LA JUVENTUD IMPONE.- La Escuela Heriberto Berm\u00fadez, de El Algarrobal, alegr\u00f3 con sus j\u00f3venes estudiantes cada instante en que estuvieron en escena.<\/figcaption><\/figure>\n<figure id=\"attachment_72461\" aria-describedby=\"caption-attachment-72461\" style=\"width: 528px\" class=\"wp-caption alignleft\"><a href=\"http:\/\/www.eltrabajo.cl\/portal\/desfile-en-sector-21-de-mayo-puso-a-todos-a-bailar-y-comer-empanadas\/marjorie-gonzalez\/\" rel=\"attachment wp-att-72461\"><img data-recalc-dims=\"1\" loading=\"lazy\" decoding=\"async\" class=\"size-full wp-image-72461\" src=\"https:\/\/i0.wp.com\/www.eltrabajo.cl\/portal\/wp-content\/uploads\/2016\/08\/Marjorie-Gonzalez.jpg?resize=528%2C349\" alt=\"ELLOS LA SIGUEN.- La bella profesora Marjorie Gonz\u00e1lez, t\u00e9cnica parvulario de la Escuela Jos\u00e9 Bernardo Su\u00e1rez, de El Asiento, desfil\u00f3 acompa\u00f1ada de sus peque\u00f1os estudiantes.\" width=\"528\" height=\"349\" srcset=\"https:\/\/i0.wp.com\/eltrabajo.cl\/portal\/wp-content\/uploads\/2016\/08\/Marjorie-Gonzalez.jpg?w=528&amp;ssl=1 528w, https:\/\/i0.wp.com\/eltrabajo.cl\/portal\/wp-content\/uploads\/2016\/08\/Marjorie-Gonzalez.jpg?resize=200%2C132&amp;ssl=1 200w, https:\/\/i0.wp.com\/eltrabajo.cl\/portal\/wp-content\/uploads\/2016\/08\/Marjorie-Gonzalez.jpg?resize=300%2C198&amp;ssl=1 300w, https:\/\/i0.wp.com\/eltrabajo.cl\/portal\/wp-content\/uploads\/2016\/08\/Marjorie-Gonzalez.jpg?resize=227%2C150&amp;ssl=1 227w, https:\/\/i0.wp.com\/eltrabajo.cl\/portal\/wp-content\/uploads\/2016\/08\/Marjorie-Gonzalez.jpg?resize=400%2C264&amp;ssl=1 400w\" sizes=\"auto, (max-width: 528px) 100vw, 528px\" \/><\/a><figcaption id=\"caption-attachment-72461\" class=\"wp-caption-text\">ELLOS LA SIGUEN.- La bella profesora Marjorie Gonz\u00e1lez, t\u00e9cnica parvulario de la Escuela Jos\u00e9 Bernardo Su\u00e1rez, de El Asiento, desfil\u00f3 acompa\u00f1ada de sus peque\u00f1os estudiantes.<\/figcaption><\/figure>\n<figure id=\"attachment_72456\" aria-describedby=\"caption-attachment-72456\" style=\"width: 530px\" class=\"wp-caption alignleft\"><a href=\"http:\/\/www.eltrabajo.cl\/portal\/desfile-en-sector-21-de-mayo-puso-a-todos-a-bailar-y-comer-empanadas\/cueca1-17\/\" rel=\"attachment wp-att-72456\"><img data-recalc-dims=\"1\" loading=\"lazy\" decoding=\"async\" class=\"size-full wp-image-72456\" src=\"https:\/\/i0.wp.com\/www.eltrabajo.cl\/portal\/wp-content\/uploads\/2016\/08\/Cueca1-1.jpg?resize=530%2C350\" alt=\"NUESTROS CAMPEONES.- La intensidad de nuestros campeones regionales de cueca tambi\u00e9n se hizo presente en este colosal desfile.\" width=\"530\" height=\"350\" srcset=\"https:\/\/i0.wp.com\/eltrabajo.cl\/portal\/wp-content\/uploads\/2016\/08\/Cueca1-1.jpg?w=530&amp;ssl=1 530w, https:\/\/i0.wp.com\/eltrabajo.cl\/portal\/wp-content\/uploads\/2016\/08\/Cueca1-1.jpg?resize=200%2C132&amp;ssl=1 200w, https:\/\/i0.wp.com\/eltrabajo.cl\/portal\/wp-content\/uploads\/2016\/08\/Cueca1-1.jpg?resize=300%2C198&amp;ssl=1 300w, https:\/\/i0.wp.com\/eltrabajo.cl\/portal\/wp-content\/uploads\/2016\/08\/Cueca1-1.jpg?resize=227%2C150&amp;ssl=1 227w, https:\/\/i0.wp.com\/eltrabajo.cl\/portal\/wp-content\/uploads\/2016\/08\/Cueca1-1.jpg?resize=400%2C264&amp;ssl=1 400w\" sizes=\"auto, (max-width: 530px) 100vw, 530px\" \/><\/a><figcaption id=\"caption-attachment-72456\" class=\"wp-caption-text\">NUESTROS CAMPEONES.- La intensidad de nuestros campeones regionales de cueca tambi\u00e9n se hizo presente en este colosal desfile.<\/figcaption><\/figure>\n<figure id=\"attachment_72459\" aria-describedby=\"caption-attachment-72459\" style=\"width: 530px\" class=\"wp-caption alignleft\"><a href=\"http:\/\/www.eltrabajo.cl\/portal\/desfile-en-sector-21-de-mayo-puso-a-todos-a-bailar-y-comer-empanadas\/encachados\/\" rel=\"attachment wp-att-72459\"><img data-recalc-dims=\"1\" loading=\"lazy\" decoding=\"async\" class=\"size-full wp-image-72459\" src=\"https:\/\/i0.wp.com\/www.eltrabajo.cl\/portal\/wp-content\/uploads\/2016\/08\/encachados.jpg?resize=530%2C350\" alt=\"CHICHA Y EMPANADAS.- Hasta Roberto Gonz\u00e1lez Short, de Diario El Trabajo, y la directora de la Escuela Jos\u00e9 Bernardo Su\u00e1rez, dejaron un momento de lado sus c\u00e1maras y escuela para disfrutar de un buen trago de chicha, al lado, el concejal Dante Rodr\u00edguez con una buena empanada.\" width=\"530\" height=\"350\" srcset=\"https:\/\/i0.wp.com\/eltrabajo.cl\/portal\/wp-content\/uploads\/2016\/08\/encachados.jpg?w=530&amp;ssl=1 530w, https:\/\/i0.wp.com\/eltrabajo.cl\/portal\/wp-content\/uploads\/2016\/08\/encachados.jpg?resize=200%2C132&amp;ssl=1 200w, https:\/\/i0.wp.com\/eltrabajo.cl\/portal\/wp-content\/uploads\/2016\/08\/encachados.jpg?resize=300%2C198&amp;ssl=1 300w, https:\/\/i0.wp.com\/eltrabajo.cl\/portal\/wp-content\/uploads\/2016\/08\/encachados.jpg?resize=227%2C150&amp;ssl=1 227w, https:\/\/i0.wp.com\/eltrabajo.cl\/portal\/wp-content\/uploads\/2016\/08\/encachados.jpg?resize=400%2C264&amp;ssl=1 400w\" sizes=\"auto, (max-width: 530px) 100vw, 530px\" \/><\/a><figcaption id=\"caption-attachment-72459\" class=\"wp-caption-text\">CHICHA Y EMPANADAS.- Hasta Roberto Gonz\u00e1lez Short, de Diario El Trabajo, y la directora de la Escuela Jos\u00e9 Bernardo Su\u00e1rez, dejaron un momento de lado sus c\u00e1maras y escuela para disfrutar de un buen trago de chicha, al lado, el concejal Dante Rodr\u00edguez con una buena empanada.<\/figcaption><\/figure>\n<figure id=\"attachment_72460\" aria-describedby=\"caption-attachment-72460\" style=\"width: 300px\" class=\"wp-caption alignleft\"><a href=\"http:\/\/www.eltrabajo.cl\/portal\/desfile-en-sector-21-de-mayo-puso-a-todos-a-bailar-y-comer-empanadas\/freire1-8\/\" rel=\"attachment wp-att-72460\"><img data-recalc-dims=\"1\" loading=\"lazy\" decoding=\"async\" class=\"wp-image-72460 size-medium\" src=\"https:\/\/i0.wp.com\/www.eltrabajo.cl\/portal\/wp-content\/uploads\/2016\/08\/Freire1-300x197.jpg?resize=300%2C197\" alt=\"El alcalde Patricio Freire destac\u00f3 los proyectos desarrollados en ese sector.\" width=\"300\" height=\"197\" srcset=\"https:\/\/i0.wp.com\/eltrabajo.cl\/portal\/wp-content\/uploads\/2016\/08\/Freire1.jpg?resize=300%2C197&amp;ssl=1 300w, https:\/\/i0.wp.com\/eltrabajo.cl\/portal\/wp-content\/uploads\/2016\/08\/Freire1.jpg?resize=200%2C131&amp;ssl=1 200w, https:\/\/i0.wp.com\/eltrabajo.cl\/portal\/wp-content\/uploads\/2016\/08\/Freire1.jpg?resize=228%2C150&amp;ssl=1 228w, https:\/\/i0.wp.com\/eltrabajo.cl\/portal\/wp-content\/uploads\/2016\/08\/Freire1.jpg?resize=400%2C263&amp;ssl=1 400w, https:\/\/i0.wp.com\/eltrabajo.cl\/portal\/wp-content\/uploads\/2016\/08\/Freire1.jpg?w=530&amp;ssl=1 530w\" sizes=\"auto, (max-width: 300px) 100vw, 300px\" \/><\/a><figcaption id=\"caption-attachment-72460\" class=\"wp-caption-text\">El alcalde Patricio Freire destac\u00f3 los proyectos desarrollados en ese sector.<\/figcaption><\/figure>\n","protected":false},"excerpt":{"rendered":"<p>Que no pare el carnaval. Pareciera ser lo que se debe decir si de celebrar nuestros 276 a\u00f1os se trata, pues ayer los vecinos de Bellavista; estudiantes de El Asiento; profesores de&#8230;<\/p>\n","protected":false},"author":1,"featured_media":72457,"comment_status":"open","ping_status":"open","sticky":false,"template":"","format":"standard","meta":{"advanced_seo_description":"","jetpack_seo_html_title":"","jetpack_seo_noindex":false,"_jetpack_memberships_contains_paid_content":false,"footnotes":""},"categories":[15],"tags":[],"class_list":["post-72453","post","type-post","status-publish","format-standard","has-post-thumbnail","hentry","category-comunidad"],"jetpack_featured_media_url":"https:\/\/i0.wp.com\/eltrabajo.cl\/portal\/wp-content\/uploads\/2016\/08\/Duendecitos33.jpg?fit=530%2C350&ssl=1","jetpack_sharing_enabled":true,"jetpack_likes_enabled":true,"jetpack-related-posts":[],"_links":{"self":[{"href":"https:\/\/eltrabajo.cl\/portal\/wp-json\/wp\/v2\/posts\/72453","targetHints":{"allow":["GET"]}}],"collection":[{"href":"https:\/\/eltrabajo.cl\/portal\/wp-json\/wp\/v2\/posts"}],"about":[{"href":"https:\/\/eltrabajo.cl\/portal\/wp-json\/wp\/v2\/types\/post"}],"author":[{"embeddable":true,"href":"https:\/\/eltrabajo.cl\/portal\/wp-json\/wp\/v2\/users\/1"}],"replies":[{"embeddable":true,"href":"https:\/\/eltrabajo.cl\/portal\/wp-json\/wp\/v2\/comments?post=72453"}],"version-history":[{"count":0,"href":"https:\/\/eltrabajo.cl\/portal\/wp-json\/wp\/v2\/posts\/72453\/revisions"}],"wp:featuredmedia":[{"embeddable":true,"href":"https:\/\/eltrabajo.cl\/portal\/wp-json\/wp\/v2\/media\/72457"}],"wp:attachment":[{"href":"https:\/\/eltrabajo.cl\/portal\/wp-json\/wp\/v2\/media?parent=72453"}],"wp:term":[{"taxonomy":"category","embeddable":true,"href":"https:\/\/eltrabajo.cl\/portal\/wp-json\/wp\/v2\/categories?post=72453"},{"taxonomy":"post_tag","embeddable":true,"href":"https:\/\/eltrabajo.cl\/portal\/wp-json\/wp\/v2\/tags?post=72453"}],"curies":[{"name":"wp","href":"https:\/\/api.w.org\/{rel}","templated":true}]}}