{"id":72464,"date":"2016-08-03T10:05:03","date_gmt":"2016-08-03T14:05:03","guid":{"rendered":"http:\/\/www.eltrabajo.cl\/portal\/?p=72464"},"modified":"2016-08-03T10:05:03","modified_gmt":"2016-08-03T14:05:03","slug":"presunto-homicida-arriesga-12-anos-por-muerte-de-su-primo-arriero","status":"publish","type":"post","link":"https:\/\/eltrabajo.cl\/portal\/presunto-homicida-arriesga-12-anos-por-muerte-de-su-primo-arriero\/","title":{"rendered":"Presunto homicida arriesga 12 a\u00f1os por muerte de su primo arriero"},"content":{"rendered":"<ul>\n<li><strong>Imputado alega leg\u00edtima defensa tras batalla campal entre familiares en sector Ramadillas de Putaendo. Fiscal\u00eda acusa adem\u00e1s lesiones graves grav\u00edsimas, persiguiendo 7 a\u00f1os adicionales de presidio.<\/strong><\/li>\n<\/ul>\n<p>En la sala del Tribunal Oral en Lo Penal de San Felipe parti\u00f3 el juicio contra Urbano Fuenzalida Zamora, quien es acusado por la Fiscal\u00eda de homicidio simple de su primo Cristi\u00e1n D\u00edaz Fuenzalida, quien falleci\u00f3 v\u00edctima de una estocada en el t\u00f3rax con un cuchillo, tras una violenta ri\u00f1a entre un grupo de familiares el 28 de octubre de 2014 en el sector Ramadillas de Putaendo.<br \/>\nPor este crimen el fiscal jefe de San Felipe, Eduardo Fajardo De La Cuba, en los alegatos de apertura de ayer martes, persigue una pena que alcance los 12 a\u00f1os por este crimen. Durante la primera jornada que se extendi\u00f3 hasta cerca de las 17:00 horas, la Fiscal\u00eda fue presentando al estrado sus testigos para rearmar el d\u00eda del homicidio ante los jueces.<br \/>\nUrbano Fuenzalida Zamora, desde el d\u00eda que fue detenido, aleg\u00f3 haber actuado bajo leg\u00edtima defensa, tras enfrascarse en una violenta ri\u00f1a, aparentemente por rencillas anteriores, logrando arrebatar el cuchillo con el cual estaba siendo atacado y que tras un forcejeo accidentalmente se produjeron heridas entre ambos, causando la muerte de Cristi\u00e1n D\u00edaz Fuenzalida de 48 a\u00f1os de edad.<br \/>\nA ra\u00edz de estos enfrentamientos, el imputado result\u00f3 con una herida penetrante abdominal quedando internado en la UTI del Hospital San Camilo de San Felipe, lugar donde fue formalizado, quedando bajo la cautelar de prisi\u00f3n preventiva por presunto homicida.<br \/>\nLos primeros antecedentes policiales que se fueron develando el d\u00eda del crimen, bajo las pericias a cargo de la Brigada de Homicidios de la PDI, dan cuenta que el grupo de arrieros protagonista de estos hechos, se encontraba preparando un traslado de animales hasta la cordillera. De un momento a otro, una discusi\u00f3n provoc\u00f3 el enfrentamiento entre al menos diez familiares, transform\u00e1ndose en una verdadera batalla campal que se ti\u00f1\u00f3 de sangre.<\/p>\n<p><strong>UN MUERTO Y HERIDOS<\/strong><br \/>\nEl cuerpo del fallecido presentar\u00eda diversas heridas producidas por un cuchillo, asimismo otros familiares que se vieron envueltos en la ri\u00f1a, resultaron policontusos, uno de ellos con un trauma ocular grave, atribuy\u00e9ndose al imputado Urbano Fuenzalida Zamora, el delito de lesiones graves grav\u00edsimas, que podr\u00eda alcanzar, seg\u00fan la Fiscal\u00eda, siete a\u00f1os de presidio adicionales al homicidio.<br \/>\nEl Ministerio P\u00fablico adem\u00e1s acus\u00f3 al padre del imputado, Seraf\u00edn Fuenzalida Tejeda, de los cargos de lesiones graves a otra v\u00edctima, pudiendo ser condenado a una pena de 800 d\u00edas por su presunta participaci\u00f3n en la grave disputa familiar.<br \/>\nNo obstante, los jueces ordenaron un receso del juicio que se reanudar\u00e1 el d\u00eda de hoy mi\u00e9rcoles, donde participar\u00e1n testigos y peritos policiales de la Fiscal\u00eda, adem\u00e1s de los testimonios que elevar\u00e1 la Defensa, vislumbr\u00e1ndose culminar ma\u00f1ana jueves, cuando el Tribunal emita el veredicto de culpabilidad o absoluci\u00f3n de los cargos formulados por el Ministerio P\u00fablico.<br \/>\n<strong>Pablo Salinas Sald\u00edas<\/strong><\/p>\n<figure id=\"attachment_72465\" aria-describedby=\"caption-attachment-72465\" style=\"width: 530px\" class=\"wp-caption alignleft\"><a href=\"http:\/\/www.eltrabajo.cl\/portal\/presunto-homicida-arriesga-12-anos-por-muerte-de-su-primo-arriero\/dolor-1\/\" rel=\"attachment wp-att-72465\"><img data-recalc-dims=\"1\" loading=\"lazy\" decoding=\"async\" class=\"size-full wp-image-72465\" src=\"https:\/\/i0.wp.com\/www.eltrabajo.cl\/portal\/wp-content\/uploads\/2016\/08\/DOLOR-1.jpg?resize=530%2C349\" alt=\"Profundo dolor entre los familiares del occiso el d\u00eda del crimen.\" width=\"530\" height=\"349\" srcset=\"https:\/\/i0.wp.com\/eltrabajo.cl\/portal\/wp-content\/uploads\/2016\/08\/DOLOR-1.jpg?w=530&amp;ssl=1 530w, https:\/\/i0.wp.com\/eltrabajo.cl\/portal\/wp-content\/uploads\/2016\/08\/DOLOR-1.jpg?resize=200%2C132&amp;ssl=1 200w, https:\/\/i0.wp.com\/eltrabajo.cl\/portal\/wp-content\/uploads\/2016\/08\/DOLOR-1.jpg?resize=300%2C198&amp;ssl=1 300w, https:\/\/i0.wp.com\/eltrabajo.cl\/portal\/wp-content\/uploads\/2016\/08\/DOLOR-1.jpg?resize=228%2C150&amp;ssl=1 228w, https:\/\/i0.wp.com\/eltrabajo.cl\/portal\/wp-content\/uploads\/2016\/08\/DOLOR-1.jpg?resize=400%2C263&amp;ssl=1 400w\" sizes=\"auto, (max-width: 530px) 100vw, 530px\" \/><\/a><figcaption id=\"caption-attachment-72465\" class=\"wp-caption-text\">Profundo dolor entre los familiares del occiso el d\u00eda del crimen.<\/figcaption><\/figure>\n","protected":false},"excerpt":{"rendered":"<p>Imputado alega leg\u00edtima defensa tras batalla campal entre familiares en sector Ramadillas de Putaendo. Fiscal\u00eda acusa adem\u00e1s lesiones graves grav\u00edsimas, persiguiendo 7 a\u00f1os adicionales de presidio. En la sala del Tribunal Oral&#8230;<\/p>\n","protected":false},"author":1,"featured_media":72465,"comment_status":"open","ping_status":"open","sticky":false,"template":"","format":"standard","meta":{"advanced_seo_description":"","jetpack_seo_html_title":"","jetpack_seo_noindex":false,"_jetpack_memberships_contains_paid_content":false,"footnotes":""},"categories":[21],"tags":[],"class_list":["post-72464","post","type-post","status-publish","format-standard","has-post-thumbnail","hentry","category-policial"],"jetpack_featured_media_url":"https:\/\/i0.wp.com\/eltrabajo.cl\/portal\/wp-content\/uploads\/2016\/08\/DOLOR-1.jpg?fit=530%2C349&ssl=1","jetpack_sharing_enabled":true,"jetpack_likes_enabled":true,"jetpack-related-posts":[],"_links":{"self":[{"href":"https:\/\/eltrabajo.cl\/portal\/wp-json\/wp\/v2\/posts\/72464","targetHints":{"allow":["GET"]}}],"collection":[{"href":"https:\/\/eltrabajo.cl\/portal\/wp-json\/wp\/v2\/posts"}],"about":[{"href":"https:\/\/eltrabajo.cl\/portal\/wp-json\/wp\/v2\/types\/post"}],"author":[{"embeddable":true,"href":"https:\/\/eltrabajo.cl\/portal\/wp-json\/wp\/v2\/users\/1"}],"replies":[{"embeddable":true,"href":"https:\/\/eltrabajo.cl\/portal\/wp-json\/wp\/v2\/comments?post=72464"}],"version-history":[{"count":0,"href":"https:\/\/eltrabajo.cl\/portal\/wp-json\/wp\/v2\/posts\/72464\/revisions"}],"wp:featuredmedia":[{"embeddable":true,"href":"https:\/\/eltrabajo.cl\/portal\/wp-json\/wp\/v2\/media\/72465"}],"wp:attachment":[{"href":"https:\/\/eltrabajo.cl\/portal\/wp-json\/wp\/v2\/media?parent=72464"}],"wp:term":[{"taxonomy":"category","embeddable":true,"href":"https:\/\/eltrabajo.cl\/portal\/wp-json\/wp\/v2\/categories?post=72464"},{"taxonomy":"post_tag","embeddable":true,"href":"https:\/\/eltrabajo.cl\/portal\/wp-json\/wp\/v2\/tags?post=72464"}],"curies":[{"name":"wp","href":"https:\/\/api.w.org\/{rel}","templated":true}]}}