{"id":72468,"date":"2016-08-04T09:04:10","date_gmt":"2016-08-04T13:04:10","guid":{"rendered":"http:\/\/www.eltrabajo.cl\/portal\/?p=72468"},"modified":"2016-08-04T09:04:10","modified_gmt":"2016-08-04T13:04:10","slug":"el-sabado-festival-regional-de-coros-de-profesores-en-teatro-municipal","status":"publish","type":"post","link":"https:\/\/eltrabajo.cl\/portal\/el-sabado-festival-regional-de-coros-de-profesores-en-teatro-municipal\/","title":{"rendered":"El s\u00e1bado Festival Regional de Coros de Profesores en Teatro Municipal"},"content":{"rendered":"<ul>\n<li><strong>A las 16,30 horas, con entrada liberada:<\/strong><\/li>\n<\/ul>\n<p>Este s\u00e1bado a partir de las 16,30 horas se estar\u00e1 desarrollando El Festival Regional de Coros de Profesores, evento que se realizar\u00e1 en el Teatro Municipal de nuestra ciudad.<br \/>\nAs\u00ed lo inform\u00f3 Gloria Padilla, integrante y Encargada de Comunicaciones del Coro de Profesores de San Felipe, instituci\u00f3n que est\u00e1 formulando la invitaci\u00f3n a los sanfelipe\u00f1os participar de esta actividad musical.<br \/>\nEl Coro de Profesores de San Felipe, \u00fanico coro de docentes de la Quinta Regi\u00f3n, se presentar\u00e1 junto a otras cuatro agrupaciones pertenecientes a la Regi\u00f3n Metropolitana, como son el Coro de Profesores de El Bosque; Coro de Profesores Enrique Pifaut de San Bernardo; Coro de Profesores Mineduc y Coro de Profesores Demus (Universidad Metropolitana), todas agrupaciones corales pertenecientes a la Sociedad de\u00a0Coros de Profesores de Chile (Socoproch).<br \/>\nEste encuentro coral es una instancia cultural que cuenta con el apoyo de la Municipalidad de San Felipe y su objetivo es promover en la ciudadan\u00eda el amor por el arte musical, se\u00f1al\u00f3 Gloria Padilla, invitando a todos los amantes de la m\u00fasica coral a compartir un momento grato junto a los profesores de la Regi\u00f3n Metropolitana y Quinta Regi\u00f3n: \u00abSan Felipe cada vez vibra m\u00e1s fuerte con la m\u00fasica coral, por eso invitamos a todos los padres con sus hijos, para que \u00e9stos se motiven tambi\u00e9n a buscar un espacio en sus colegios donde cantar, aprender m\u00fasica y practicar el canto coral como actividad art\u00edstica que los desarrollar\u00e1 mejores estudiantes, mejores personas y para integrarse a la sociedad con una hermosa vida espiritual de amor a las artes musicales\u00bb.<br \/>\nFinalmente, Padilla inform\u00f3 que en esta ocasi\u00f3n participar\u00e1 como Coro Invitado, el Grupo Camerata Aconcagua y el Ballet Folcl\u00f3rico, ambos de San Felipe, destacando que la entrada es liberada por lo que se recomienda y agradece puntualidad para este gran Concierto Coral.<\/p>\n<figure id=\"attachment_72469\" aria-describedby=\"caption-attachment-72469\" style=\"width: 530px\" class=\"wp-caption alignleft\"><a href=\"http:\/\/www.eltrabajo.cl\/portal\/el-sabado-festival-regional-de-coros-de-profesores-en-teatro-municipal\/coro-de-profesores-2\/\" rel=\"attachment wp-att-72469\"><img data-recalc-dims=\"1\" loading=\"lazy\" decoding=\"async\" class=\"size-full wp-image-72469\" src=\"https:\/\/i0.wp.com\/www.eltrabajo.cl\/portal\/wp-content\/uploads\/2016\/08\/coro-de-profesores-2.jpg?resize=530%2C350\" alt=\"El actual Coro de Profesores de San Felipe. \" width=\"530\" height=\"350\" srcset=\"https:\/\/i0.wp.com\/eltrabajo.cl\/portal\/wp-content\/uploads\/2016\/08\/coro-de-profesores-2.jpg?w=530&amp;ssl=1 530w, https:\/\/i0.wp.com\/eltrabajo.cl\/portal\/wp-content\/uploads\/2016\/08\/coro-de-profesores-2.jpg?resize=200%2C132&amp;ssl=1 200w, https:\/\/i0.wp.com\/eltrabajo.cl\/portal\/wp-content\/uploads\/2016\/08\/coro-de-profesores-2.jpg?resize=300%2C198&amp;ssl=1 300w, https:\/\/i0.wp.com\/eltrabajo.cl\/portal\/wp-content\/uploads\/2016\/08\/coro-de-profesores-2.jpg?resize=227%2C150&amp;ssl=1 227w, https:\/\/i0.wp.com\/eltrabajo.cl\/portal\/wp-content\/uploads\/2016\/08\/coro-de-profesores-2.jpg?resize=400%2C264&amp;ssl=1 400w\" sizes=\"auto, (max-width: 530px) 100vw, 530px\" \/><\/a><figcaption id=\"caption-attachment-72469\" class=\"wp-caption-text\">El actual Coro de Profesores de San Felipe.<\/figcaption><\/figure>\n","protected":false},"excerpt":{"rendered":"<p>A las 16,30 horas, con entrada liberada: Este s\u00e1bado a partir de las 16,30 horas se estar\u00e1 desarrollando El Festival Regional de Coros de Profesores, evento que se realizar\u00e1 en el Teatro&#8230;<\/p>\n","protected":false},"author":1,"featured_media":72469,"comment_status":"open","ping_status":"open","sticky":false,"template":"","format":"standard","meta":{"advanced_seo_description":"","jetpack_seo_html_title":"","jetpack_seo_noindex":false,"_jetpack_memberships_contains_paid_content":false,"footnotes":""},"categories":[15],"tags":[],"class_list":["post-72468","post","type-post","status-publish","format-standard","has-post-thumbnail","hentry","category-comunidad"],"jetpack_featured_media_url":"https:\/\/i0.wp.com\/eltrabajo.cl\/portal\/wp-content\/uploads\/2016\/08\/coro-de-profesores-2.jpg?fit=530%2C350&ssl=1","jetpack_sharing_enabled":true,"jetpack_likes_enabled":true,"jetpack-related-posts":[],"_links":{"self":[{"href":"https:\/\/eltrabajo.cl\/portal\/wp-json\/wp\/v2\/posts\/72468","targetHints":{"allow":["GET"]}}],"collection":[{"href":"https:\/\/eltrabajo.cl\/portal\/wp-json\/wp\/v2\/posts"}],"about":[{"href":"https:\/\/eltrabajo.cl\/portal\/wp-json\/wp\/v2\/types\/post"}],"author":[{"embeddable":true,"href":"https:\/\/eltrabajo.cl\/portal\/wp-json\/wp\/v2\/users\/1"}],"replies":[{"embeddable":true,"href":"https:\/\/eltrabajo.cl\/portal\/wp-json\/wp\/v2\/comments?post=72468"}],"version-history":[{"count":0,"href":"https:\/\/eltrabajo.cl\/portal\/wp-json\/wp\/v2\/posts\/72468\/revisions"}],"wp:featuredmedia":[{"embeddable":true,"href":"https:\/\/eltrabajo.cl\/portal\/wp-json\/wp\/v2\/media\/72469"}],"wp:attachment":[{"href":"https:\/\/eltrabajo.cl\/portal\/wp-json\/wp\/v2\/media?parent=72468"}],"wp:term":[{"taxonomy":"category","embeddable":true,"href":"https:\/\/eltrabajo.cl\/portal\/wp-json\/wp\/v2\/categories?post=72468"},{"taxonomy":"post_tag","embeddable":true,"href":"https:\/\/eltrabajo.cl\/portal\/wp-json\/wp\/v2\/tags?post=72468"}],"curies":[{"name":"wp","href":"https:\/\/api.w.org\/{rel}","templated":true}]}}