{"id":72476,"date":"2016-08-04T09:09:47","date_gmt":"2016-08-04T13:09:47","guid":{"rendered":"http:\/\/www.eltrabajo.cl\/portal\/?p=72476"},"modified":"2016-08-04T09:09:47","modified_gmt":"2016-08-04T13:09:47","slug":"perdio-dos-dientes-pero-quedo-libre-al-ser-declarada-ilegal-su-detencion","status":"publish","type":"post","link":"https:\/\/eltrabajo.cl\/portal\/perdio-dos-dientes-pero-quedo-libre-al-ser-declarada-ilegal-su-detencion\/","title":{"rendered":"Perdi\u00f3 dos dientes pero qued\u00f3 libre al ser declarada ilegal su detenci\u00f3n"},"content":{"rendered":"<ul>\n<li><strong><span style=\"color: #ff0000;\">Atac\u00f3 a funcionario policial\u00a0con martillo:<\/span>\u00a0Carabineros se\u00f1al\u00f3 que el imputado apodado \u2018El Conejo\u2019, se opuso violentamente a la detenci\u00f3n.<\/strong><\/li>\n<\/ul>\n<p>Un oportuno llamado telef\u00f3nico de un vecino efectuado a Carabineros, permiti\u00f3 la captura de un peligroso antisocial apodado \u2018El Conejo\u2019, quien fue reducido al interior de un local de juegos en la comuna de Llay Llay, destruyendo las m\u00e1quinas electr\u00f3nicas con un martillo para sustraer el dinero a eso de las 07:30 horas de ayer mi\u00e9rcoles, enfrent\u00e1ndose directamente con los uniformados para agredir a uno de ellos con la herramienta, seg\u00fan inform\u00f3 Carabineros.<br \/>\nPersonal policial indic\u00f3 que se obtuvo informaci\u00f3n de un testigo que manifest\u00f3 que en calle R\u00edo Cuarto de esa localidad se produc\u00eda un robo. Los efectivos policiales concurrieron hasta el lugar confirmando que un desconocido se encontraba al interior del local de juegos, utilizando el m\u00e9todo del forado por la techumbre.<br \/>\nEl antisocial habr\u00eda destruido algunas de las maquinas de entretenimiento utilizando un martillo para sustraer el dinero que se encontraba en las gavetas internas. Al ser descubierto por la polic\u00eda, el sujeto se opuso violentamente a la detenci\u00f3n, agrediendo con la herramienta a un funcionario que result\u00f3 con lesiones leves, se indic\u00f3.<br \/>\nSin embargo, seg\u00fan la versi\u00f3n policial, el imputado habr\u00eda perdido dos piezas dentales producto de la resistencia a la detenci\u00f3n.<br \/>\nEl fiscal de turno dispuso que el aprehendido fuese derivado hasta el Juzgado de Garant\u00eda de San Felipe para audiencia de control de detenci\u00f3n.<br \/>\nNo obstante, tras darse a conocer los antecedentes del procedimiento policial, el juez de garant\u00eda declar\u00f3 ilegal la detenci\u00f3n de Carabineros, luego que el detenido indicara por medio del abogado defensor, haber sido agredido por los funcionarios, deriv\u00e1ndose una denuncia ante la Fiscal\u00eda Militar para la investigaci\u00f3n del caso.<br \/>\nEl Tribunal otorg\u00f3 la libertad del imputado de iniciales J.M.R.C. de 28 a\u00f1os de edad, ordenando s\u00f3lo la cautelar de prohibici\u00f3n de acercamiento al local referido en el parte policial, fijando un plazo de investigaci\u00f3n a la Fiscal\u00eda de 60 d\u00edas, siendo formalizado por robo en lugar no habitado y maltrato de obra a Carabineros con resultado de lesiones leves.<br \/>\nCabe se\u00f1alar que \u2018El Conejo\u2019 mantiene un nutrido prontuario por cuatro delitos de robo en lugar habitado, lesiones menos graves y receptaci\u00f3n.<br \/>\n<strong>Pablo Salinas Sald\u00edas<\/strong><\/p>\n<figure id=\"attachment_72477\" aria-describedby=\"caption-attachment-72477\" style=\"width: 530px\" class=\"wp-caption alignleft\"><a href=\"http:\/\/www.eltrabajo.cl\/portal\/perdio-dos-dientes-pero-quedo-libre-al-ser-declarada-ilegal-su-detencion\/el-conejo\/\" rel=\"attachment wp-att-72477\"><img data-recalc-dims=\"1\" loading=\"lazy\" decoding=\"async\" class=\"size-full wp-image-72477\" src=\"https:\/\/i0.wp.com\/www.eltrabajo.cl\/portal\/wp-content\/uploads\/2016\/08\/EL-CONEJO.jpg?resize=530%2C349\" alt=\"El imputado apodado \u2018El Conejo\u2019 fue detenido por Carabineros al interior de un local de juegos electr\u00f3nicos en calle Cuarto R\u00edo de la comuna de Llay Llay.\" width=\"530\" height=\"349\" srcset=\"https:\/\/i0.wp.com\/eltrabajo.cl\/portal\/wp-content\/uploads\/2016\/08\/EL-CONEJO.jpg?w=530&amp;ssl=1 530w, https:\/\/i0.wp.com\/eltrabajo.cl\/portal\/wp-content\/uploads\/2016\/08\/EL-CONEJO.jpg?resize=200%2C132&amp;ssl=1 200w, https:\/\/i0.wp.com\/eltrabajo.cl\/portal\/wp-content\/uploads\/2016\/08\/EL-CONEJO.jpg?resize=300%2C198&amp;ssl=1 300w, https:\/\/i0.wp.com\/eltrabajo.cl\/portal\/wp-content\/uploads\/2016\/08\/EL-CONEJO.jpg?resize=228%2C150&amp;ssl=1 228w, https:\/\/i0.wp.com\/eltrabajo.cl\/portal\/wp-content\/uploads\/2016\/08\/EL-CONEJO.jpg?resize=400%2C263&amp;ssl=1 400w\" sizes=\"auto, (max-width: 530px) 100vw, 530px\" \/><\/a><figcaption id=\"caption-attachment-72477\" class=\"wp-caption-text\">El imputado apodado \u2018El Conejo\u2019 fue detenido por Carabineros al interior de un local de juegos electr\u00f3nicos en calle Cuarto R\u00edo de la comuna de Llay Llay.<\/figcaption><\/figure>\n","protected":false},"excerpt":{"rendered":"<p>Atac\u00f3 a funcionario policial\u00a0con martillo:\u00a0Carabineros se\u00f1al\u00f3 que el imputado apodado \u2018El Conejo\u2019, se opuso violentamente a la detenci\u00f3n. Un oportuno llamado telef\u00f3nico de un vecino efectuado a Carabineros, permiti\u00f3 la captura de&#8230;<\/p>\n","protected":false},"author":1,"featured_media":72477,"comment_status":"open","ping_status":"open","sticky":false,"template":"","format":"standard","meta":{"advanced_seo_description":"","jetpack_seo_html_title":"","jetpack_seo_noindex":false,"_jetpack_memberships_contains_paid_content":false,"footnotes":""},"categories":[21],"tags":[],"class_list":["post-72476","post","type-post","status-publish","format-standard","has-post-thumbnail","hentry","category-policial"],"jetpack_featured_media_url":"https:\/\/i0.wp.com\/eltrabajo.cl\/portal\/wp-content\/uploads\/2016\/08\/EL-CONEJO.jpg?fit=530%2C349&ssl=1","jetpack_sharing_enabled":true,"jetpack_likes_enabled":true,"jetpack-related-posts":[],"_links":{"self":[{"href":"https:\/\/eltrabajo.cl\/portal\/wp-json\/wp\/v2\/posts\/72476","targetHints":{"allow":["GET"]}}],"collection":[{"href":"https:\/\/eltrabajo.cl\/portal\/wp-json\/wp\/v2\/posts"}],"about":[{"href":"https:\/\/eltrabajo.cl\/portal\/wp-json\/wp\/v2\/types\/post"}],"author":[{"embeddable":true,"href":"https:\/\/eltrabajo.cl\/portal\/wp-json\/wp\/v2\/users\/1"}],"replies":[{"embeddable":true,"href":"https:\/\/eltrabajo.cl\/portal\/wp-json\/wp\/v2\/comments?post=72476"}],"version-history":[{"count":0,"href":"https:\/\/eltrabajo.cl\/portal\/wp-json\/wp\/v2\/posts\/72476\/revisions"}],"wp:featuredmedia":[{"embeddable":true,"href":"https:\/\/eltrabajo.cl\/portal\/wp-json\/wp\/v2\/media\/72477"}],"wp:attachment":[{"href":"https:\/\/eltrabajo.cl\/portal\/wp-json\/wp\/v2\/media?parent=72476"}],"wp:term":[{"taxonomy":"category","embeddable":true,"href":"https:\/\/eltrabajo.cl\/portal\/wp-json\/wp\/v2\/categories?post=72476"},{"taxonomy":"post_tag","embeddable":true,"href":"https:\/\/eltrabajo.cl\/portal\/wp-json\/wp\/v2\/tags?post=72476"}],"curies":[{"name":"wp","href":"https:\/\/api.w.org\/{rel}","templated":true}]}}