{"id":72480,"date":"2016-08-04T09:14:21","date_gmt":"2016-08-04T13:14:21","guid":{"rendered":"http:\/\/www.eltrabajo.cl\/portal\/?p=72480"},"modified":"2016-08-04T09:14:21","modified_gmt":"2016-08-04T13:14:21","slug":"cacerolazo-en-san-felipe-sera-la-siguiente-forma-de-protesta-contra-las-afp","status":"publish","type":"post","link":"https:\/\/eltrabajo.cl\/portal\/cacerolazo-en-san-felipe-sera-la-siguiente-forma-de-protesta-contra-las-afp\/","title":{"rendered":"\u2018Cacerolazo\u2019 en San Felipe ser\u00e1 la siguiente forma de protesta contra las AFP"},"content":{"rendered":"<ul>\n<li><strong><span style=\"color: #ff0000;\">Programado para el 10 de Agosto a las 21 horas:<\/span>\u00a0Core Mario Sottolichio, llam\u00f3 a participar de esta manifestaci\u00f3n y de la segunda marcha contra el actual sistema de pensiones, la cual se desarrollar\u00e1 el pr\u00f3ximo 21 de agosto a las 11 de la ma\u00f1ana.<\/strong><\/li>\n<\/ul>\n<p>\u201cNo queremos aportar con \u2018un granito de arena\u2019, queremos poner una roca en este movimiento social\u201d, de esta manera el consejero regional Mario Sottolichio, anunci\u00f3 la realizaci\u00f3n en la comuna de San Felipe de dos nuevas manifestaciones populares en contra del actual sistema de pensiones y el funcionamiento de las AFP: en primera instancia, un cacerolazo a realizarse el 10 de agosto a las 21 horas, y adem\u00e1s, la realizaci\u00f3n de una nueva marcha el 21 de este mes a las 11 de la ma\u00f1ana.<\/p>\n<figure id=\"attachment_72481\" aria-describedby=\"caption-attachment-72481\" style=\"width: 300px\" class=\"wp-caption alignleft\"><a href=\"http:\/\/www.eltrabajo.cl\/portal\/cacerolazo-en-san-felipe-sera-la-siguiente-forma-de-protesta-contra-las-afp\/mario-sottolichio-7\/\" rel=\"attachment wp-att-72481\"><img data-recalc-dims=\"1\" loading=\"lazy\" decoding=\"async\" class=\"size-medium wp-image-72481\" src=\"https:\/\/i0.wp.com\/www.eltrabajo.cl\/portal\/wp-content\/uploads\/2016\/08\/mario-sottolichio-300x197.jpg?resize=300%2C197\" alt=\"Mario Sottolichio, consejero regional de Valpara\u00edso.\" width=\"300\" height=\"197\" srcset=\"https:\/\/i0.wp.com\/eltrabajo.cl\/portal\/wp-content\/uploads\/2016\/08\/mario-sottolichio.jpg?resize=300%2C197&amp;ssl=1 300w, https:\/\/i0.wp.com\/eltrabajo.cl\/portal\/wp-content\/uploads\/2016\/08\/mario-sottolichio.jpg?resize=200%2C131&amp;ssl=1 200w, https:\/\/i0.wp.com\/eltrabajo.cl\/portal\/wp-content\/uploads\/2016\/08\/mario-sottolichio.jpg?resize=228%2C150&amp;ssl=1 228w, https:\/\/i0.wp.com\/eltrabajo.cl\/portal\/wp-content\/uploads\/2016\/08\/mario-sottolichio.jpg?resize=400%2C263&amp;ssl=1 400w, https:\/\/i0.wp.com\/eltrabajo.cl\/portal\/wp-content\/uploads\/2016\/08\/mario-sottolichio.jpg?w=530&amp;ssl=1 530w\" sizes=\"auto, (max-width: 300px) 100vw, 300px\" \/><\/a><figcaption id=\"caption-attachment-72481\" class=\"wp-caption-text\">Mario Sottolichio, consejero regional de Valpara\u00edso.<\/figcaption><\/figure>\n<p>De acuerdo a lo manifestado por Sottolichio, respecto del cacerolazo \u201cpretendemos que se escuche en todos los rincones de San Felipe\u201d y que la pr\u00f3xima marcha duplique la cantidad de participantes de la primera experiencia, con el objetivo de ir aumentado la presi\u00f3n en contra de los responsables de la pol\u00edtica social, y para que ellos se tomen en serio esta situaci\u00f3n.<br \/>\n\u201cEsperamos que se tomen en serio este problema y comiencen a buscar de forma definitiva una soluci\u00f3n y se consiga una respuesta positiva no s\u00f3lo para quienes han jubilado, sino que tambi\u00e9n a todo el mundo que hoy est\u00e1 haciendo los ahorros que corresponden y que ya pueden calcular que van a recibir pensiones de pobreza\u201d, enfatiz\u00f3<br \/>\nRespecto de la convocatoria que tuvo la primera manifestaci\u00f3n realizada el pasado 24 de julio, Sottolichio destac\u00f3 la forma en que los sanfelipe\u00f1os adhirieron al llamado nacional y cont\u00f3 que \u201ctuvimos un n\u00famero importante para nuestra ciudad, un d\u00eda domingo, con un p\u00fablico mixto; hab\u00eda gente de edad, pensionados, pero tambi\u00e9n muchos adultos, j\u00f3venes y la familia en general\u201d, valor\u00f3.<\/p>\n<p>&nbsp;<\/p>\n","protected":false},"excerpt":{"rendered":"<p>Programado para el 10 de Agosto a las 21 horas:\u00a0Core Mario Sottolichio, llam\u00f3 a participar de esta manifestaci\u00f3n y de la segunda marcha contra el actual sistema de pensiones, la cual se&#8230;<\/p>\n","protected":false},"author":1,"featured_media":72081,"comment_status":"open","ping_status":"open","sticky":false,"template":"","format":"standard","meta":{"advanced_seo_description":"","jetpack_seo_html_title":"","jetpack_seo_noindex":false,"_jetpack_memberships_contains_paid_content":false,"footnotes":""},"categories":[1],"tags":[],"class_list":["post-72480","post","type-post","status-publish","format-standard","has-post-thumbnail","hentry","category-cronica"],"jetpack_featured_media_url":"https:\/\/i0.wp.com\/eltrabajo.cl\/portal\/wp-content\/uploads\/2016\/07\/Marcha5.jpg?fit=530%2C349&ssl=1","jetpack_sharing_enabled":true,"jetpack_likes_enabled":true,"jetpack-related-posts":[],"_links":{"self":[{"href":"https:\/\/eltrabajo.cl\/portal\/wp-json\/wp\/v2\/posts\/72480","targetHints":{"allow":["GET"]}}],"collection":[{"href":"https:\/\/eltrabajo.cl\/portal\/wp-json\/wp\/v2\/posts"}],"about":[{"href":"https:\/\/eltrabajo.cl\/portal\/wp-json\/wp\/v2\/types\/post"}],"author":[{"embeddable":true,"href":"https:\/\/eltrabajo.cl\/portal\/wp-json\/wp\/v2\/users\/1"}],"replies":[{"embeddable":true,"href":"https:\/\/eltrabajo.cl\/portal\/wp-json\/wp\/v2\/comments?post=72480"}],"version-history":[{"count":0,"href":"https:\/\/eltrabajo.cl\/portal\/wp-json\/wp\/v2\/posts\/72480\/revisions"}],"wp:featuredmedia":[{"embeddable":true,"href":"https:\/\/eltrabajo.cl\/portal\/wp-json\/wp\/v2\/media\/72081"}],"wp:attachment":[{"href":"https:\/\/eltrabajo.cl\/portal\/wp-json\/wp\/v2\/media?parent=72480"}],"wp:term":[{"taxonomy":"category","embeddable":true,"href":"https:\/\/eltrabajo.cl\/portal\/wp-json\/wp\/v2\/categories?post=72480"},{"taxonomy":"post_tag","embeddable":true,"href":"https:\/\/eltrabajo.cl\/portal\/wp-json\/wp\/v2\/tags?post=72480"}],"curies":[{"name":"wp","href":"https:\/\/api.w.org\/{rel}","templated":true}]}}