{"id":72485,"date":"2016-08-04T09:30:35","date_gmt":"2016-08-04T13:30:35","guid":{"rendered":"http:\/\/www.eltrabajo.cl\/portal\/?p=72485"},"modified":"2016-08-04T09:56:07","modified_gmt":"2016-08-04T13:56:07","slug":"magistral-desfile-sacudio-nuestra-ciudad-ayer-frente-a-la-plaza-de-armas","status":"publish","type":"post","link":"https:\/\/eltrabajo.cl\/portal\/magistral-desfile-sacudio-nuestra-ciudad-ayer-frente-a-la-plaza-de-armas\/","title":{"rendered":"Magistral desfile sacudi\u00f3 nuestra ciudad ayer frente a la Plaza de Armas"},"content":{"rendered":"<ul>\n<li><strong><span style=\"color: #ff0000;\">M\u00e1s de 12.000 personas en gala de nuestro 276\u00ba aniversario:<\/span>\u00a0Jardines infantiles; establecimientos educacionales municipales, particulares y subvencionados; uniones comunales; entidades sociales y organizaciones vivas de la comuna, marcharon ayer por las principales calles de nuestra ciudad, celebrando nuestro 276\u00ba aniversario.<\/strong><\/li>\n<\/ul>\n<p>Ayer mi\u00e9rcoles se cumplieron 276 a\u00f1os desde que Jos\u00e9 Antonio Manso de Velasco y Samaniego, fundara la Villa del Corregimiento del Aconcagua San Felipe El Real, lugar que en una carta enviada al Rey de Espa\u00f1a Felipe II, describir\u00eda como \u201cun lugar compuesto por peque\u00f1os valles, abundante cosecha y ganado; con dispersos poblados de mucho gent\u00edo, se esmeran por llevar una vida apacible (\u2026) son trabajadores y se esfuerzan para que cada d\u00eda la tierra de mayores y mejores frutos\u201d.<br \/>\nComo es costumbre, el nuevo a\u00f1o de vida de la Tres Veces Heroica Ciudad, se conmemor\u00f3 con un impecable desfile, protagonizado por un centenar de delegaciones de diversas instituciones educacionales y organizaciones sociales y comunitarias, quienes durante m\u00e1s de tres horas pasaron saludando a las autoridades encabezadas por el alcalde de San Felipe Patricio Freire Canto y su concejo municipal.<\/p>\n<p><strong>\u00abSAN FELIPE\u00a0DESPERT\u00d3\u00bb<\/strong><br \/>\nFueron alrededor de 15.000 personas las que llegaron a deleitarse con la tradicional ceremonia y que escucharon el emotivo discurso en el cual, el edil sanfelipe\u00f1o valor\u00f3 la posibilidad de poder liderar un proyecto de desarrollo para la ciudad que lo vio nacer.<br \/>\n\u00abCreo que ustedes y yo coincidimos plenamente con el fundador de esta ciudad. San Felipe est\u00e1 poblado por gente trabajadora y esforzada, respetuosas y honestas, que cada d\u00eda dan lo mejor de si para el crecimiento de esta amada ciudad. San Felipe despert\u00f3, cuando ustedes y yo nos interpusimos para evitar que nuestra plaza de armas quedara convertida en un estacionamiento; San Felipe despert\u00f3, cuando como comuna decidimos tomar las riendas de nuestra comuna para convertirla en algo mejor que una bella ciudad, es nuestro hogar\u00bb, apuntaba Freire en su locuci\u00f3n, agregando que \u00abgeneraciones tras generaciones han dado prueba de ello, nuestros abuelos y los abuelos de \u00e9stos, han aportado con su sacrificio para hacer de San Felipe la hermosa ciudad que es\u00bb, decret\u00f3.<br \/>\nAl mismo tiempo, Freire record\u00f3 su primer discurso como primera autoridad comunal, en cual se comprometi\u00f3 para trabajar y luchar en pos del cumplimiento de los sue\u00f1os de los sanfelipe\u00f1os, promesa que \u2013seg\u00fan dijo- se mantiene en pie y se ha ido concretando poco a poco pues \u00abtodos hemos palpado el crecimiento y desarrollo de nuestra ciudad en estos \u00faltimos a\u00f1os, cada d\u00eda que ha pasado nuestro municipio ha trabajado para mejorar la calidad de vida de nuestros vecinos y vecinas, lo hemos hecho con cari\u00f1o y apego porque aqu\u00ed viven nuestras familias, amigos y seres queridos\u00bb, sentenci\u00f3 el edil.<br \/>\nLas c\u00e1maras de Diario El Trabajo tomaron registro de cada detalle de tan espectacular desfile c\u00edvico. Aqu\u00ed les compartimos algunas fotos de la actividad.<br \/>\n<strong>Roberto Gonz\u00e1lez Short<\/strong><\/p>\n<div class=\"tiled-gallery type-rectangular tiled-gallery-unresized\" data-original-width=\"640\" data-carousel-extra='null' itemscope itemtype=\"http:\/\/schema.org\/ImageGallery\" > <div class=\"gallery-row\" style=\"width: 640px; height: 283px;\" data-original-width=\"640\" data-original-height=\"283\" > <div class=\"gallery-group images-1\" style=\"width: 428px; height: 283px;\" data-original-width=\"428\" data-original-height=\"283\" > <div class=\"tiled-gallery-item tiled-gallery-item-large\" itemprop=\"associatedMedia\" itemscope itemtype=\"http:\/\/schema.org\/ImageObject\"> <a href=\"https:\/\/eltrabajo.cl\/portal\/magistral-desfile-sacudio-nuestra-ciudad-ayer-frente-a-la-plaza-de-armas\/porta-desfile-2\/\" border=\"0\" itemprop=\"url\"> <meta itemprop=\"width\" content=\"424\"> <meta itemprop=\"height\" content=\"279\"> <img decoding=\"async\" class=\"\" data-attachment-id=\"72546\" data-orig-file=\"https:\/\/eltrabajo.cl\/portal\/wp-content\/uploads\/2016\/08\/porta-desfile-1.jpg\" data-orig-size=\"530,349\" data-comments-opened=\"1\" data-image-meta=\"{&quot;aperture&quot;:&quot;0&quot;,&quot;credit&quot;:&quot;&quot;,&quot;camera&quot;:&quot;&quot;,&quot;caption&quot;:&quot;&quot;,&quot;created_timestamp&quot;:&quot;0&quot;,&quot;copyright&quot;:&quot;&quot;,&quot;focal_length&quot;:&quot;0&quot;,&quot;iso&quot;:&quot;0&quot;,&quot;shutter_speed&quot;:&quot;0&quot;,&quot;title&quot;:&quot;&quot;,&quot;orientation&quot;:&quot;0&quot;}\" data-image-title=\"El encanto de los menores siempre presente.\" data-image-description=\"&lt;p&gt;El encanto de los menores siempre presente.&lt;\/p&gt; \" data-medium-file=\"https:\/\/i0.wp.com\/eltrabajo.cl\/portal\/wp-content\/uploads\/2016\/08\/porta-desfile-1.jpg?fit=300%2C198&#038;ssl=1\" data-large-file=\"https:\/\/i0.wp.com\/eltrabajo.cl\/portal\/wp-content\/uploads\/2016\/08\/porta-desfile-1.jpg?fit=530%2C349&#038;ssl=1\" src=\"https:\/\/i0.wp.com\/eltrabajo.cl\/portal\/wp-content\/uploads\/2016\/08\/porta-desfile-1.jpg?w=424&#038;h=279&#038;ssl=1\" srcset=\"https:\/\/i0.wp.com\/eltrabajo.cl\/portal\/wp-content\/uploads\/2016\/08\/porta-desfile-1.jpg?w=530&amp;ssl=1 530w, https:\/\/i0.wp.com\/eltrabajo.cl\/portal\/wp-content\/uploads\/2016\/08\/porta-desfile-1.jpg?resize=200%2C132&amp;ssl=1 200w, https:\/\/i0.wp.com\/eltrabajo.cl\/portal\/wp-content\/uploads\/2016\/08\/porta-desfile-1.jpg?resize=300%2C198&amp;ssl=1 300w, https:\/\/i0.wp.com\/eltrabajo.cl\/portal\/wp-content\/uploads\/2016\/08\/porta-desfile-1.jpg?resize=228%2C150&amp;ssl=1 228w, https:\/\/i0.wp.com\/eltrabajo.cl\/portal\/wp-content\/uploads\/2016\/08\/porta-desfile-1.jpg?resize=400%2C263&amp;ssl=1 400w\" width=\"424\" height=\"279\" loading=\"lazy\" data-original-width=\"424\" data-original-height=\"279\" itemprop=\"http:\/\/schema.org\/image\" title=\"El encanto de los menores siempre presente.\" alt=\"El encanto de los menores siempre presente.\" style=\"width: 424px; height: 279px;\" \/> <\/a> <div class=\"tiled-gallery-caption\" itemprop=\"caption description\"> El encanto de los menores siempre presente. <\/div> <\/div> <\/div> <!-- close group --> <div class=\"gallery-group images-2\" style=\"width: 212px; height: 283px;\" data-original-width=\"212\" data-original-height=\"283\" > <div class=\"tiled-gallery-item tiled-gallery-item-small\" itemprop=\"associatedMedia\" itemscope itemtype=\"http:\/\/schema.org\/ImageObject\"> <a href=\"https:\/\/eltrabajo.cl\/portal\/magistral-desfile-sacudio-nuestra-ciudad-ayer-frente-a-la-plaza-de-armas\/castillocolores33\/\" border=\"0\" itemprop=\"url\"> <meta itemprop=\"width\" content=\"208\"> <meta itemprop=\"height\" content=\"137\"> <img decoding=\"async\" class=\"\" data-attachment-id=\"72544\" data-orig-file=\"https:\/\/eltrabajo.cl\/portal\/wp-content\/uploads\/2016\/08\/CastilloColores33.jpg\" data-orig-size=\"530,349\" data-comments-opened=\"1\" data-image-meta=\"{&quot;aperture&quot;:&quot;0&quot;,&quot;credit&quot;:&quot;&quot;,&quot;camera&quot;:&quot;&quot;,&quot;caption&quot;:&quot;&quot;,&quot;created_timestamp&quot;:&quot;0&quot;,&quot;copyright&quot;:&quot;&quot;,&quot;focal_length&quot;:&quot;0&quot;,&quot;iso&quot;:&quot;0&quot;,&quot;shutter_speed&quot;:&quot;0&quot;,&quot;title&quot;:&quot;&quot;,&quot;orientation&quot;:&quot;0&quot;}\" data-image-title=\"Las c\u00e1maras de Diario El Trabajo y su Departamento de Prensa hoy compartimos con nuestros lectores y cibernautas, una galer\u00eda especial sobre el multitudinario desfile del 276\u00ba aniversario de la Tres veces Her\u00f3ica Ciudad de San Felipe.\" data-image-description=\"&lt;p&gt;Las c\u00e1maras de Diario El Trabajo y su Departamento de Prensa hoy compartimos con nuestros lectores y cibernautas, una galer\u00eda especial sobre el multitudinario desfile del 276\u00ba aniversario de la Tres veces Her\u00f3ica Ciudad de San Felipe. &lt;\/p&gt; \" data-medium-file=\"https:\/\/i0.wp.com\/eltrabajo.cl\/portal\/wp-content\/uploads\/2016\/08\/CastilloColores33.jpg?fit=300%2C198&#038;ssl=1\" data-large-file=\"https:\/\/i0.wp.com\/eltrabajo.cl\/portal\/wp-content\/uploads\/2016\/08\/CastilloColores33.jpg?fit=530%2C349&#038;ssl=1\" src=\"https:\/\/i0.wp.com\/eltrabajo.cl\/portal\/wp-content\/uploads\/2016\/08\/CastilloColores33.jpg?w=208&#038;h=137&#038;ssl=1\" srcset=\"https:\/\/i0.wp.com\/eltrabajo.cl\/portal\/wp-content\/uploads\/2016\/08\/CastilloColores33.jpg?w=530&amp;ssl=1 530w, https:\/\/i0.wp.com\/eltrabajo.cl\/portal\/wp-content\/uploads\/2016\/08\/CastilloColores33.jpg?resize=200%2C132&amp;ssl=1 200w, https:\/\/i0.wp.com\/eltrabajo.cl\/portal\/wp-content\/uploads\/2016\/08\/CastilloColores33.jpg?resize=300%2C198&amp;ssl=1 300w, https:\/\/i0.wp.com\/eltrabajo.cl\/portal\/wp-content\/uploads\/2016\/08\/CastilloColores33.jpg?resize=228%2C150&amp;ssl=1 228w, https:\/\/i0.wp.com\/eltrabajo.cl\/portal\/wp-content\/uploads\/2016\/08\/CastilloColores33.jpg?resize=400%2C263&amp;ssl=1 400w\" width=\"208\" height=\"137\" loading=\"lazy\" data-original-width=\"208\" data-original-height=\"137\" itemprop=\"http:\/\/schema.org\/image\" title=\"Las c\u00e1maras de Diario El Trabajo y su Departamento de Prensa hoy compartimos con nuestros lectores y cibernautas, una galer\u00eda especial sobre el multitudinario desfile del 276\u00ba aniversario de la Tres veces Her\u00f3ica Ciudad de San Felipe.\" alt=\"Las c\u00e1maras de Diario El Trabajo y su Departamento de Prensa hoy compartimos con nuestros lectores y cibernautas, una galer\u00eda especial sobre el multitudinario desfile del 276\u00ba aniversario de la Tres veces Her\u00f3ica Ciudad de San Felipe.\" style=\"width: 208px; height: 137px;\" \/> <\/a> <div class=\"tiled-gallery-caption\" itemprop=\"caption description\"> Las c\u00e1maras de Diario El Trabajo y su Departamento de Prensa hoy compartimos con nuestros lectores y cibernautas, una galer\u00eda especial sobre el multitudinario desfile del 276\u00ba aniversario de la Tres veces Her\u00f3ica Ciudad de San Felipe. <\/div> <\/div> <div class=\"tiled-gallery-item tiled-gallery-item-small\" itemprop=\"associatedMedia\" itemscope itemtype=\"http:\/\/schema.org\/ImageObject\"> <a href=\"https:\/\/eltrabajo.cl\/portal\/magistral-desfile-sacudio-nuestra-ciudad-ayer-frente-a-la-plaza-de-armas\/centrodiurnoam\/\" border=\"0\" itemprop=\"url\"> <meta itemprop=\"width\" content=\"208\"> <meta itemprop=\"height\" content=\"138\"> <img decoding=\"async\" class=\"\" data-attachment-id=\"72545\" data-orig-file=\"https:\/\/eltrabajo.cl\/portal\/wp-content\/uploads\/2016\/08\/CentroDiurnoAM.jpg\" data-orig-size=\"530,350\" data-comments-opened=\"1\" data-image-meta=\"{&quot;aperture&quot;:&quot;0&quot;,&quot;credit&quot;:&quot;&quot;,&quot;camera&quot;:&quot;&quot;,&quot;caption&quot;:&quot;&quot;,&quot;created_timestamp&quot;:&quot;0&quot;,&quot;copyright&quot;:&quot;&quot;,&quot;focal_length&quot;:&quot;0&quot;,&quot;iso&quot;:&quot;0&quot;,&quot;shutter_speed&quot;:&quot;0&quot;,&quot;title&quot;:&quot;&quot;,&quot;orientation&quot;:&quot;0&quot;}\" data-image-title=\"Las c\u00e1maras de Diario El Trabajo y su Departamento de Prensa hoy compartimos con nuestros lectores y cibernautas, una galer\u00eda especial sobre el multitudinario desfile del 276\u00ba aniversario de la Tres veces Her\u00f3ica Ciudad de San Felipe.\" data-image-description=\"&lt;p&gt;Las c\u00e1maras de Diario El Trabajo y su Departamento de Prensa hoy compartimos con nuestros lectores y cibernautas, una galer\u00eda especial sobre el multitudinario desfile del 276\u00ba aniversario de la Tres veces Her\u00f3ica Ciudad de San Felipe. &lt;\/p&gt; \" data-medium-file=\"https:\/\/i0.wp.com\/eltrabajo.cl\/portal\/wp-content\/uploads\/2016\/08\/CentroDiurnoAM.jpg?fit=300%2C198&#038;ssl=1\" data-large-file=\"https:\/\/i0.wp.com\/eltrabajo.cl\/portal\/wp-content\/uploads\/2016\/08\/CentroDiurnoAM.jpg?fit=530%2C350&#038;ssl=1\" src=\"https:\/\/i0.wp.com\/eltrabajo.cl\/portal\/wp-content\/uploads\/2016\/08\/CentroDiurnoAM.jpg?w=208&#038;h=138&#038;ssl=1\" srcset=\"https:\/\/i0.wp.com\/eltrabajo.cl\/portal\/wp-content\/uploads\/2016\/08\/CentroDiurnoAM.jpg?w=530&amp;ssl=1 530w, https:\/\/i0.wp.com\/eltrabajo.cl\/portal\/wp-content\/uploads\/2016\/08\/CentroDiurnoAM.jpg?resize=200%2C132&amp;ssl=1 200w, https:\/\/i0.wp.com\/eltrabajo.cl\/portal\/wp-content\/uploads\/2016\/08\/CentroDiurnoAM.jpg?resize=300%2C198&amp;ssl=1 300w, https:\/\/i0.wp.com\/eltrabajo.cl\/portal\/wp-content\/uploads\/2016\/08\/CentroDiurnoAM.jpg?resize=227%2C150&amp;ssl=1 227w, https:\/\/i0.wp.com\/eltrabajo.cl\/portal\/wp-content\/uploads\/2016\/08\/CentroDiurnoAM.jpg?resize=400%2C264&amp;ssl=1 400w\" width=\"208\" height=\"138\" loading=\"lazy\" data-original-width=\"208\" data-original-height=\"138\" itemprop=\"http:\/\/schema.org\/image\" title=\"Las c\u00e1maras de Diario El Trabajo y su Departamento de Prensa hoy compartimos con nuestros lectores y cibernautas, una galer\u00eda especial sobre el multitudinario desfile del 276\u00ba aniversario de la Tres veces Her\u00f3ica Ciudad de San Felipe.\" alt=\"Las c\u00e1maras de Diario El Trabajo y su Departamento de Prensa hoy compartimos con nuestros lectores y cibernautas, una galer\u00eda especial sobre el multitudinario desfile del 276\u00ba aniversario de la Tres veces Her\u00f3ica Ciudad de San Felipe.\" style=\"width: 208px; height: 138px;\" \/> <\/a> <div class=\"tiled-gallery-caption\" itemprop=\"caption description\"> Las c\u00e1maras de Diario El Trabajo y su Departamento de Prensa hoy compartimos con nuestros lectores y cibernautas, una galer\u00eda especial sobre el multitudinario desfile del 276\u00ba aniversario de la Tres veces Her\u00f3ica Ciudad de San Felipe. <\/div> <\/div> <\/div> <!-- close group --> <\/div> <!-- close row --> <div class=\"gallery-row\" style=\"width: 640px; height: 283px;\" data-original-width=\"640\" data-original-height=\"283\" > <div class=\"gallery-group images-2\" style=\"width: 212px; height: 283px;\" data-original-width=\"212\" data-original-height=\"283\" > <div class=\"tiled-gallery-item tiled-gallery-item-small\" itemprop=\"associatedMedia\" itemscope itemtype=\"http:\/\/schema.org\/ImageObject\"> <a href=\"https:\/\/eltrabajo.cl\/portal\/magistral-desfile-sacudio-nuestra-ciudad-ayer-frente-a-la-plaza-de-armas\/bomberos33\/\" border=\"0\" itemprop=\"url\"> <meta itemprop=\"width\" content=\"208\"> <meta itemprop=\"height\" content=\"138\"> <img decoding=\"async\" class=\"\" data-attachment-id=\"72543\" data-orig-file=\"https:\/\/eltrabajo.cl\/portal\/wp-content\/uploads\/2016\/08\/Bomberos33.jpg\" data-orig-size=\"530,350\" data-comments-opened=\"1\" data-image-meta=\"{&quot;aperture&quot;:&quot;0&quot;,&quot;credit&quot;:&quot;&quot;,&quot;camera&quot;:&quot;&quot;,&quot;caption&quot;:&quot;&quot;,&quot;created_timestamp&quot;:&quot;0&quot;,&quot;copyright&quot;:&quot;&quot;,&quot;focal_length&quot;:&quot;0&quot;,&quot;iso&quot;:&quot;0&quot;,&quot;shutter_speed&quot;:&quot;0&quot;,&quot;title&quot;:&quot;&quot;,&quot;orientation&quot;:&quot;0&quot;}\" data-image-title=\"Las c\u00e1maras de Diario El Trabajo y su Departamento de Prensa hoy compartimos con nuestros lectores y cibernautas, una galer\u00eda especial sobre el multitudinario desfile del 276\u00ba aniversario de la Tres veces Her\u00f3ica Ciudad de San Felipe.\" data-image-description=\"&lt;p&gt;Las c\u00e1maras de Diario El Trabajo y su Departamento de Prensa hoy compartimos con nuestros lectores y cibernautas, una galer\u00eda especial sobre el multitudinario desfile del 276\u00ba aniversario de la Tres veces Her\u00f3ica Ciudad de San Felipe. &lt;\/p&gt; \" data-medium-file=\"https:\/\/i0.wp.com\/eltrabajo.cl\/portal\/wp-content\/uploads\/2016\/08\/Bomberos33.jpg?fit=300%2C198&#038;ssl=1\" data-large-file=\"https:\/\/i0.wp.com\/eltrabajo.cl\/portal\/wp-content\/uploads\/2016\/08\/Bomberos33.jpg?fit=530%2C350&#038;ssl=1\" src=\"https:\/\/i0.wp.com\/eltrabajo.cl\/portal\/wp-content\/uploads\/2016\/08\/Bomberos33.jpg?w=208&#038;h=138&#038;ssl=1\" srcset=\"https:\/\/i0.wp.com\/eltrabajo.cl\/portal\/wp-content\/uploads\/2016\/08\/Bomberos33.jpg?w=530&amp;ssl=1 530w, https:\/\/i0.wp.com\/eltrabajo.cl\/portal\/wp-content\/uploads\/2016\/08\/Bomberos33.jpg?resize=200%2C132&amp;ssl=1 200w, https:\/\/i0.wp.com\/eltrabajo.cl\/portal\/wp-content\/uploads\/2016\/08\/Bomberos33.jpg?resize=300%2C198&amp;ssl=1 300w, https:\/\/i0.wp.com\/eltrabajo.cl\/portal\/wp-content\/uploads\/2016\/08\/Bomberos33.jpg?resize=227%2C150&amp;ssl=1 227w, https:\/\/i0.wp.com\/eltrabajo.cl\/portal\/wp-content\/uploads\/2016\/08\/Bomberos33.jpg?resize=400%2C264&amp;ssl=1 400w\" width=\"208\" height=\"138\" loading=\"lazy\" data-original-width=\"208\" data-original-height=\"138\" itemprop=\"http:\/\/schema.org\/image\" title=\"Las c\u00e1maras de Diario El Trabajo y su Departamento de Prensa hoy compartimos con nuestros lectores y cibernautas, una galer\u00eda especial sobre el multitudinario desfile del 276\u00ba aniversario de la Tres veces Her\u00f3ica Ciudad de San Felipe.\" alt=\"Las c\u00e1maras de Diario El Trabajo y su Departamento de Prensa hoy compartimos con nuestros lectores y cibernautas, una galer\u00eda especial sobre el multitudinario desfile del 276\u00ba aniversario de la Tres veces Her\u00f3ica Ciudad de San Felipe.\" style=\"width: 208px; height: 138px;\" \/> <\/a> <div class=\"tiled-gallery-caption\" itemprop=\"caption description\"> Las c\u00e1maras de Diario El Trabajo y su Departamento de Prensa hoy compartimos con nuestros lectores y cibernautas, una galer\u00eda especial sobre el multitudinario desfile del 276\u00ba aniversario de la Tres veces Her\u00f3ica Ciudad de San Felipe. <\/div> <\/div> <div class=\"tiled-gallery-item tiled-gallery-item-small\" itemprop=\"associatedMedia\" itemscope itemtype=\"http:\/\/schema.org\/ImageObject\"> <a href=\"https:\/\/eltrabajo.cl\/portal\/magistral-desfile-sacudio-nuestra-ciudad-ayer-frente-a-la-plaza-de-armas\/bomberos28\/\" border=\"0\" itemprop=\"url\"> <meta itemprop=\"width\" content=\"208\"> <meta itemprop=\"height\" content=\"137\"> <img decoding=\"async\" class=\"\" data-attachment-id=\"72542\" data-orig-file=\"https:\/\/eltrabajo.cl\/portal\/wp-content\/uploads\/2016\/08\/Bomberos28.jpg\" data-orig-size=\"530,349\" data-comments-opened=\"1\" data-image-meta=\"{&quot;aperture&quot;:&quot;0&quot;,&quot;credit&quot;:&quot;&quot;,&quot;camera&quot;:&quot;&quot;,&quot;caption&quot;:&quot;&quot;,&quot;created_timestamp&quot;:&quot;0&quot;,&quot;copyright&quot;:&quot;&quot;,&quot;focal_length&quot;:&quot;0&quot;,&quot;iso&quot;:&quot;0&quot;,&quot;shutter_speed&quot;:&quot;0&quot;,&quot;title&quot;:&quot;&quot;,&quot;orientation&quot;:&quot;0&quot;}\" data-image-title=\"Las c\u00e1maras de Diario El Trabajo y su Departamento de Prensa hoy compartimos con nuestros lectores y cibernautas, una galer\u00eda especial sobre el multitudinario desfile del 276\u00ba aniversario de la Tres veces Her\u00f3ica Ciudad de San Felipe.\" data-image-description=\"&lt;p&gt;Las c\u00e1maras de Diario El Trabajo y su Departamento de Prensa hoy compartimos con nuestros lectores y cibernautas, una galer\u00eda especial sobre el multitudinario desfile del 276\u00ba aniversario de la Tres veces Her\u00f3ica Ciudad de San Felipe. &lt;\/p&gt; \" data-medium-file=\"https:\/\/i0.wp.com\/eltrabajo.cl\/portal\/wp-content\/uploads\/2016\/08\/Bomberos28.jpg?fit=300%2C198&#038;ssl=1\" data-large-file=\"https:\/\/i0.wp.com\/eltrabajo.cl\/portal\/wp-content\/uploads\/2016\/08\/Bomberos28.jpg?fit=530%2C349&#038;ssl=1\" src=\"https:\/\/i0.wp.com\/eltrabajo.cl\/portal\/wp-content\/uploads\/2016\/08\/Bomberos28.jpg?w=208&#038;h=137&#038;ssl=1\" srcset=\"https:\/\/i0.wp.com\/eltrabajo.cl\/portal\/wp-content\/uploads\/2016\/08\/Bomberos28.jpg?w=530&amp;ssl=1 530w, https:\/\/i0.wp.com\/eltrabajo.cl\/portal\/wp-content\/uploads\/2016\/08\/Bomberos28.jpg?resize=200%2C132&amp;ssl=1 200w, https:\/\/i0.wp.com\/eltrabajo.cl\/portal\/wp-content\/uploads\/2016\/08\/Bomberos28.jpg?resize=300%2C198&amp;ssl=1 300w, https:\/\/i0.wp.com\/eltrabajo.cl\/portal\/wp-content\/uploads\/2016\/08\/Bomberos28.jpg?resize=228%2C150&amp;ssl=1 228w, https:\/\/i0.wp.com\/eltrabajo.cl\/portal\/wp-content\/uploads\/2016\/08\/Bomberos28.jpg?resize=400%2C263&amp;ssl=1 400w\" width=\"208\" height=\"137\" loading=\"lazy\" data-original-width=\"208\" data-original-height=\"137\" itemprop=\"http:\/\/schema.org\/image\" title=\"Las c\u00e1maras de Diario El Trabajo y su Departamento de Prensa hoy compartimos con nuestros lectores y cibernautas, una galer\u00eda especial sobre el multitudinario desfile del 276\u00ba aniversario de la Tres veces Her\u00f3ica Ciudad de San Felipe.\" alt=\"Las c\u00e1maras de Diario El Trabajo y su Departamento de Prensa hoy compartimos con nuestros lectores y cibernautas, una galer\u00eda especial sobre el multitudinario desfile del 276\u00ba aniversario de la Tres veces Her\u00f3ica Ciudad de San Felipe.\" style=\"width: 208px; height: 137px;\" \/> <\/a> <div class=\"tiled-gallery-caption\" itemprop=\"caption description\"> Las c\u00e1maras de Diario El Trabajo y su Departamento de Prensa hoy compartimos con nuestros lectores y cibernautas, una galer\u00eda especial sobre el multitudinario desfile del 276\u00ba aniversario de la Tres veces Her\u00f3ica Ciudad de San Felipe. <\/div> <\/div> <\/div> <!-- close group --> <div class=\"gallery-group images-1\" style=\"width: 428px; height: 283px;\" data-original-width=\"428\" data-original-height=\"283\" > <div class=\"tiled-gallery-item tiled-gallery-item-large\" itemprop=\"associatedMedia\" itemscope itemtype=\"http:\/\/schema.org\/ImageObject\"> <a href=\"https:\/\/eltrabajo.cl\/portal\/magistral-desfile-sacudio-nuestra-ciudad-ayer-frente-a-la-plaza-de-armas\/autoridades33\/\" border=\"0\" itemprop=\"url\"> <meta itemprop=\"width\" content=\"424\"> <meta itemprop=\"height\" content=\"279\"> <img decoding=\"async\" class=\"\" data-attachment-id=\"72541\" data-orig-file=\"https:\/\/eltrabajo.cl\/portal\/wp-content\/uploads\/2016\/08\/Autoridades33.jpg\" data-orig-size=\"530,349\" data-comments-opened=\"1\" data-image-meta=\"{&quot;aperture&quot;:&quot;0&quot;,&quot;credit&quot;:&quot;&quot;,&quot;camera&quot;:&quot;&quot;,&quot;caption&quot;:&quot;&quot;,&quot;created_timestamp&quot;:&quot;0&quot;,&quot;copyright&quot;:&quot;&quot;,&quot;focal_length&quot;:&quot;0&quot;,&quot;iso&quot;:&quot;0&quot;,&quot;shutter_speed&quot;:&quot;0&quot;,&quot;title&quot;:&quot;&quot;,&quot;orientation&quot;:&quot;0&quot;}\" data-image-title=\"Las c\u00e1maras de Diario El Trabajo y su Departamento de Prensa hoy compartimos con nuestros lectores y cibernautas, una galer\u00eda especial sobre el multitudinario desfile del 276\u00ba aniversario de la Tres veces Her\u00f3ica Ciudad de San Felipe.\" data-image-description=\"&lt;p&gt;Las c\u00e1maras de Diario El Trabajo y su Departamento de Prensa hoy compartimos con nuestros lectores y cibernautas, una galer\u00eda especial sobre el multitudinario desfile del 276\u00ba aniversario de la Tres veces Her\u00f3ica Ciudad de San Felipe. &lt;\/p&gt; \" data-medium-file=\"https:\/\/i0.wp.com\/eltrabajo.cl\/portal\/wp-content\/uploads\/2016\/08\/Autoridades33.jpg?fit=300%2C198&#038;ssl=1\" data-large-file=\"https:\/\/i0.wp.com\/eltrabajo.cl\/portal\/wp-content\/uploads\/2016\/08\/Autoridades33.jpg?fit=530%2C349&#038;ssl=1\" src=\"https:\/\/i0.wp.com\/eltrabajo.cl\/portal\/wp-content\/uploads\/2016\/08\/Autoridades33.jpg?w=424&#038;h=279&#038;ssl=1\" srcset=\"https:\/\/i0.wp.com\/eltrabajo.cl\/portal\/wp-content\/uploads\/2016\/08\/Autoridades33.jpg?w=530&amp;ssl=1 530w, https:\/\/i0.wp.com\/eltrabajo.cl\/portal\/wp-content\/uploads\/2016\/08\/Autoridades33.jpg?resize=200%2C132&amp;ssl=1 200w, https:\/\/i0.wp.com\/eltrabajo.cl\/portal\/wp-content\/uploads\/2016\/08\/Autoridades33.jpg?resize=300%2C198&amp;ssl=1 300w, https:\/\/i0.wp.com\/eltrabajo.cl\/portal\/wp-content\/uploads\/2016\/08\/Autoridades33.jpg?resize=228%2C150&amp;ssl=1 228w, https:\/\/i0.wp.com\/eltrabajo.cl\/portal\/wp-content\/uploads\/2016\/08\/Autoridades33.jpg?resize=400%2C263&amp;ssl=1 400w\" width=\"424\" height=\"279\" loading=\"lazy\" data-original-width=\"424\" data-original-height=\"279\" itemprop=\"http:\/\/schema.org\/image\" title=\"Las c\u00e1maras de Diario El Trabajo y su Departamento de Prensa hoy compartimos con nuestros lectores y cibernautas, una galer\u00eda especial sobre el multitudinario desfile del 276\u00ba aniversario de la Tres veces Her\u00f3ica Ciudad de San Felipe.\" alt=\"Las c\u00e1maras de Diario El Trabajo y su Departamento de Prensa hoy compartimos con nuestros lectores y cibernautas, una galer\u00eda especial sobre el multitudinario desfile del 276\u00ba aniversario de la Tres veces Her\u00f3ica Ciudad de San Felipe.\" style=\"width: 424px; height: 279px;\" \/> <\/a> <div class=\"tiled-gallery-caption\" itemprop=\"caption description\"> Las c\u00e1maras de Diario El Trabajo y su Departamento de Prensa hoy compartimos con nuestros lectores y cibernautas, una galer\u00eda especial sobre el multitudinario desfile del 276\u00ba aniversario de la Tres veces Her\u00f3ica Ciudad de San Felipe. <\/div> <\/div> <\/div> <!-- close group --> <\/div> <!-- close row --> <div class=\"gallery-row\" style=\"width: 640px; height: 142px;\" data-original-width=\"640\" data-original-height=\"142\" > <div class=\"gallery-group images-1\" style=\"width: 213px; height: 142px;\" data-original-width=\"213\" data-original-height=\"142\" > <div class=\"tiled-gallery-item tiled-gallery-item-small\" itemprop=\"associatedMedia\" itemscope itemtype=\"http:\/\/schema.org\/ImageObject\"> <a href=\"https:\/\/eltrabajo.cl\/portal\/magistral-desfile-sacudio-nuestra-ciudad-ayer-frente-a-la-plaza-de-armas\/aringapoki\/\" border=\"0\" itemprop=\"url\"> <meta itemprop=\"width\" content=\"209\"> <meta itemprop=\"height\" content=\"138\"> <img decoding=\"async\" class=\"\" data-attachment-id=\"72540\" data-orig-file=\"https:\/\/eltrabajo.cl\/portal\/wp-content\/uploads\/2016\/08\/AringaPoki.jpg\" data-orig-size=\"530,350\" data-comments-opened=\"1\" data-image-meta=\"{&quot;aperture&quot;:&quot;0&quot;,&quot;credit&quot;:&quot;&quot;,&quot;camera&quot;:&quot;&quot;,&quot;caption&quot;:&quot;&quot;,&quot;created_timestamp&quot;:&quot;0&quot;,&quot;copyright&quot;:&quot;&quot;,&quot;focal_length&quot;:&quot;0&quot;,&quot;iso&quot;:&quot;0&quot;,&quot;shutter_speed&quot;:&quot;0&quot;,&quot;title&quot;:&quot;&quot;,&quot;orientation&quot;:&quot;0&quot;}\" data-image-title=\"Las c\u00e1maras de Diario El Trabajo y su Departamento de Prensa hoy compartimos con nuestros lectores y cibernautas, una galer\u00eda especial sobre el multitudinario desfile del 276\u00ba aniversario de la Tres veces Her\u00f3ica Ciudad de San Felipe.\" data-image-description=\"&lt;p&gt;Las c\u00e1maras de Diario El Trabajo y su Departamento de Prensa hoy compartimos con nuestros lectores y cibernautas, una galer\u00eda especial sobre el multitudinario desfile del 276\u00ba aniversario de la Tres veces Her\u00f3ica Ciudad de San Felipe. &lt;\/p&gt; \" data-medium-file=\"https:\/\/i0.wp.com\/eltrabajo.cl\/portal\/wp-content\/uploads\/2016\/08\/AringaPoki.jpg?fit=300%2C198&#038;ssl=1\" data-large-file=\"https:\/\/i0.wp.com\/eltrabajo.cl\/portal\/wp-content\/uploads\/2016\/08\/AringaPoki.jpg?fit=530%2C350&#038;ssl=1\" src=\"https:\/\/i0.wp.com\/eltrabajo.cl\/portal\/wp-content\/uploads\/2016\/08\/AringaPoki.jpg?w=209&#038;h=138&#038;ssl=1\" srcset=\"https:\/\/i0.wp.com\/eltrabajo.cl\/portal\/wp-content\/uploads\/2016\/08\/AringaPoki.jpg?w=530&amp;ssl=1 530w, https:\/\/i0.wp.com\/eltrabajo.cl\/portal\/wp-content\/uploads\/2016\/08\/AringaPoki.jpg?resize=200%2C132&amp;ssl=1 200w, https:\/\/i0.wp.com\/eltrabajo.cl\/portal\/wp-content\/uploads\/2016\/08\/AringaPoki.jpg?resize=300%2C198&amp;ssl=1 300w, https:\/\/i0.wp.com\/eltrabajo.cl\/portal\/wp-content\/uploads\/2016\/08\/AringaPoki.jpg?resize=227%2C150&amp;ssl=1 227w, https:\/\/i0.wp.com\/eltrabajo.cl\/portal\/wp-content\/uploads\/2016\/08\/AringaPoki.jpg?resize=400%2C264&amp;ssl=1 400w\" width=\"209\" height=\"138\" loading=\"lazy\" data-original-width=\"209\" data-original-height=\"138\" itemprop=\"http:\/\/schema.org\/image\" title=\"Las c\u00e1maras de Diario El Trabajo y su Departamento de Prensa hoy compartimos con nuestros lectores y cibernautas, una galer\u00eda especial sobre el multitudinario desfile del 276\u00ba aniversario de la Tres veces Her\u00f3ica Ciudad de San Felipe.\" alt=\"Las c\u00e1maras de Diario El Trabajo y su Departamento de Prensa hoy compartimos con nuestros lectores y cibernautas, una galer\u00eda especial sobre el multitudinario desfile del 276\u00ba aniversario de la Tres veces Her\u00f3ica Ciudad de San Felipe.\" style=\"width: 209px; height: 138px;\" \/> <\/a> <div class=\"tiled-gallery-caption\" itemprop=\"caption description\"> Las c\u00e1maras de Diario El Trabajo y su Departamento de Prensa hoy compartimos con nuestros lectores y cibernautas, una galer\u00eda especial sobre el multitudinario desfile del 276\u00ba aniversario de la Tres veces Her\u00f3ica Ciudad de San Felipe. <\/div> <\/div> <\/div> <!-- close group --> <div class=\"gallery-group images-1\" style=\"width: 214px; height: 142px;\" data-original-width=\"214\" data-original-height=\"142\" > <div class=\"tiled-gallery-item tiled-gallery-item-small\" itemprop=\"associatedMedia\" itemscope itemtype=\"http:\/\/schema.org\/ImageObject\"> <a href=\"https:\/\/eltrabajo.cl\/portal\/magistral-desfile-sacudio-nuestra-ciudad-ayer-frente-a-la-plaza-de-armas\/angelitos33\/\" border=\"0\" itemprop=\"url\"> <meta itemprop=\"width\" content=\"210\"> <meta itemprop=\"height\" content=\"138\"> <img decoding=\"async\" class=\"\" data-attachment-id=\"72539\" data-orig-file=\"https:\/\/eltrabajo.cl\/portal\/wp-content\/uploads\/2016\/08\/Angelitos33.jpg\" data-orig-size=\"530,349\" data-comments-opened=\"1\" data-image-meta=\"{&quot;aperture&quot;:&quot;0&quot;,&quot;credit&quot;:&quot;&quot;,&quot;camera&quot;:&quot;&quot;,&quot;caption&quot;:&quot;&quot;,&quot;created_timestamp&quot;:&quot;0&quot;,&quot;copyright&quot;:&quot;&quot;,&quot;focal_length&quot;:&quot;0&quot;,&quot;iso&quot;:&quot;0&quot;,&quot;shutter_speed&quot;:&quot;0&quot;,&quot;title&quot;:&quot;&quot;,&quot;orientation&quot;:&quot;0&quot;}\" data-image-title=\"Las c\u00e1maras de Diario El Trabajo y su Departamento de Prensa hoy compartimos con nuestros lectores y cibernautas, una galer\u00eda especial sobre el multitudinario desfile del 276\u00ba aniversario de la Tres veces Her\u00f3ica Ciudad de San Felipe.\" data-image-description=\"&lt;p&gt;Las c\u00e1maras de Diario El Trabajo y su Departamento de Prensa hoy compartimos con nuestros lectores y cibernautas, una galer\u00eda especial sobre el multitudinario desfile del 276\u00ba aniversario de la Tres veces Her\u00f3ica Ciudad de San Felipe. &lt;\/p&gt; \" data-medium-file=\"https:\/\/i0.wp.com\/eltrabajo.cl\/portal\/wp-content\/uploads\/2016\/08\/Angelitos33.jpg?fit=300%2C198&#038;ssl=1\" data-large-file=\"https:\/\/i0.wp.com\/eltrabajo.cl\/portal\/wp-content\/uploads\/2016\/08\/Angelitos33.jpg?fit=530%2C349&#038;ssl=1\" src=\"https:\/\/i0.wp.com\/eltrabajo.cl\/portal\/wp-content\/uploads\/2016\/08\/Angelitos33.jpg?w=210&#038;h=138&#038;ssl=1\" srcset=\"https:\/\/i0.wp.com\/eltrabajo.cl\/portal\/wp-content\/uploads\/2016\/08\/Angelitos33.jpg?w=530&amp;ssl=1 530w, https:\/\/i0.wp.com\/eltrabajo.cl\/portal\/wp-content\/uploads\/2016\/08\/Angelitos33.jpg?resize=200%2C132&amp;ssl=1 200w, https:\/\/i0.wp.com\/eltrabajo.cl\/portal\/wp-content\/uploads\/2016\/08\/Angelitos33.jpg?resize=300%2C198&amp;ssl=1 300w, https:\/\/i0.wp.com\/eltrabajo.cl\/portal\/wp-content\/uploads\/2016\/08\/Angelitos33.jpg?resize=228%2C150&amp;ssl=1 228w, https:\/\/i0.wp.com\/eltrabajo.cl\/portal\/wp-content\/uploads\/2016\/08\/Angelitos33.jpg?resize=400%2C263&amp;ssl=1 400w\" width=\"210\" height=\"138\" loading=\"lazy\" data-original-width=\"210\" data-original-height=\"138\" itemprop=\"http:\/\/schema.org\/image\" title=\"Las c\u00e1maras de Diario El Trabajo y su Departamento de Prensa hoy compartimos con nuestros lectores y cibernautas, una galer\u00eda especial sobre el multitudinario desfile del 276\u00ba aniversario de la Tres veces Her\u00f3ica Ciudad de San Felipe.\" alt=\"Las c\u00e1maras de Diario El Trabajo y su Departamento de Prensa hoy compartimos con nuestros lectores y cibernautas, una galer\u00eda especial sobre el multitudinario desfile del 276\u00ba aniversario de la Tres veces Her\u00f3ica Ciudad de San Felipe.\" style=\"width: 210px; height: 138px;\" \/> <\/a> <div class=\"tiled-gallery-caption\" itemprop=\"caption description\"> Las c\u00e1maras de Diario El Trabajo y su Departamento de Prensa hoy compartimos con nuestros lectores y cibernautas, una galer\u00eda especial sobre el multitudinario desfile del 276\u00ba aniversario de la Tres veces Her\u00f3ica Ciudad de San Felipe. <\/div> <\/div> <\/div> <!-- close group --> <div class=\"gallery-group images-1\" style=\"width: 213px; height: 142px;\" data-original-width=\"213\" data-original-height=\"142\" > <div class=\"tiled-gallery-item tiled-gallery-item-small\" itemprop=\"associatedMedia\" itemscope itemtype=\"http:\/\/schema.org\/ImageObject\"> <a href=\"https:\/\/eltrabajo.cl\/portal\/magistral-desfile-sacudio-nuestra-ciudad-ayer-frente-a-la-plaza-de-armas\/anecap33\/\" border=\"0\" itemprop=\"url\"> <meta itemprop=\"width\" content=\"209\"> <meta itemprop=\"height\" content=\"138\"> <img decoding=\"async\" class=\"\" data-attachment-id=\"72538\" data-orig-file=\"https:\/\/eltrabajo.cl\/portal\/wp-content\/uploads\/2016\/08\/Anecap33.jpg\" data-orig-size=\"530,350\" data-comments-opened=\"1\" data-image-meta=\"{&quot;aperture&quot;:&quot;0&quot;,&quot;credit&quot;:&quot;&quot;,&quot;camera&quot;:&quot;&quot;,&quot;caption&quot;:&quot;&quot;,&quot;created_timestamp&quot;:&quot;0&quot;,&quot;copyright&quot;:&quot;&quot;,&quot;focal_length&quot;:&quot;0&quot;,&quot;iso&quot;:&quot;0&quot;,&quot;shutter_speed&quot;:&quot;0&quot;,&quot;title&quot;:&quot;&quot;,&quot;orientation&quot;:&quot;0&quot;}\" data-image-title=\"Las c\u00e1maras de Diario El Trabajo y su Departamento de Prensa hoy compartimos con nuestros lectores y cibernautas, una galer\u00eda especial sobre el multitudinario desfile del 276\u00ba aniversario de la Tres veces Her\u00f3ica Ciudad de San Felipe.\" data-image-description=\"&lt;p&gt;Las c\u00e1maras de Diario El Trabajo y su Departamento de Prensa hoy compartimos con nuestros lectores y cibernautas, una galer\u00eda especial sobre el multitudinario desfile del 276\u00ba aniversario de la Tres veces Her\u00f3ica Ciudad de San Felipe. &lt;\/p&gt; \" data-medium-file=\"https:\/\/i0.wp.com\/eltrabajo.cl\/portal\/wp-content\/uploads\/2016\/08\/Anecap33.jpg?fit=300%2C198&#038;ssl=1\" data-large-file=\"https:\/\/i0.wp.com\/eltrabajo.cl\/portal\/wp-content\/uploads\/2016\/08\/Anecap33.jpg?fit=530%2C350&#038;ssl=1\" src=\"https:\/\/i0.wp.com\/eltrabajo.cl\/portal\/wp-content\/uploads\/2016\/08\/Anecap33.jpg?w=209&#038;h=138&#038;ssl=1\" srcset=\"https:\/\/i0.wp.com\/eltrabajo.cl\/portal\/wp-content\/uploads\/2016\/08\/Anecap33.jpg?w=530&amp;ssl=1 530w, https:\/\/i0.wp.com\/eltrabajo.cl\/portal\/wp-content\/uploads\/2016\/08\/Anecap33.jpg?resize=200%2C132&amp;ssl=1 200w, https:\/\/i0.wp.com\/eltrabajo.cl\/portal\/wp-content\/uploads\/2016\/08\/Anecap33.jpg?resize=300%2C198&amp;ssl=1 300w, https:\/\/i0.wp.com\/eltrabajo.cl\/portal\/wp-content\/uploads\/2016\/08\/Anecap33.jpg?resize=227%2C150&amp;ssl=1 227w, https:\/\/i0.wp.com\/eltrabajo.cl\/portal\/wp-content\/uploads\/2016\/08\/Anecap33.jpg?resize=400%2C264&amp;ssl=1 400w\" width=\"209\" height=\"138\" loading=\"lazy\" data-original-width=\"209\" data-original-height=\"138\" itemprop=\"http:\/\/schema.org\/image\" title=\"Las c\u00e1maras de Diario El Trabajo y su Departamento de Prensa hoy compartimos con nuestros lectores y cibernautas, una galer\u00eda especial sobre el multitudinario desfile del 276\u00ba aniversario de la Tres veces Her\u00f3ica Ciudad de San Felipe.\" alt=\"Las c\u00e1maras de Diario El Trabajo y su Departamento de Prensa hoy compartimos con nuestros lectores y cibernautas, una galer\u00eda especial sobre el multitudinario desfile del 276\u00ba aniversario de la Tres veces Her\u00f3ica Ciudad de San Felipe.\" style=\"width: 209px; height: 138px;\" \/> <\/a> <div class=\"tiled-gallery-caption\" itemprop=\"caption description\"> Las c\u00e1maras de Diario El Trabajo y su Departamento de Prensa hoy compartimos con nuestros lectores y cibernautas, una galer\u00eda especial sobre el multitudinario desfile del 276\u00ba aniversario de la Tres veces Her\u00f3ica Ciudad de San Felipe. <\/div> <\/div> <\/div> <!-- close group --> <\/div> <!-- close row --> <div class=\"gallery-row\" style=\"width: 640px; height: 212px;\" data-original-width=\"640\" data-original-height=\"212\" > <div class=\"gallery-group images-1\" style=\"width: 320px; height: 212px;\" data-original-width=\"320\" data-original-height=\"212\" > <div class=\"tiled-gallery-item tiled-gallery-item-large\" itemprop=\"associatedMedia\" itemscope itemtype=\"http:\/\/schema.org\/ImageObject\"> <a href=\"https:\/\/eltrabajo.cl\/portal\/magistral-desfile-sacudio-nuestra-ciudad-ayer-frente-a-la-plaza-de-armas\/amigosayecan33\/\" border=\"0\" itemprop=\"url\"> <meta itemprop=\"width\" content=\"316\"> <meta itemprop=\"height\" content=\"208\"> <img decoding=\"async\" class=\"\" data-attachment-id=\"72537\" data-orig-file=\"https:\/\/eltrabajo.cl\/portal\/wp-content\/uploads\/2016\/08\/AmigosAyecan33.jpg\" data-orig-size=\"530,350\" data-comments-opened=\"1\" data-image-meta=\"{&quot;aperture&quot;:&quot;0&quot;,&quot;credit&quot;:&quot;&quot;,&quot;camera&quot;:&quot;&quot;,&quot;caption&quot;:&quot;&quot;,&quot;created_timestamp&quot;:&quot;0&quot;,&quot;copyright&quot;:&quot;&quot;,&quot;focal_length&quot;:&quot;0&quot;,&quot;iso&quot;:&quot;0&quot;,&quot;shutter_speed&quot;:&quot;0&quot;,&quot;title&quot;:&quot;&quot;,&quot;orientation&quot;:&quot;0&quot;}\" data-image-title=\"Las c\u00e1maras de Diario El Trabajo y su Departamento de Prensa hoy compartimos con nuestros lectores y cibernautas, una galer\u00eda especial sobre el multitudinario desfile del 276\u00ba aniversario de la Tres veces Her\u00f3ica Ciudad de San Felipe.\" data-image-description=\"&lt;p&gt;Las c\u00e1maras de Diario El Trabajo y su Departamento de Prensa hoy compartimos con nuestros lectores y cibernautas, una galer\u00eda especial sobre el multitudinario desfile del 276\u00ba aniversario de la Tres veces Her\u00f3ica Ciudad de San Felipe. &lt;\/p&gt; \" data-medium-file=\"https:\/\/i0.wp.com\/eltrabajo.cl\/portal\/wp-content\/uploads\/2016\/08\/AmigosAyecan33.jpg?fit=300%2C198&#038;ssl=1\" data-large-file=\"https:\/\/i0.wp.com\/eltrabajo.cl\/portal\/wp-content\/uploads\/2016\/08\/AmigosAyecan33.jpg?fit=530%2C350&#038;ssl=1\" src=\"https:\/\/i0.wp.com\/eltrabajo.cl\/portal\/wp-content\/uploads\/2016\/08\/AmigosAyecan33.jpg?w=316&#038;h=208&#038;ssl=1\" srcset=\"https:\/\/i0.wp.com\/eltrabajo.cl\/portal\/wp-content\/uploads\/2016\/08\/AmigosAyecan33.jpg?w=530&amp;ssl=1 530w, https:\/\/i0.wp.com\/eltrabajo.cl\/portal\/wp-content\/uploads\/2016\/08\/AmigosAyecan33.jpg?resize=200%2C132&amp;ssl=1 200w, https:\/\/i0.wp.com\/eltrabajo.cl\/portal\/wp-content\/uploads\/2016\/08\/AmigosAyecan33.jpg?resize=300%2C198&amp;ssl=1 300w, https:\/\/i0.wp.com\/eltrabajo.cl\/portal\/wp-content\/uploads\/2016\/08\/AmigosAyecan33.jpg?resize=227%2C150&amp;ssl=1 227w, https:\/\/i0.wp.com\/eltrabajo.cl\/portal\/wp-content\/uploads\/2016\/08\/AmigosAyecan33.jpg?resize=400%2C264&amp;ssl=1 400w\" width=\"316\" height=\"208\" loading=\"lazy\" data-original-width=\"316\" data-original-height=\"208\" itemprop=\"http:\/\/schema.org\/image\" title=\"Las c\u00e1maras de Diario El Trabajo y su Departamento de Prensa hoy compartimos con nuestros lectores y cibernautas, una galer\u00eda especial sobre el multitudinario desfile del 276\u00ba aniversario de la Tres veces Her\u00f3ica Ciudad de San Felipe.\" alt=\"Las c\u00e1maras de Diario El Trabajo y su Departamento de Prensa hoy compartimos con nuestros lectores y cibernautas, una galer\u00eda especial sobre el multitudinario desfile del 276\u00ba aniversario de la Tres veces Her\u00f3ica Ciudad de San Felipe.\" style=\"width: 316px; height: 208px;\" \/> <\/a> <div class=\"tiled-gallery-caption\" itemprop=\"caption description\"> Las c\u00e1maras de Diario El Trabajo y su Departamento de Prensa hoy compartimos con nuestros lectores y cibernautas, una galer\u00eda especial sobre el multitudinario desfile del 276\u00ba aniversario de la Tres veces Her\u00f3ica Ciudad de San Felipe. <\/div> <\/div> <\/div> <!-- close group --> <div class=\"gallery-group images-1\" style=\"width: 320px; height: 212px;\" data-original-width=\"320\" data-original-height=\"212\" > <div class=\"tiled-gallery-item tiled-gallery-item-large\" itemprop=\"associatedMedia\" itemscope itemtype=\"http:\/\/schema.org\/ImageObject\"> <a href=\"https:\/\/eltrabajo.cl\/portal\/magistral-desfile-sacudio-nuestra-ciudad-ayer-frente-a-la-plaza-de-armas\/acuarela33\/\" border=\"0\" itemprop=\"url\"> <meta itemprop=\"width\" content=\"316\"> <meta itemprop=\"height\" content=\"208\"> <img decoding=\"async\" class=\"\" data-attachment-id=\"72536\" data-orig-file=\"https:\/\/eltrabajo.cl\/portal\/wp-content\/uploads\/2016\/08\/Acuarela33.jpg\" data-orig-size=\"530,349\" data-comments-opened=\"1\" data-image-meta=\"{&quot;aperture&quot;:&quot;0&quot;,&quot;credit&quot;:&quot;&quot;,&quot;camera&quot;:&quot;&quot;,&quot;caption&quot;:&quot;&quot;,&quot;created_timestamp&quot;:&quot;0&quot;,&quot;copyright&quot;:&quot;&quot;,&quot;focal_length&quot;:&quot;0&quot;,&quot;iso&quot;:&quot;0&quot;,&quot;shutter_speed&quot;:&quot;0&quot;,&quot;title&quot;:&quot;&quot;,&quot;orientation&quot;:&quot;0&quot;}\" data-image-title=\"Las c\u00e1maras de Diario El Trabajo y su Departamento de Prensa hoy compartimos con nuestros lectores y cibernautas, una galer\u00eda especial sobre el multitudinario desfile del 276\u00ba aniversario de la Tres veces Her\u00f3ica Ciudad de San Felipe.\" data-image-description=\"&lt;p&gt;Las c\u00e1maras de Diario El Trabajo y su Departamento de Prensa hoy compartimos con nuestros lectores y cibernautas, una galer\u00eda especial sobre el multitudinario desfile del 276\u00ba aniversario de la Tres veces Her\u00f3ica Ciudad de San Felipe. &lt;\/p&gt; \" data-medium-file=\"https:\/\/i0.wp.com\/eltrabajo.cl\/portal\/wp-content\/uploads\/2016\/08\/Acuarela33.jpg?fit=300%2C198&#038;ssl=1\" data-large-file=\"https:\/\/i0.wp.com\/eltrabajo.cl\/portal\/wp-content\/uploads\/2016\/08\/Acuarela33.jpg?fit=530%2C349&#038;ssl=1\" src=\"https:\/\/i0.wp.com\/eltrabajo.cl\/portal\/wp-content\/uploads\/2016\/08\/Acuarela33.jpg?w=316&#038;h=208&#038;ssl=1\" srcset=\"https:\/\/i0.wp.com\/eltrabajo.cl\/portal\/wp-content\/uploads\/2016\/08\/Acuarela33.jpg?w=530&amp;ssl=1 530w, https:\/\/i0.wp.com\/eltrabajo.cl\/portal\/wp-content\/uploads\/2016\/08\/Acuarela33.jpg?resize=200%2C132&amp;ssl=1 200w, https:\/\/i0.wp.com\/eltrabajo.cl\/portal\/wp-content\/uploads\/2016\/08\/Acuarela33.jpg?resize=300%2C198&amp;ssl=1 300w, https:\/\/i0.wp.com\/eltrabajo.cl\/portal\/wp-content\/uploads\/2016\/08\/Acuarela33.jpg?resize=228%2C150&amp;ssl=1 228w, https:\/\/i0.wp.com\/eltrabajo.cl\/portal\/wp-content\/uploads\/2016\/08\/Acuarela33.jpg?resize=400%2C263&amp;ssl=1 400w\" width=\"316\" height=\"208\" loading=\"lazy\" data-original-width=\"316\" data-original-height=\"208\" itemprop=\"http:\/\/schema.org\/image\" title=\"Las c\u00e1maras de Diario El Trabajo y su Departamento de Prensa hoy compartimos con nuestros lectores y cibernautas, una galer\u00eda especial sobre el multitudinario desfile del 276\u00ba aniversario de la Tres veces Her\u00f3ica Ciudad de San Felipe.\" alt=\"Las c\u00e1maras de Diario El Trabajo y su Departamento de Prensa hoy compartimos con nuestros lectores y cibernautas, una galer\u00eda especial sobre el multitudinario desfile del 276\u00ba aniversario de la Tres veces Her\u00f3ica Ciudad de San Felipe.\" style=\"width: 316px; height: 208px;\" \/> <\/a> <div class=\"tiled-gallery-caption\" itemprop=\"caption description\"> Las c\u00e1maras de Diario El Trabajo y su Departamento de Prensa hoy compartimos con nuestros lectores y cibernautas, una galer\u00eda especial sobre el multitudinario desfile del 276\u00ba aniversario de la Tres veces Her\u00f3ica Ciudad de San Felipe. <\/div> <\/div> <\/div> <!-- close group --> <\/div> <!-- close row --> <div class=\"gallery-row\" style=\"width: 640px; height: 284px;\" data-original-width=\"640\" data-original-height=\"284\" > <div class=\"gallery-group images-1\" style=\"width: 428px; height: 284px;\" data-original-width=\"428\" data-original-height=\"284\" > <div class=\"tiled-gallery-item tiled-gallery-item-large\" itemprop=\"associatedMedia\" itemscope itemtype=\"http:\/\/schema.org\/ImageObject\"> <a href=\"https:\/\/eltrabajo.cl\/portal\/magistral-desfile-sacudio-nuestra-ciudad-ayer-frente-a-la-plaza-de-armas\/uncoam\/\" border=\"0\" itemprop=\"url\"> <meta itemprop=\"width\" content=\"424\"> <meta itemprop=\"height\" content=\"280\"> <img decoding=\"async\" class=\"\" data-attachment-id=\"72535\" data-orig-file=\"https:\/\/eltrabajo.cl\/portal\/wp-content\/uploads\/2016\/08\/UncoAM.jpg\" data-orig-size=\"530,350\" data-comments-opened=\"1\" data-image-meta=\"{&quot;aperture&quot;:&quot;0&quot;,&quot;credit&quot;:&quot;&quot;,&quot;camera&quot;:&quot;&quot;,&quot;caption&quot;:&quot;&quot;,&quot;created_timestamp&quot;:&quot;0&quot;,&quot;copyright&quot;:&quot;&quot;,&quot;focal_length&quot;:&quot;0&quot;,&quot;iso&quot;:&quot;0&quot;,&quot;shutter_speed&quot;:&quot;0&quot;,&quot;title&quot;:&quot;&quot;,&quot;orientation&quot;:&quot;0&quot;}\" data-image-title=\"Las c\u00e1maras de Diario El Trabajo y su Departamento de Prensa hoy compartimos con nuestros lectores y cibernautas, una galer\u00eda especial sobre el multitudinario desfile del 276\u00ba aniversario de la Tres veces Her\u00f3ica Ciudad de San Felipe.\" data-image-description=\"&lt;p&gt;Las c\u00e1maras de Diario El Trabajo y su Departamento de Prensa hoy compartimos con nuestros lectores y cibernautas, una galer\u00eda especial sobre el multitudinario desfile del 276\u00ba aniversario de la Tres veces Her\u00f3ica Ciudad de San Felipe. &lt;\/p&gt; \" data-medium-file=\"https:\/\/i0.wp.com\/eltrabajo.cl\/portal\/wp-content\/uploads\/2016\/08\/UncoAM.jpg?fit=300%2C198&#038;ssl=1\" data-large-file=\"https:\/\/i0.wp.com\/eltrabajo.cl\/portal\/wp-content\/uploads\/2016\/08\/UncoAM.jpg?fit=530%2C350&#038;ssl=1\" src=\"https:\/\/i0.wp.com\/eltrabajo.cl\/portal\/wp-content\/uploads\/2016\/08\/UncoAM.jpg?w=424&#038;h=280&#038;ssl=1\" srcset=\"https:\/\/i0.wp.com\/eltrabajo.cl\/portal\/wp-content\/uploads\/2016\/08\/UncoAM.jpg?w=530&amp;ssl=1 530w, https:\/\/i0.wp.com\/eltrabajo.cl\/portal\/wp-content\/uploads\/2016\/08\/UncoAM.jpg?resize=200%2C132&amp;ssl=1 200w, https:\/\/i0.wp.com\/eltrabajo.cl\/portal\/wp-content\/uploads\/2016\/08\/UncoAM.jpg?resize=300%2C198&amp;ssl=1 300w, https:\/\/i0.wp.com\/eltrabajo.cl\/portal\/wp-content\/uploads\/2016\/08\/UncoAM.jpg?resize=227%2C150&amp;ssl=1 227w, https:\/\/i0.wp.com\/eltrabajo.cl\/portal\/wp-content\/uploads\/2016\/08\/UncoAM.jpg?resize=400%2C264&amp;ssl=1 400w\" width=\"424\" height=\"280\" loading=\"lazy\" data-original-width=\"424\" data-original-height=\"280\" itemprop=\"http:\/\/schema.org\/image\" title=\"Las c\u00e1maras de Diario El Trabajo y su Departamento de Prensa hoy compartimos con nuestros lectores y cibernautas, una galer\u00eda especial sobre el multitudinario desfile del 276\u00ba aniversario de la Tres veces Her\u00f3ica Ciudad de San Felipe.\" alt=\"Las c\u00e1maras de Diario El Trabajo y su Departamento de Prensa hoy compartimos con nuestros lectores y cibernautas, una galer\u00eda especial sobre el multitudinario desfile del 276\u00ba aniversario de la Tres veces Her\u00f3ica Ciudad de San Felipe.\" style=\"width: 424px; height: 280px;\" \/> <\/a> <div class=\"tiled-gallery-caption\" itemprop=\"caption description\"> Las c\u00e1maras de Diario El Trabajo y su Departamento de Prensa hoy compartimos con nuestros lectores y cibernautas, una galer\u00eda especial sobre el multitudinario desfile del 276\u00ba aniversario de la Tres veces Her\u00f3ica Ciudad de San Felipe. <\/div> <\/div> <\/div> <!-- close group --> <div class=\"gallery-group images-2\" style=\"width: 212px; height: 284px;\" data-original-width=\"212\" data-original-height=\"284\" > <div class=\"tiled-gallery-item tiled-gallery-item-small\" itemprop=\"associatedMedia\" itemscope itemtype=\"http:\/\/schema.org\/ImageObject\"> <a href=\"https:\/\/eltrabajo.cl\/portal\/magistral-desfile-sacudio-nuestra-ciudad-ayer-frente-a-la-plaza-de-armas\/taichi33\/\" border=\"0\" itemprop=\"url\"> <meta itemprop=\"width\" content=\"208\"> <meta itemprop=\"height\" content=\"138\"> <img decoding=\"async\" class=\"\" data-attachment-id=\"72534\" data-orig-file=\"https:\/\/eltrabajo.cl\/portal\/wp-content\/uploads\/2016\/08\/TaiChi33.jpg\" data-orig-size=\"528,350\" data-comments-opened=\"1\" data-image-meta=\"{&quot;aperture&quot;:&quot;0&quot;,&quot;credit&quot;:&quot;&quot;,&quot;camera&quot;:&quot;&quot;,&quot;caption&quot;:&quot;&quot;,&quot;created_timestamp&quot;:&quot;0&quot;,&quot;copyright&quot;:&quot;&quot;,&quot;focal_length&quot;:&quot;0&quot;,&quot;iso&quot;:&quot;0&quot;,&quot;shutter_speed&quot;:&quot;0&quot;,&quot;title&quot;:&quot;&quot;,&quot;orientation&quot;:&quot;0&quot;}\" data-image-title=\"Las c\u00e1maras de Diario El Trabajo y su Departamento de Prensa hoy compartimos con nuestros lectores y cibernautas, una galer\u00eda especial sobre el multitudinario desfile del 276\u00ba aniversario de la Tres veces Her\u00f3ica Ciudad de San Felipe.\" data-image-description=\"&lt;p&gt;Las c\u00e1maras de Diario El Trabajo y su Departamento de Prensa hoy compartimos con nuestros lectores y cibernautas, una galer\u00eda especial sobre el multitudinario desfile del 276\u00ba aniversario de la Tres veces Her\u00f3ica Ciudad de San Felipe. &lt;\/p&gt; \" data-medium-file=\"https:\/\/i0.wp.com\/eltrabajo.cl\/portal\/wp-content\/uploads\/2016\/08\/TaiChi33.jpg?fit=300%2C199&#038;ssl=1\" data-large-file=\"https:\/\/i0.wp.com\/eltrabajo.cl\/portal\/wp-content\/uploads\/2016\/08\/TaiChi33.jpg?fit=528%2C350&#038;ssl=1\" src=\"https:\/\/i0.wp.com\/eltrabajo.cl\/portal\/wp-content\/uploads\/2016\/08\/TaiChi33.jpg?w=208&#038;h=138&#038;ssl=1\" srcset=\"https:\/\/i0.wp.com\/eltrabajo.cl\/portal\/wp-content\/uploads\/2016\/08\/TaiChi33.jpg?w=528&amp;ssl=1 528w, https:\/\/i0.wp.com\/eltrabajo.cl\/portal\/wp-content\/uploads\/2016\/08\/TaiChi33.jpg?resize=200%2C133&amp;ssl=1 200w, https:\/\/i0.wp.com\/eltrabajo.cl\/portal\/wp-content\/uploads\/2016\/08\/TaiChi33.jpg?resize=300%2C199&amp;ssl=1 300w, https:\/\/i0.wp.com\/eltrabajo.cl\/portal\/wp-content\/uploads\/2016\/08\/TaiChi33.jpg?resize=226%2C150&amp;ssl=1 226w, https:\/\/i0.wp.com\/eltrabajo.cl\/portal\/wp-content\/uploads\/2016\/08\/TaiChi33.jpg?resize=400%2C265&amp;ssl=1 400w\" width=\"208\" height=\"138\" loading=\"lazy\" data-original-width=\"208\" data-original-height=\"138\" itemprop=\"http:\/\/schema.org\/image\" title=\"Las c\u00e1maras de Diario El Trabajo y su Departamento de Prensa hoy compartimos con nuestros lectores y cibernautas, una galer\u00eda especial sobre el multitudinario desfile del 276\u00ba aniversario de la Tres veces Her\u00f3ica Ciudad de San Felipe.\" alt=\"Las c\u00e1maras de Diario El Trabajo y su Departamento de Prensa hoy compartimos con nuestros lectores y cibernautas, una galer\u00eda especial sobre el multitudinario desfile del 276\u00ba aniversario de la Tres veces Her\u00f3ica Ciudad de San Felipe.\" style=\"width: 208px; height: 138px;\" \/> <\/a> <div class=\"tiled-gallery-caption\" itemprop=\"caption description\"> Las c\u00e1maras de Diario El Trabajo y su Departamento de Prensa hoy compartimos con nuestros lectores y cibernautas, una galer\u00eda especial sobre el multitudinario desfile del 276\u00ba aniversario de la Tres veces Her\u00f3ica Ciudad de San Felipe. <\/div> <\/div> <div class=\"tiled-gallery-item tiled-gallery-item-small\" itemprop=\"associatedMedia\" itemscope itemtype=\"http:\/\/schema.org\/ImageObject\"> <a href=\"https:\/\/eltrabajo.cl\/portal\/magistral-desfile-sacudio-nuestra-ciudad-ayer-frente-a-la-plaza-de-armas\/sembrandopalabras\/\" border=\"0\" itemprop=\"url\"> <meta itemprop=\"width\" content=\"208\"> <meta itemprop=\"height\" content=\"138\"> <img decoding=\"async\" class=\"\" data-attachment-id=\"72533\" data-orig-file=\"https:\/\/eltrabajo.cl\/portal\/wp-content\/uploads\/2016\/08\/SembrandoPalabras.jpg\" data-orig-size=\"530,350\" data-comments-opened=\"1\" data-image-meta=\"{&quot;aperture&quot;:&quot;0&quot;,&quot;credit&quot;:&quot;&quot;,&quot;camera&quot;:&quot;&quot;,&quot;caption&quot;:&quot;&quot;,&quot;created_timestamp&quot;:&quot;0&quot;,&quot;copyright&quot;:&quot;&quot;,&quot;focal_length&quot;:&quot;0&quot;,&quot;iso&quot;:&quot;0&quot;,&quot;shutter_speed&quot;:&quot;0&quot;,&quot;title&quot;:&quot;&quot;,&quot;orientation&quot;:&quot;0&quot;}\" data-image-title=\"Las c\u00e1maras de Diario El Trabajo y su Departamento de Prensa hoy compartimos con nuestros lectores y cibernautas, una galer\u00eda especial sobre el multitudinario desfile del 276\u00ba aniversario de la Tres veces Her\u00f3ica Ciudad de San Felipe.\" data-image-description=\"&lt;p&gt;Las c\u00e1maras de Diario El Trabajo y su Departamento de Prensa hoy compartimos con nuestros lectores y cibernautas, una galer\u00eda especial sobre el multitudinario desfile del 276\u00ba aniversario de la Tres veces Her\u00f3ica Ciudad de San Felipe. &lt;\/p&gt; \" data-medium-file=\"https:\/\/i0.wp.com\/eltrabajo.cl\/portal\/wp-content\/uploads\/2016\/08\/SembrandoPalabras.jpg?fit=300%2C198&#038;ssl=1\" data-large-file=\"https:\/\/i0.wp.com\/eltrabajo.cl\/portal\/wp-content\/uploads\/2016\/08\/SembrandoPalabras.jpg?fit=530%2C350&#038;ssl=1\" src=\"https:\/\/i0.wp.com\/eltrabajo.cl\/portal\/wp-content\/uploads\/2016\/08\/SembrandoPalabras.jpg?w=208&#038;h=138&#038;ssl=1\" srcset=\"https:\/\/i0.wp.com\/eltrabajo.cl\/portal\/wp-content\/uploads\/2016\/08\/SembrandoPalabras.jpg?w=530&amp;ssl=1 530w, https:\/\/i0.wp.com\/eltrabajo.cl\/portal\/wp-content\/uploads\/2016\/08\/SembrandoPalabras.jpg?resize=200%2C132&amp;ssl=1 200w, https:\/\/i0.wp.com\/eltrabajo.cl\/portal\/wp-content\/uploads\/2016\/08\/SembrandoPalabras.jpg?resize=300%2C198&amp;ssl=1 300w, https:\/\/i0.wp.com\/eltrabajo.cl\/portal\/wp-content\/uploads\/2016\/08\/SembrandoPalabras.jpg?resize=227%2C150&amp;ssl=1 227w, https:\/\/i0.wp.com\/eltrabajo.cl\/portal\/wp-content\/uploads\/2016\/08\/SembrandoPalabras.jpg?resize=400%2C264&amp;ssl=1 400w\" width=\"208\" height=\"138\" loading=\"lazy\" data-original-width=\"208\" data-original-height=\"138\" itemprop=\"http:\/\/schema.org\/image\" title=\"Las c\u00e1maras de Diario El Trabajo y su Departamento de Prensa hoy compartimos con nuestros lectores y cibernautas, una galer\u00eda especial sobre el multitudinario desfile del 276\u00ba aniversario de la Tres veces Her\u00f3ica Ciudad de San Felipe.\" alt=\"Las c\u00e1maras de Diario El Trabajo y su Departamento de Prensa hoy compartimos con nuestros lectores y cibernautas, una galer\u00eda especial sobre el multitudinario desfile del 276\u00ba aniversario de la Tres veces Her\u00f3ica Ciudad de San Felipe.\" style=\"width: 208px; height: 138px;\" \/> <\/a> <div class=\"tiled-gallery-caption\" itemprop=\"caption description\"> Las c\u00e1maras de Diario El Trabajo y su Departamento de Prensa hoy compartimos con nuestros lectores y cibernautas, una galer\u00eda especial sobre el multitudinario desfile del 276\u00ba aniversario de la Tres veces Her\u00f3ica Ciudad de San Felipe. <\/div> <\/div> <\/div> <!-- close group --> <\/div> <!-- close row --> <div class=\"gallery-row\" style=\"width: 640px; height: 283px;\" data-original-width=\"640\" data-original-height=\"283\" > <div class=\"gallery-group images-2\" style=\"width: 212px; height: 283px;\" data-original-width=\"212\" data-original-height=\"283\" > <div class=\"tiled-gallery-item tiled-gallery-item-small\" itemprop=\"associatedMedia\" itemscope itemtype=\"http:\/\/schema.org\/ImageObject\"> <a href=\"https:\/\/eltrabajo.cl\/portal\/magistral-desfile-sacudio-nuestra-ciudad-ayer-frente-a-la-plaza-de-armas\/scouts33\/\" border=\"0\" itemprop=\"url\"> <meta itemprop=\"width\" content=\"208\"> <meta itemprop=\"height\" content=\"138\"> <img decoding=\"async\" class=\"\" data-attachment-id=\"72532\" data-orig-file=\"https:\/\/eltrabajo.cl\/portal\/wp-content\/uploads\/2016\/08\/Scouts33.jpg\" data-orig-size=\"530,350\" data-comments-opened=\"1\" data-image-meta=\"{&quot;aperture&quot;:&quot;0&quot;,&quot;credit&quot;:&quot;&quot;,&quot;camera&quot;:&quot;&quot;,&quot;caption&quot;:&quot;&quot;,&quot;created_timestamp&quot;:&quot;0&quot;,&quot;copyright&quot;:&quot;&quot;,&quot;focal_length&quot;:&quot;0&quot;,&quot;iso&quot;:&quot;0&quot;,&quot;shutter_speed&quot;:&quot;0&quot;,&quot;title&quot;:&quot;&quot;,&quot;orientation&quot;:&quot;0&quot;}\" data-image-title=\"Las c\u00e1maras de Diario El Trabajo y su Departamento de Prensa hoy compartimos con nuestros lectores y cibernautas, una galer\u00eda especial sobre el multitudinario desfile del 276\u00ba aniversario de la Tres veces Her\u00f3ica Ciudad de San Felipe.\" data-image-description=\"&lt;p&gt;Las c\u00e1maras de Diario El Trabajo y su Departamento de Prensa hoy compartimos con nuestros lectores y cibernautas, una galer\u00eda especial sobre el multitudinario desfile del 276\u00ba aniversario de la Tres veces Her\u00f3ica Ciudad de San Felipe. &lt;\/p&gt; \" data-medium-file=\"https:\/\/i0.wp.com\/eltrabajo.cl\/portal\/wp-content\/uploads\/2016\/08\/Scouts33.jpg?fit=300%2C198&#038;ssl=1\" data-large-file=\"https:\/\/i0.wp.com\/eltrabajo.cl\/portal\/wp-content\/uploads\/2016\/08\/Scouts33.jpg?fit=530%2C350&#038;ssl=1\" src=\"https:\/\/i0.wp.com\/eltrabajo.cl\/portal\/wp-content\/uploads\/2016\/08\/Scouts33.jpg?w=208&#038;h=138&#038;ssl=1\" srcset=\"https:\/\/i0.wp.com\/eltrabajo.cl\/portal\/wp-content\/uploads\/2016\/08\/Scouts33.jpg?w=530&amp;ssl=1 530w, https:\/\/i0.wp.com\/eltrabajo.cl\/portal\/wp-content\/uploads\/2016\/08\/Scouts33.jpg?resize=200%2C132&amp;ssl=1 200w, https:\/\/i0.wp.com\/eltrabajo.cl\/portal\/wp-content\/uploads\/2016\/08\/Scouts33.jpg?resize=300%2C198&amp;ssl=1 300w, https:\/\/i0.wp.com\/eltrabajo.cl\/portal\/wp-content\/uploads\/2016\/08\/Scouts33.jpg?resize=227%2C150&amp;ssl=1 227w, https:\/\/i0.wp.com\/eltrabajo.cl\/portal\/wp-content\/uploads\/2016\/08\/Scouts33.jpg?resize=400%2C264&amp;ssl=1 400w\" width=\"208\" height=\"138\" loading=\"lazy\" data-original-width=\"208\" data-original-height=\"138\" itemprop=\"http:\/\/schema.org\/image\" title=\"Las c\u00e1maras de Diario El Trabajo y su Departamento de Prensa hoy compartimos con nuestros lectores y cibernautas, una galer\u00eda especial sobre el multitudinario desfile del 276\u00ba aniversario de la Tres veces Her\u00f3ica Ciudad de San Felipe.\" alt=\"Las c\u00e1maras de Diario El Trabajo y su Departamento de Prensa hoy compartimos con nuestros lectores y cibernautas, una galer\u00eda especial sobre el multitudinario desfile del 276\u00ba aniversario de la Tres veces Her\u00f3ica Ciudad de San Felipe.\" style=\"width: 208px; height: 138px;\" \/> <\/a> <div class=\"tiled-gallery-caption\" itemprop=\"caption description\"> Las c\u00e1maras de Diario El Trabajo y su Departamento de Prensa hoy compartimos con nuestros lectores y cibernautas, una galer\u00eda especial sobre el multitudinario desfile del 276\u00ba aniversario de la Tres veces Her\u00f3ica Ciudad de San Felipe. <\/div> <\/div> <div class=\"tiled-gallery-item tiled-gallery-item-small\" itemprop=\"associatedMedia\" itemscope itemtype=\"http:\/\/schema.org\/ImageObject\"> <a href=\"https:\/\/eltrabajo.cl\/portal\/magistral-desfile-sacudio-nuestra-ciudad-ayer-frente-a-la-plaza-de-armas\/sanfelipenos-4\/\" border=\"0\" itemprop=\"url\"> <meta itemprop=\"width\" content=\"208\"> <meta itemprop=\"height\" content=\"137\"> <img decoding=\"async\" class=\"\" data-attachment-id=\"72531\" data-orig-file=\"https:\/\/eltrabajo.cl\/portal\/wp-content\/uploads\/2016\/08\/sanfelipe\u00f1os-4.jpg\" data-orig-size=\"530,349\" data-comments-opened=\"1\" data-image-meta=\"{&quot;aperture&quot;:&quot;0&quot;,&quot;credit&quot;:&quot;&quot;,&quot;camera&quot;:&quot;&quot;,&quot;caption&quot;:&quot;&quot;,&quot;created_timestamp&quot;:&quot;0&quot;,&quot;copyright&quot;:&quot;&quot;,&quot;focal_length&quot;:&quot;0&quot;,&quot;iso&quot;:&quot;0&quot;,&quot;shutter_speed&quot;:&quot;0&quot;,&quot;title&quot;:&quot;&quot;,&quot;orientation&quot;:&quot;0&quot;}\" data-image-title=\"Las c\u00e1maras de Diario El Trabajo y su Departamento de Prensa hoy compartimos con nuestros lectores y cibernautas, una galer\u00eda especial sobre el multitudinario desfile del 276\u00ba aniversario de la Tres veces Her\u00f3ica Ciudad de San Felipe.\" data-image-description=\"&lt;p&gt;Las c\u00e1maras de Diario El Trabajo y su Departamento de Prensa hoy compartimos con nuestros lectores y cibernautas, una galer\u00eda especial sobre el multitudinario desfile del 276\u00ba aniversario de la Tres veces Her\u00f3ica Ciudad de San Felipe. &lt;\/p&gt; \" data-medium-file=\"https:\/\/i0.wp.com\/eltrabajo.cl\/portal\/wp-content\/uploads\/2016\/08\/sanfelipe%C3%B1os-4.jpg?fit=300%2C198&#038;ssl=1\" data-large-file=\"https:\/\/i0.wp.com\/eltrabajo.cl\/portal\/wp-content\/uploads\/2016\/08\/sanfelipe%C3%B1os-4.jpg?fit=530%2C349&#038;ssl=1\" src=\"https:\/\/i0.wp.com\/eltrabajo.cl\/portal\/wp-content\/uploads\/2016\/08\/sanfelipe%C3%B1os-4.jpg?w=208&#038;h=137&#038;ssl=1\" width=\"208\" height=\"137\" loading=\"lazy\" data-original-width=\"208\" data-original-height=\"137\" itemprop=\"http:\/\/schema.org\/image\" title=\"Las c\u00e1maras de Diario El Trabajo y su Departamento de Prensa hoy compartimos con nuestros lectores y cibernautas, una galer\u00eda especial sobre el multitudinario desfile del 276\u00ba aniversario de la Tres veces Her\u00f3ica Ciudad de San Felipe.\" alt=\"Las c\u00e1maras de Diario El Trabajo y su Departamento de Prensa hoy compartimos con nuestros lectores y cibernautas, una galer\u00eda especial sobre el multitudinario desfile del 276\u00ba aniversario de la Tres veces Her\u00f3ica Ciudad de San Felipe.\" style=\"width: 208px; height: 137px;\" \/> <\/a> <div class=\"tiled-gallery-caption\" itemprop=\"caption description\"> Las c\u00e1maras de Diario El Trabajo y su Departamento de Prensa hoy compartimos con nuestros lectores y cibernautas, una galer\u00eda especial sobre el multitudinario desfile del 276\u00ba aniversario de la Tres veces Her\u00f3ica Ciudad de San Felipe. <\/div> <\/div> <\/div> <!-- close group --> <div class=\"gallery-group images-1\" style=\"width: 428px; height: 283px;\" data-original-width=\"428\" data-original-height=\"283\" > <div class=\"tiled-gallery-item tiled-gallery-item-large\" itemprop=\"associatedMedia\" itemscope itemtype=\"http:\/\/schema.org\/ImageObject\"> <a href=\"https:\/\/eltrabajo.cl\/portal\/magistral-desfile-sacudio-nuestra-ciudad-ayer-frente-a-la-plaza-de-armas\/sanfelipenos-3\/\" border=\"0\" itemprop=\"url\"> <meta itemprop=\"width\" content=\"424\"> <meta itemprop=\"height\" content=\"279\"> <img decoding=\"async\" class=\"\" data-attachment-id=\"72530\" data-orig-file=\"https:\/\/eltrabajo.cl\/portal\/wp-content\/uploads\/2016\/08\/sanfelipe\u00f1os-3.jpg\" data-orig-size=\"530,349\" data-comments-opened=\"1\" data-image-meta=\"{&quot;aperture&quot;:&quot;0&quot;,&quot;credit&quot;:&quot;&quot;,&quot;camera&quot;:&quot;&quot;,&quot;caption&quot;:&quot;&quot;,&quot;created_timestamp&quot;:&quot;0&quot;,&quot;copyright&quot;:&quot;&quot;,&quot;focal_length&quot;:&quot;0&quot;,&quot;iso&quot;:&quot;0&quot;,&quot;shutter_speed&quot;:&quot;0&quot;,&quot;title&quot;:&quot;&quot;,&quot;orientation&quot;:&quot;0&quot;}\" data-image-title=\"Las c\u00e1maras de Diario El Trabajo y su Departamento de Prensa hoy compartimos con nuestros lectores y cibernautas, una galer\u00eda especial sobre el multitudinario desfile del 276\u00ba aniversario de la Tres veces Her\u00f3ica Ciudad de San Felipe.\" data-image-description=\"&lt;p&gt;Las c\u00e1maras de Diario El Trabajo y su Departamento de Prensa hoy compartimos con nuestros lectores y cibernautas, una galer\u00eda especial sobre el multitudinario desfile del 276\u00ba aniversario de la Tres veces Her\u00f3ica Ciudad de San Felipe. &lt;\/p&gt; \" data-medium-file=\"https:\/\/i0.wp.com\/eltrabajo.cl\/portal\/wp-content\/uploads\/2016\/08\/sanfelipe%C3%B1os-3.jpg?fit=300%2C198&#038;ssl=1\" data-large-file=\"https:\/\/i0.wp.com\/eltrabajo.cl\/portal\/wp-content\/uploads\/2016\/08\/sanfelipe%C3%B1os-3.jpg?fit=530%2C349&#038;ssl=1\" src=\"https:\/\/i0.wp.com\/eltrabajo.cl\/portal\/wp-content\/uploads\/2016\/08\/sanfelipe%C3%B1os-3.jpg?w=424&#038;h=279&#038;ssl=1\" width=\"424\" height=\"279\" loading=\"lazy\" data-original-width=\"424\" data-original-height=\"279\" itemprop=\"http:\/\/schema.org\/image\" title=\"Las c\u00e1maras de Diario El Trabajo y su Departamento de Prensa hoy compartimos con nuestros lectores y cibernautas, una galer\u00eda especial sobre el multitudinario desfile del 276\u00ba aniversario de la Tres veces Her\u00f3ica Ciudad de San Felipe.\" alt=\"Las c\u00e1maras de Diario El Trabajo y su Departamento de Prensa hoy compartimos con nuestros lectores y cibernautas, una galer\u00eda especial sobre el multitudinario desfile del 276\u00ba aniversario de la Tres veces Her\u00f3ica Ciudad de San Felipe.\" style=\"width: 424px; height: 279px;\" \/> <\/a> <div class=\"tiled-gallery-caption\" itemprop=\"caption description\"> Las c\u00e1maras de Diario El Trabajo y su Departamento de Prensa hoy compartimos con nuestros lectores y cibernautas, una galer\u00eda especial sobre el multitudinario desfile del 276\u00ba aniversario de la Tres veces Her\u00f3ica Ciudad de San Felipe. <\/div> <\/div> <\/div> <!-- close group --> <\/div> <!-- close row --> <div class=\"gallery-row\" style=\"width: 640px; height: 142px;\" data-original-width=\"640\" data-original-height=\"142\" > <div class=\"gallery-group images-1\" style=\"width: 214px; height: 142px;\" data-original-width=\"214\" data-original-height=\"142\" > <div class=\"tiled-gallery-item tiled-gallery-item-small\" itemprop=\"associatedMedia\" itemscope itemtype=\"http:\/\/schema.org\/ImageObject\"> <a href=\"https:\/\/eltrabajo.cl\/portal\/magistral-desfile-sacudio-nuestra-ciudad-ayer-frente-a-la-plaza-de-armas\/sanfelipenos-2\/\" border=\"0\" itemprop=\"url\"> <meta itemprop=\"width\" content=\"210\"> <meta itemprop=\"height\" content=\"138\"> <img decoding=\"async\" class=\"\" data-attachment-id=\"72529\" data-orig-file=\"https:\/\/eltrabajo.cl\/portal\/wp-content\/uploads\/2016\/08\/sanfelipe\u00f1os-2.jpg\" data-orig-size=\"530,349\" data-comments-opened=\"1\" data-image-meta=\"{&quot;aperture&quot;:&quot;0&quot;,&quot;credit&quot;:&quot;&quot;,&quot;camera&quot;:&quot;&quot;,&quot;caption&quot;:&quot;&quot;,&quot;created_timestamp&quot;:&quot;0&quot;,&quot;copyright&quot;:&quot;&quot;,&quot;focal_length&quot;:&quot;0&quot;,&quot;iso&quot;:&quot;0&quot;,&quot;shutter_speed&quot;:&quot;0&quot;,&quot;title&quot;:&quot;&quot;,&quot;orientation&quot;:&quot;0&quot;}\" data-image-title=\"Las c\u00e1maras de Diario El Trabajo y su Departamento de Prensa hoy compartimos con nuestros lectores y cibernautas, una galer\u00eda especial sobre el multitudinario desfile del 276\u00ba aniversario de la Tres veces Her\u00f3ica Ciudad de San Felipe.\" data-image-description=\"&lt;p&gt;Las c\u00e1maras de Diario El Trabajo y su Departamento de Prensa hoy compartimos con nuestros lectores y cibernautas, una galer\u00eda especial sobre el multitudinario desfile del 276\u00ba aniversario de la Tres veces Her\u00f3ica Ciudad de San Felipe. &lt;\/p&gt; \" data-medium-file=\"https:\/\/i0.wp.com\/eltrabajo.cl\/portal\/wp-content\/uploads\/2016\/08\/sanfelipe%C3%B1os-2.jpg?fit=300%2C198&#038;ssl=1\" data-large-file=\"https:\/\/i0.wp.com\/eltrabajo.cl\/portal\/wp-content\/uploads\/2016\/08\/sanfelipe%C3%B1os-2.jpg?fit=530%2C349&#038;ssl=1\" src=\"https:\/\/i0.wp.com\/eltrabajo.cl\/portal\/wp-content\/uploads\/2016\/08\/sanfelipe%C3%B1os-2.jpg?w=210&#038;h=138&#038;ssl=1\" width=\"210\" height=\"138\" loading=\"lazy\" data-original-width=\"210\" data-original-height=\"138\" itemprop=\"http:\/\/schema.org\/image\" title=\"Las c\u00e1maras de Diario El Trabajo y su Departamento de Prensa hoy compartimos con nuestros lectores y cibernautas, una galer\u00eda especial sobre el multitudinario desfile del 276\u00ba aniversario de la Tres veces Her\u00f3ica Ciudad de San Felipe.\" alt=\"Las c\u00e1maras de Diario El Trabajo y su Departamento de Prensa hoy compartimos con nuestros lectores y cibernautas, una galer\u00eda especial sobre el multitudinario desfile del 276\u00ba aniversario de la Tres veces Her\u00f3ica Ciudad de San Felipe.\" style=\"width: 210px; height: 138px;\" \/> <\/a> <div class=\"tiled-gallery-caption\" itemprop=\"caption description\"> Las c\u00e1maras de Diario El Trabajo y su Departamento de Prensa hoy compartimos con nuestros lectores y cibernautas, una galer\u00eda especial sobre el multitudinario desfile del 276\u00ba aniversario de la Tres veces Her\u00f3ica Ciudad de San Felipe. <\/div> <\/div> <\/div> <!-- close group --> <div class=\"gallery-group images-1\" style=\"width: 213px; height: 142px;\" data-original-width=\"213\" data-original-height=\"142\" > <div class=\"tiled-gallery-item tiled-gallery-item-small\" itemprop=\"associatedMedia\" itemscope itemtype=\"http:\/\/schema.org\/ImageObject\"> <a href=\"https:\/\/eltrabajo.cl\/portal\/magistral-desfile-sacudio-nuestra-ciudad-ayer-frente-a-la-plaza-de-armas\/sanfelipenos-1\/\" border=\"0\" itemprop=\"url\"> <meta itemprop=\"width\" content=\"209\"> <meta itemprop=\"height\" content=\"138\"> <img decoding=\"async\" class=\"\" data-attachment-id=\"72528\" data-orig-file=\"https:\/\/eltrabajo.cl\/portal\/wp-content\/uploads\/2016\/08\/sanfelipe\u00f1os-1.jpg\" data-orig-size=\"530,349\" data-comments-opened=\"1\" data-image-meta=\"{&quot;aperture&quot;:&quot;0&quot;,&quot;credit&quot;:&quot;&quot;,&quot;camera&quot;:&quot;&quot;,&quot;caption&quot;:&quot;&quot;,&quot;created_timestamp&quot;:&quot;0&quot;,&quot;copyright&quot;:&quot;&quot;,&quot;focal_length&quot;:&quot;0&quot;,&quot;iso&quot;:&quot;0&quot;,&quot;shutter_speed&quot;:&quot;0&quot;,&quot;title&quot;:&quot;&quot;,&quot;orientation&quot;:&quot;0&quot;}\" data-image-title=\"Las c\u00e1maras de Diario El Trabajo y su Departamento de Prensa hoy compartimos con nuestros lectores y cibernautas, una galer\u00eda especial sobre el multitudinario desfile del 276\u00ba aniversario de la Tres veces Her\u00f3ica Ciudad de San Felipe.\" data-image-description=\"&lt;p&gt;Las c\u00e1maras de Diario El Trabajo y su Departamento de Prensa hoy compartimos con nuestros lectores y cibernautas, una galer\u00eda especial sobre el multitudinario desfile del 276\u00ba aniversario de la Tres veces Her\u00f3ica Ciudad de San Felipe. &lt;\/p&gt; \" data-medium-file=\"https:\/\/i0.wp.com\/eltrabajo.cl\/portal\/wp-content\/uploads\/2016\/08\/sanfelipe%C3%B1os-1.jpg?fit=300%2C198&#038;ssl=1\" data-large-file=\"https:\/\/i0.wp.com\/eltrabajo.cl\/portal\/wp-content\/uploads\/2016\/08\/sanfelipe%C3%B1os-1.jpg?fit=530%2C349&#038;ssl=1\" src=\"https:\/\/i0.wp.com\/eltrabajo.cl\/portal\/wp-content\/uploads\/2016\/08\/sanfelipe%C3%B1os-1.jpg?w=209&#038;h=138&#038;ssl=1\" width=\"209\" height=\"138\" loading=\"lazy\" data-original-width=\"209\" data-original-height=\"138\" itemprop=\"http:\/\/schema.org\/image\" title=\"Las c\u00e1maras de Diario El Trabajo y su Departamento de Prensa hoy compartimos con nuestros lectores y cibernautas, una galer\u00eda especial sobre el multitudinario desfile del 276\u00ba aniversario de la Tres veces Her\u00f3ica Ciudad de San Felipe.\" alt=\"Las c\u00e1maras de Diario El Trabajo y su Departamento de Prensa hoy compartimos con nuestros lectores y cibernautas, una galer\u00eda especial sobre el multitudinario desfile del 276\u00ba aniversario de la Tres veces Her\u00f3ica Ciudad de San Felipe.\" style=\"width: 209px; height: 138px;\" \/> <\/a> <div class=\"tiled-gallery-caption\" itemprop=\"caption description\"> Las c\u00e1maras de Diario El Trabajo y su Departamento de Prensa hoy compartimos con nuestros lectores y cibernautas, una galer\u00eda especial sobre el multitudinario desfile del 276\u00ba aniversario de la Tres veces Her\u00f3ica Ciudad de San Felipe. <\/div> <\/div> <\/div> <!-- close group --> <div class=\"gallery-group images-1\" style=\"width: 213px; height: 142px;\" data-original-width=\"213\" data-original-height=\"142\" > <div class=\"tiled-gallery-item tiled-gallery-item-small\" itemprop=\"associatedMedia\" itemscope itemtype=\"http:\/\/schema.org\/ImageObject\"> <a href=\"https:\/\/eltrabajo.cl\/portal\/magistral-desfile-sacudio-nuestra-ciudad-ayer-frente-a-la-plaza-de-armas\/raimapu33\/\" border=\"0\" itemprop=\"url\"> <meta itemprop=\"width\" content=\"209\"> <meta itemprop=\"height\" content=\"138\"> <img decoding=\"async\" class=\"\" data-attachment-id=\"72527\" data-orig-file=\"https:\/\/eltrabajo.cl\/portal\/wp-content\/uploads\/2016\/08\/Raimapu33.jpg\" data-orig-size=\"530,349\" data-comments-opened=\"1\" data-image-meta=\"{&quot;aperture&quot;:&quot;0&quot;,&quot;credit&quot;:&quot;&quot;,&quot;camera&quot;:&quot;&quot;,&quot;caption&quot;:&quot;&quot;,&quot;created_timestamp&quot;:&quot;0&quot;,&quot;copyright&quot;:&quot;&quot;,&quot;focal_length&quot;:&quot;0&quot;,&quot;iso&quot;:&quot;0&quot;,&quot;shutter_speed&quot;:&quot;0&quot;,&quot;title&quot;:&quot;&quot;,&quot;orientation&quot;:&quot;0&quot;}\" data-image-title=\"Las c\u00e1maras de Diario El Trabajo y su Departamento de Prensa hoy compartimos con nuestros lectores y cibernautas, una galer\u00eda especial sobre el multitudinario desfile del 276\u00ba aniversario de la Tres veces Her\u00f3ica Ciudad de San Felipe.\" data-image-description=\"&lt;p&gt;Las c\u00e1maras de Diario El Trabajo y su Departamento de Prensa hoy compartimos con nuestros lectores y cibernautas, una galer\u00eda especial sobre el multitudinario desfile del 276\u00ba aniversario de la Tres veces Her\u00f3ica Ciudad de San Felipe. &lt;\/p&gt; \" data-medium-file=\"https:\/\/i0.wp.com\/eltrabajo.cl\/portal\/wp-content\/uploads\/2016\/08\/Raimapu33.jpg?fit=300%2C198&#038;ssl=1\" data-large-file=\"https:\/\/i0.wp.com\/eltrabajo.cl\/portal\/wp-content\/uploads\/2016\/08\/Raimapu33.jpg?fit=530%2C349&#038;ssl=1\" src=\"https:\/\/i0.wp.com\/eltrabajo.cl\/portal\/wp-content\/uploads\/2016\/08\/Raimapu33.jpg?w=209&#038;h=138&#038;ssl=1\" srcset=\"https:\/\/i0.wp.com\/eltrabajo.cl\/portal\/wp-content\/uploads\/2016\/08\/Raimapu33.jpg?w=530&amp;ssl=1 530w, https:\/\/i0.wp.com\/eltrabajo.cl\/portal\/wp-content\/uploads\/2016\/08\/Raimapu33.jpg?resize=200%2C132&amp;ssl=1 200w, https:\/\/i0.wp.com\/eltrabajo.cl\/portal\/wp-content\/uploads\/2016\/08\/Raimapu33.jpg?resize=300%2C198&amp;ssl=1 300w, https:\/\/i0.wp.com\/eltrabajo.cl\/portal\/wp-content\/uploads\/2016\/08\/Raimapu33.jpg?resize=228%2C150&amp;ssl=1 228w, https:\/\/i0.wp.com\/eltrabajo.cl\/portal\/wp-content\/uploads\/2016\/08\/Raimapu33.jpg?resize=400%2C263&amp;ssl=1 400w\" width=\"209\" height=\"138\" loading=\"lazy\" data-original-width=\"209\" data-original-height=\"138\" itemprop=\"http:\/\/schema.org\/image\" title=\"Las c\u00e1maras de Diario El Trabajo y su Departamento de Prensa hoy compartimos con nuestros lectores y cibernautas, una galer\u00eda especial sobre el multitudinario desfile del 276\u00ba aniversario de la Tres veces Her\u00f3ica Ciudad de San Felipe.\" alt=\"Las c\u00e1maras de Diario El Trabajo y su Departamento de Prensa hoy compartimos con nuestros lectores y cibernautas, una galer\u00eda especial sobre el multitudinario desfile del 276\u00ba aniversario de la Tres veces Her\u00f3ica Ciudad de San Felipe.\" style=\"width: 209px; height: 138px;\" \/> <\/a> <div class=\"tiled-gallery-caption\" itemprop=\"caption description\"> Las c\u00e1maras de Diario El Trabajo y su Departamento de Prensa hoy compartimos con nuestros lectores y cibernautas, una galer\u00eda especial sobre el multitudinario desfile del 276\u00ba aniversario de la Tres veces Her\u00f3ica Ciudad de San Felipe. <\/div> <\/div> <\/div> <!-- close group --> <\/div> <!-- close row --> <div class=\"gallery-row\" style=\"width: 640px; height: 212px;\" data-original-width=\"640\" data-original-height=\"212\" > <div class=\"gallery-group images-1\" style=\"width: 320px; height: 212px;\" data-original-width=\"320\" data-original-height=\"212\" > <div class=\"tiled-gallery-item tiled-gallery-item-large\" itemprop=\"associatedMedia\" itemscope itemtype=\"http:\/\/schema.org\/ImageObject\"> <a href=\"https:\/\/eltrabajo.cl\/portal\/magistral-desfile-sacudio-nuestra-ciudad-ayer-frente-a-la-plaza-de-armas\/publico1-15\/\" border=\"0\" itemprop=\"url\"> <meta itemprop=\"width\" content=\"316\"> <meta itemprop=\"height\" content=\"208\"> <img decoding=\"async\" class=\"\" data-attachment-id=\"72526\" data-orig-file=\"https:\/\/eltrabajo.cl\/portal\/wp-content\/uploads\/2016\/08\/Publico1.jpg\" data-orig-size=\"530,349\" data-comments-opened=\"1\" data-image-meta=\"{&quot;aperture&quot;:&quot;0&quot;,&quot;credit&quot;:&quot;&quot;,&quot;camera&quot;:&quot;&quot;,&quot;caption&quot;:&quot;&quot;,&quot;created_timestamp&quot;:&quot;0&quot;,&quot;copyright&quot;:&quot;&quot;,&quot;focal_length&quot;:&quot;0&quot;,&quot;iso&quot;:&quot;0&quot;,&quot;shutter_speed&quot;:&quot;0&quot;,&quot;title&quot;:&quot;&quot;,&quot;orientation&quot;:&quot;0&quot;}\" data-image-title=\"Las c\u00e1maras de Diario El Trabajo y su Departamento de Prensa hoy compartimos con nuestros lectores y cibernautas, una galer\u00eda especial sobre el multitudinario desfile del 276\u00ba aniversario de la Tres veces Her\u00f3ica Ciudad de San Felipe.\" data-image-description=\"&lt;p&gt;Las c\u00e1maras de Diario El Trabajo y su Departamento de Prensa hoy compartimos con nuestros lectores y cibernautas, una galer\u00eda especial sobre el multitudinario desfile del 276\u00ba aniversario de la Tres veces Her\u00f3ica Ciudad de San Felipe. &lt;\/p&gt; \" data-medium-file=\"https:\/\/i0.wp.com\/eltrabajo.cl\/portal\/wp-content\/uploads\/2016\/08\/Publico1.jpg?fit=300%2C198&#038;ssl=1\" data-large-file=\"https:\/\/i0.wp.com\/eltrabajo.cl\/portal\/wp-content\/uploads\/2016\/08\/Publico1.jpg?fit=530%2C349&#038;ssl=1\" src=\"https:\/\/i0.wp.com\/eltrabajo.cl\/portal\/wp-content\/uploads\/2016\/08\/Publico1.jpg?w=316&#038;h=208&#038;ssl=1\" srcset=\"https:\/\/i0.wp.com\/eltrabajo.cl\/portal\/wp-content\/uploads\/2016\/08\/Publico1.jpg?w=530&amp;ssl=1 530w, https:\/\/i0.wp.com\/eltrabajo.cl\/portal\/wp-content\/uploads\/2016\/08\/Publico1.jpg?resize=200%2C132&amp;ssl=1 200w, https:\/\/i0.wp.com\/eltrabajo.cl\/portal\/wp-content\/uploads\/2016\/08\/Publico1.jpg?resize=300%2C198&amp;ssl=1 300w, https:\/\/i0.wp.com\/eltrabajo.cl\/portal\/wp-content\/uploads\/2016\/08\/Publico1.jpg?resize=228%2C150&amp;ssl=1 228w, https:\/\/i0.wp.com\/eltrabajo.cl\/portal\/wp-content\/uploads\/2016\/08\/Publico1.jpg?resize=400%2C263&amp;ssl=1 400w\" width=\"316\" height=\"208\" loading=\"lazy\" data-original-width=\"316\" data-original-height=\"208\" itemprop=\"http:\/\/schema.org\/image\" title=\"Las c\u00e1maras de Diario El Trabajo y su Departamento de Prensa hoy compartimos con nuestros lectores y cibernautas, una galer\u00eda especial sobre el multitudinario desfile del 276\u00ba aniversario de la Tres veces Her\u00f3ica Ciudad de San Felipe.\" alt=\"Las c\u00e1maras de Diario El Trabajo y su Departamento de Prensa hoy compartimos con nuestros lectores y cibernautas, una galer\u00eda especial sobre el multitudinario desfile del 276\u00ba aniversario de la Tres veces Her\u00f3ica Ciudad de San Felipe.\" style=\"width: 316px; height: 208px;\" \/> <\/a> <div class=\"tiled-gallery-caption\" itemprop=\"caption description\"> Las c\u00e1maras de Diario El Trabajo y su Departamento de Prensa hoy compartimos con nuestros lectores y cibernautas, una galer\u00eda especial sobre el multitudinario desfile del 276\u00ba aniversario de la Tres veces Her\u00f3ica Ciudad de San Felipe. <\/div> <\/div> <\/div> <!-- close group --> <div class=\"gallery-group images-1\" style=\"width: 320px; height: 212px;\" data-original-width=\"320\" data-original-height=\"212\" > <div class=\"tiled-gallery-item tiled-gallery-item-large\" itemprop=\"associatedMedia\" itemscope itemtype=\"http:\/\/schema.org\/ImageObject\"> <a href=\"https:\/\/eltrabajo.cl\/portal\/magistral-desfile-sacudio-nuestra-ciudad-ayer-frente-a-la-plaza-de-armas\/otemoana33\/\" border=\"0\" itemprop=\"url\"> <meta itemprop=\"width\" content=\"316\"> <meta itemprop=\"height\" content=\"208\"> <img decoding=\"async\" class=\"\" data-attachment-id=\"72525\" data-orig-file=\"https:\/\/eltrabajo.cl\/portal\/wp-content\/uploads\/2016\/08\/OteMoana33.jpg\" data-orig-size=\"530,349\" data-comments-opened=\"1\" data-image-meta=\"{&quot;aperture&quot;:&quot;0&quot;,&quot;credit&quot;:&quot;&quot;,&quot;camera&quot;:&quot;&quot;,&quot;caption&quot;:&quot;&quot;,&quot;created_timestamp&quot;:&quot;0&quot;,&quot;copyright&quot;:&quot;&quot;,&quot;focal_length&quot;:&quot;0&quot;,&quot;iso&quot;:&quot;0&quot;,&quot;shutter_speed&quot;:&quot;0&quot;,&quot;title&quot;:&quot;&quot;,&quot;orientation&quot;:&quot;0&quot;}\" data-image-title=\"Las c\u00e1maras de Diario El Trabajo y su Departamento de Prensa hoy compartimos con nuestros lectores y cibernautas, una galer\u00eda especial sobre el multitudinario desfile del 276\u00ba aniversario de la Tres veces Her\u00f3ica Ciudad de San Felipe.\" data-image-description=\"&lt;p&gt;Las c\u00e1maras de Diario El Trabajo y su Departamento de Prensa hoy compartimos con nuestros lectores y cibernautas, una galer\u00eda especial sobre el multitudinario desfile del 276\u00ba aniversario de la Tres veces Her\u00f3ica Ciudad de San Felipe. &lt;\/p&gt; \" data-medium-file=\"https:\/\/i0.wp.com\/eltrabajo.cl\/portal\/wp-content\/uploads\/2016\/08\/OteMoana33.jpg?fit=300%2C198&#038;ssl=1\" data-large-file=\"https:\/\/i0.wp.com\/eltrabajo.cl\/portal\/wp-content\/uploads\/2016\/08\/OteMoana33.jpg?fit=530%2C349&#038;ssl=1\" src=\"https:\/\/i0.wp.com\/eltrabajo.cl\/portal\/wp-content\/uploads\/2016\/08\/OteMoana33.jpg?w=316&#038;h=208&#038;ssl=1\" srcset=\"https:\/\/i0.wp.com\/eltrabajo.cl\/portal\/wp-content\/uploads\/2016\/08\/OteMoana33.jpg?w=530&amp;ssl=1 530w, https:\/\/i0.wp.com\/eltrabajo.cl\/portal\/wp-content\/uploads\/2016\/08\/OteMoana33.jpg?resize=200%2C132&amp;ssl=1 200w, https:\/\/i0.wp.com\/eltrabajo.cl\/portal\/wp-content\/uploads\/2016\/08\/OteMoana33.jpg?resize=300%2C198&amp;ssl=1 300w, https:\/\/i0.wp.com\/eltrabajo.cl\/portal\/wp-content\/uploads\/2016\/08\/OteMoana33.jpg?resize=228%2C150&amp;ssl=1 228w, https:\/\/i0.wp.com\/eltrabajo.cl\/portal\/wp-content\/uploads\/2016\/08\/OteMoana33.jpg?resize=400%2C263&amp;ssl=1 400w\" width=\"316\" height=\"208\" loading=\"lazy\" data-original-width=\"316\" data-original-height=\"208\" itemprop=\"http:\/\/schema.org\/image\" title=\"Las c\u00e1maras de Diario El Trabajo y su Departamento de Prensa hoy compartimos con nuestros lectores y cibernautas, una galer\u00eda especial sobre el multitudinario desfile del 276\u00ba aniversario de la Tres veces Her\u00f3ica Ciudad de San Felipe.\" alt=\"Las c\u00e1maras de Diario El Trabajo y su Departamento de Prensa hoy compartimos con nuestros lectores y cibernautas, una galer\u00eda especial sobre el multitudinario desfile del 276\u00ba aniversario de la Tres veces Her\u00f3ica Ciudad de San Felipe.\" style=\"width: 316px; height: 208px;\" \/> <\/a> <div class=\"tiled-gallery-caption\" itemprop=\"caption description\"> Las c\u00e1maras de Diario El Trabajo y su Departamento de Prensa hoy compartimos con nuestros lectores y cibernautas, una galer\u00eda especial sobre el multitudinario desfile del 276\u00ba aniversario de la Tres veces Her\u00f3ica Ciudad de San Felipe. <\/div> <\/div> <\/div> <!-- close group --> <\/div> <!-- close row --> <div class=\"gallery-row\" style=\"width: 640px; height: 283px;\" data-original-width=\"640\" data-original-height=\"283\" > <div class=\"gallery-group images-1\" style=\"width: 427px; height: 283px;\" data-original-width=\"427\" data-original-height=\"283\" > <div class=\"tiled-gallery-item tiled-gallery-item-large\" itemprop=\"associatedMedia\" itemscope itemtype=\"http:\/\/schema.org\/ImageObject\"> <a href=\"https:\/\/eltrabajo.cl\/portal\/magistral-desfile-sacudio-nuestra-ciudad-ayer-frente-a-la-plaza-de-armas\/ojazos33\/\" border=\"0\" itemprop=\"url\"> <meta itemprop=\"width\" content=\"423\"> <meta itemprop=\"height\" content=\"279\"> <img decoding=\"async\" class=\"\" data-attachment-id=\"72524\" data-orig-file=\"https:\/\/eltrabajo.cl\/portal\/wp-content\/uploads\/2016\/08\/Ojazos33.jpg\" data-orig-size=\"530,350\" data-comments-opened=\"1\" data-image-meta=\"{&quot;aperture&quot;:&quot;0&quot;,&quot;credit&quot;:&quot;&quot;,&quot;camera&quot;:&quot;&quot;,&quot;caption&quot;:&quot;&quot;,&quot;created_timestamp&quot;:&quot;0&quot;,&quot;copyright&quot;:&quot;&quot;,&quot;focal_length&quot;:&quot;0&quot;,&quot;iso&quot;:&quot;0&quot;,&quot;shutter_speed&quot;:&quot;0&quot;,&quot;title&quot;:&quot;&quot;,&quot;orientation&quot;:&quot;0&quot;}\" data-image-title=\"Las c\u00e1maras de Diario El Trabajo y su Departamento de Prensa hoy compartimos con nuestros lectores y cibernautas, una galer\u00eda especial sobre el multitudinario desfile del 276\u00ba aniversario de la Tres veces Her\u00f3ica Ciudad de San Felipe.\" data-image-description=\"&lt;p&gt;Las c\u00e1maras de Diario El Trabajo y su Departamento de Prensa hoy compartimos con nuestros lectores y cibernautas, una galer\u00eda especial sobre el multitudinario desfile del 276\u00ba aniversario de la Tres veces Her\u00f3ica Ciudad de San Felipe. &lt;\/p&gt; \" data-medium-file=\"https:\/\/i0.wp.com\/eltrabajo.cl\/portal\/wp-content\/uploads\/2016\/08\/Ojazos33.jpg?fit=300%2C198&#038;ssl=1\" data-large-file=\"https:\/\/i0.wp.com\/eltrabajo.cl\/portal\/wp-content\/uploads\/2016\/08\/Ojazos33.jpg?fit=530%2C350&#038;ssl=1\" src=\"https:\/\/i0.wp.com\/eltrabajo.cl\/portal\/wp-content\/uploads\/2016\/08\/Ojazos33.jpg?w=423&#038;h=279&#038;ssl=1\" srcset=\"https:\/\/i0.wp.com\/eltrabajo.cl\/portal\/wp-content\/uploads\/2016\/08\/Ojazos33.jpg?w=530&amp;ssl=1 530w, https:\/\/i0.wp.com\/eltrabajo.cl\/portal\/wp-content\/uploads\/2016\/08\/Ojazos33.jpg?resize=200%2C132&amp;ssl=1 200w, https:\/\/i0.wp.com\/eltrabajo.cl\/portal\/wp-content\/uploads\/2016\/08\/Ojazos33.jpg?resize=300%2C198&amp;ssl=1 300w, https:\/\/i0.wp.com\/eltrabajo.cl\/portal\/wp-content\/uploads\/2016\/08\/Ojazos33.jpg?resize=227%2C150&amp;ssl=1 227w, https:\/\/i0.wp.com\/eltrabajo.cl\/portal\/wp-content\/uploads\/2016\/08\/Ojazos33.jpg?resize=400%2C264&amp;ssl=1 400w\" width=\"423\" height=\"279\" loading=\"lazy\" data-original-width=\"423\" data-original-height=\"279\" itemprop=\"http:\/\/schema.org\/image\" title=\"Las c\u00e1maras de Diario El Trabajo y su Departamento de Prensa hoy compartimos con nuestros lectores y cibernautas, una galer\u00eda especial sobre el multitudinario desfile del 276\u00ba aniversario de la Tres veces Her\u00f3ica Ciudad de San Felipe.\" alt=\"Las c\u00e1maras de Diario El Trabajo y su Departamento de Prensa hoy compartimos con nuestros lectores y cibernautas, una galer\u00eda especial sobre el multitudinario desfile del 276\u00ba aniversario de la Tres veces Her\u00f3ica Ciudad de San Felipe.\" style=\"width: 423px; height: 279px;\" \/> <\/a> <div class=\"tiled-gallery-caption\" itemprop=\"caption description\"> Las c\u00e1maras de Diario El Trabajo y su Departamento de Prensa hoy compartimos con nuestros lectores y cibernautas, una galer\u00eda especial sobre el multitudinario desfile del 276\u00ba aniversario de la Tres veces Her\u00f3ica Ciudad de San Felipe. <\/div> <\/div> <\/div> <!-- close group --> <div class=\"gallery-group images-2\" style=\"width: 213px; height: 283px;\" data-original-width=\"213\" data-original-height=\"283\" > <div class=\"tiled-gallery-item tiled-gallery-item-small\" itemprop=\"associatedMedia\" itemscope itemtype=\"http:\/\/schema.org\/ImageObject\"> <a href=\"https:\/\/eltrabajo.cl\/portal\/magistral-desfile-sacudio-nuestra-ciudad-ayer-frente-a-la-plaza-de-armas\/nietalcalde\/\" border=\"0\" itemprop=\"url\"> <meta itemprop=\"width\" content=\"209\"> <meta itemprop=\"height\" content=\"137\"> <img decoding=\"async\" class=\"\" data-attachment-id=\"72523\" data-orig-file=\"https:\/\/eltrabajo.cl\/portal\/wp-content\/uploads\/2016\/08\/NietAlcalde.jpg\" data-orig-size=\"530,349\" data-comments-opened=\"1\" data-image-meta=\"{&quot;aperture&quot;:&quot;0&quot;,&quot;credit&quot;:&quot;&quot;,&quot;camera&quot;:&quot;&quot;,&quot;caption&quot;:&quot;&quot;,&quot;created_timestamp&quot;:&quot;0&quot;,&quot;copyright&quot;:&quot;&quot;,&quot;focal_length&quot;:&quot;0&quot;,&quot;iso&quot;:&quot;0&quot;,&quot;shutter_speed&quot;:&quot;0&quot;,&quot;title&quot;:&quot;&quot;,&quot;orientation&quot;:&quot;0&quot;}\" data-image-title=\"Las c\u00e1maras de Diario El Trabajo y su Departamento de Prensa hoy compartimos con nuestros lectores y cibernautas, una galer\u00eda especial sobre el multitudinario desfile del 276\u00ba aniversario de la Tres veces Her\u00f3ica Ciudad de San Felipe.\" data-image-description=\"&lt;p&gt;Las c\u00e1maras de Diario El Trabajo y su Departamento de Prensa hoy compartimos con nuestros lectores y cibernautas, una galer\u00eda especial sobre el multitudinario desfile del 276\u00ba aniversario de la Tres veces Her\u00f3ica Ciudad de San Felipe. &lt;\/p&gt; \" data-medium-file=\"https:\/\/i0.wp.com\/eltrabajo.cl\/portal\/wp-content\/uploads\/2016\/08\/NietAlcalde.jpg?fit=300%2C198&#038;ssl=1\" data-large-file=\"https:\/\/i0.wp.com\/eltrabajo.cl\/portal\/wp-content\/uploads\/2016\/08\/NietAlcalde.jpg?fit=530%2C349&#038;ssl=1\" src=\"https:\/\/i0.wp.com\/eltrabajo.cl\/portal\/wp-content\/uploads\/2016\/08\/NietAlcalde.jpg?w=209&#038;h=137&#038;ssl=1\" srcset=\"https:\/\/i0.wp.com\/eltrabajo.cl\/portal\/wp-content\/uploads\/2016\/08\/NietAlcalde.jpg?w=530&amp;ssl=1 530w, https:\/\/i0.wp.com\/eltrabajo.cl\/portal\/wp-content\/uploads\/2016\/08\/NietAlcalde.jpg?resize=200%2C132&amp;ssl=1 200w, https:\/\/i0.wp.com\/eltrabajo.cl\/portal\/wp-content\/uploads\/2016\/08\/NietAlcalde.jpg?resize=300%2C198&amp;ssl=1 300w, https:\/\/i0.wp.com\/eltrabajo.cl\/portal\/wp-content\/uploads\/2016\/08\/NietAlcalde.jpg?resize=228%2C150&amp;ssl=1 228w, https:\/\/i0.wp.com\/eltrabajo.cl\/portal\/wp-content\/uploads\/2016\/08\/NietAlcalde.jpg?resize=400%2C263&amp;ssl=1 400w\" width=\"209\" height=\"137\" loading=\"lazy\" data-original-width=\"209\" data-original-height=\"137\" itemprop=\"http:\/\/schema.org\/image\" title=\"Las c\u00e1maras de Diario El Trabajo y su Departamento de Prensa hoy compartimos con nuestros lectores y cibernautas, una galer\u00eda especial sobre el multitudinario desfile del 276\u00ba aniversario de la Tres veces Her\u00f3ica Ciudad de San Felipe.\" alt=\"Las c\u00e1maras de Diario El Trabajo y su Departamento de Prensa hoy compartimos con nuestros lectores y cibernautas, una galer\u00eda especial sobre el multitudinario desfile del 276\u00ba aniversario de la Tres veces Her\u00f3ica Ciudad de San Felipe.\" style=\"width: 209px; height: 137px;\" \/> <\/a> <div class=\"tiled-gallery-caption\" itemprop=\"caption description\"> Las c\u00e1maras de Diario El Trabajo y su Departamento de Prensa hoy compartimos con nuestros lectores y cibernautas, una galer\u00eda especial sobre el multitudinario desfile del 276\u00ba aniversario de la Tres veces Her\u00f3ica Ciudad de San Felipe. <\/div> <\/div> <div class=\"tiled-gallery-item tiled-gallery-item-small\" itemprop=\"associatedMedia\" itemscope itemtype=\"http:\/\/schema.org\/ImageObject\"> <a href=\"https:\/\/eltrabajo.cl\/portal\/magistral-desfile-sacudio-nuestra-ciudad-ayer-frente-a-la-plaza-de-armas\/misnuevaspalabras\/\" border=\"0\" itemprop=\"url\"> <meta itemprop=\"width\" content=\"209\"> <meta itemprop=\"height\" content=\"138\"> <img decoding=\"async\" class=\"\" data-attachment-id=\"72522\" data-orig-file=\"https:\/\/eltrabajo.cl\/portal\/wp-content\/uploads\/2016\/08\/MisNuevasPalabras.jpg\" data-orig-size=\"530,350\" data-comments-opened=\"1\" data-image-meta=\"{&quot;aperture&quot;:&quot;0&quot;,&quot;credit&quot;:&quot;&quot;,&quot;camera&quot;:&quot;&quot;,&quot;caption&quot;:&quot;&quot;,&quot;created_timestamp&quot;:&quot;0&quot;,&quot;copyright&quot;:&quot;&quot;,&quot;focal_length&quot;:&quot;0&quot;,&quot;iso&quot;:&quot;0&quot;,&quot;shutter_speed&quot;:&quot;0&quot;,&quot;title&quot;:&quot;&quot;,&quot;orientation&quot;:&quot;0&quot;}\" data-image-title=\"Las c\u00e1maras de Diario El Trabajo y su Departamento de Prensa hoy compartimos con nuestros lectores y cibernautas, una galer\u00eda especial sobre el multitudinario desfile del 276\u00ba aniversario de la Tres veces Her\u00f3ica Ciudad de San Felipe.\" data-image-description=\"&lt;p&gt;Las c\u00e1maras de Diario El Trabajo y su Departamento de Prensa hoy compartimos con nuestros lectores y cibernautas, una galer\u00eda especial sobre el multitudinario desfile del 276\u00ba aniversario de la Tres veces Her\u00f3ica Ciudad de San Felipe. &lt;\/p&gt; \" data-medium-file=\"https:\/\/i0.wp.com\/eltrabajo.cl\/portal\/wp-content\/uploads\/2016\/08\/MisNuevasPalabras.jpg?fit=300%2C198&#038;ssl=1\" data-large-file=\"https:\/\/i0.wp.com\/eltrabajo.cl\/portal\/wp-content\/uploads\/2016\/08\/MisNuevasPalabras.jpg?fit=530%2C350&#038;ssl=1\" src=\"https:\/\/i0.wp.com\/eltrabajo.cl\/portal\/wp-content\/uploads\/2016\/08\/MisNuevasPalabras.jpg?w=209&#038;h=138&#038;ssl=1\" srcset=\"https:\/\/i0.wp.com\/eltrabajo.cl\/portal\/wp-content\/uploads\/2016\/08\/MisNuevasPalabras.jpg?w=530&amp;ssl=1 530w, https:\/\/i0.wp.com\/eltrabajo.cl\/portal\/wp-content\/uploads\/2016\/08\/MisNuevasPalabras.jpg?resize=200%2C132&amp;ssl=1 200w, https:\/\/i0.wp.com\/eltrabajo.cl\/portal\/wp-content\/uploads\/2016\/08\/MisNuevasPalabras.jpg?resize=300%2C198&amp;ssl=1 300w, https:\/\/i0.wp.com\/eltrabajo.cl\/portal\/wp-content\/uploads\/2016\/08\/MisNuevasPalabras.jpg?resize=227%2C150&amp;ssl=1 227w, https:\/\/i0.wp.com\/eltrabajo.cl\/portal\/wp-content\/uploads\/2016\/08\/MisNuevasPalabras.jpg?resize=400%2C264&amp;ssl=1 400w\" width=\"209\" height=\"138\" loading=\"lazy\" data-original-width=\"209\" data-original-height=\"138\" itemprop=\"http:\/\/schema.org\/image\" title=\"Las c\u00e1maras de Diario El Trabajo y su Departamento de Prensa hoy compartimos con nuestros lectores y cibernautas, una galer\u00eda especial sobre el multitudinario desfile del 276\u00ba aniversario de la Tres veces Her\u00f3ica Ciudad de San Felipe.\" alt=\"Las c\u00e1maras de Diario El Trabajo y su Departamento de Prensa hoy compartimos con nuestros lectores y cibernautas, una galer\u00eda especial sobre el multitudinario desfile del 276\u00ba aniversario de la Tres veces Her\u00f3ica Ciudad de San Felipe.\" style=\"width: 209px; height: 138px;\" \/> <\/a> <div class=\"tiled-gallery-caption\" itemprop=\"caption description\"> Las c\u00e1maras de Diario El Trabajo y su Departamento de Prensa hoy compartimos con nuestros lectores y cibernautas, una galer\u00eda especial sobre el multitudinario desfile del 276\u00ba aniversario de la Tres veces Her\u00f3ica Ciudad de San Felipe. <\/div> <\/div> <\/div> <!-- close group --> <\/div> <!-- close row --> <div class=\"gallery-row\" style=\"width: 640px; height: 283px;\" data-original-width=\"640\" data-original-height=\"283\" > <div class=\"gallery-group images-2\" style=\"width: 213px; height: 283px;\" data-original-width=\"213\" data-original-height=\"283\" > <div class=\"tiled-gallery-item tiled-gallery-item-small\" itemprop=\"associatedMedia\" itemscope itemtype=\"http:\/\/schema.org\/ImageObject\"> <a href=\"https:\/\/eltrabajo.cl\/portal\/magistral-desfile-sacudio-nuestra-ciudad-ayer-frente-a-la-plaza-de-armas\/matilita33\/\" border=\"0\" itemprop=\"url\"> <meta itemprop=\"width\" content=\"209\"> <meta itemprop=\"height\" content=\"138\"> <img decoding=\"async\" class=\"\" data-attachment-id=\"72521\" data-orig-file=\"https:\/\/eltrabajo.cl\/portal\/wp-content\/uploads\/2016\/08\/Matilita33.jpg\" data-orig-size=\"530,349\" data-comments-opened=\"1\" data-image-meta=\"{&quot;aperture&quot;:&quot;0&quot;,&quot;credit&quot;:&quot;&quot;,&quot;camera&quot;:&quot;&quot;,&quot;caption&quot;:&quot;&quot;,&quot;created_timestamp&quot;:&quot;0&quot;,&quot;copyright&quot;:&quot;&quot;,&quot;focal_length&quot;:&quot;0&quot;,&quot;iso&quot;:&quot;0&quot;,&quot;shutter_speed&quot;:&quot;0&quot;,&quot;title&quot;:&quot;&quot;,&quot;orientation&quot;:&quot;0&quot;}\" data-image-title=\"Las c\u00e1maras de Diario El Trabajo y su Departamento de Prensa hoy compartimos con nuestros lectores y cibernautas, una galer\u00eda especial sobre el multitudinario desfile del 276\u00ba aniversario de la Tres veces Her\u00f3ica Ciudad de San Felipe.\" data-image-description=\"&lt;p&gt;Las c\u00e1maras de Diario El Trabajo y su Departamento de Prensa hoy compartimos con nuestros lectores y cibernautas, una galer\u00eda especial sobre el multitudinario desfile del 276\u00ba aniversario de la Tres veces Her\u00f3ica Ciudad de San Felipe. &lt;\/p&gt; \" data-medium-file=\"https:\/\/i0.wp.com\/eltrabajo.cl\/portal\/wp-content\/uploads\/2016\/08\/Matilita33.jpg?fit=300%2C198&#038;ssl=1\" data-large-file=\"https:\/\/i0.wp.com\/eltrabajo.cl\/portal\/wp-content\/uploads\/2016\/08\/Matilita33.jpg?fit=530%2C349&#038;ssl=1\" src=\"https:\/\/i0.wp.com\/eltrabajo.cl\/portal\/wp-content\/uploads\/2016\/08\/Matilita33.jpg?w=209&#038;h=138&#038;ssl=1\" srcset=\"https:\/\/i0.wp.com\/eltrabajo.cl\/portal\/wp-content\/uploads\/2016\/08\/Matilita33.jpg?w=530&amp;ssl=1 530w, https:\/\/i0.wp.com\/eltrabajo.cl\/portal\/wp-content\/uploads\/2016\/08\/Matilita33.jpg?resize=200%2C132&amp;ssl=1 200w, https:\/\/i0.wp.com\/eltrabajo.cl\/portal\/wp-content\/uploads\/2016\/08\/Matilita33.jpg?resize=300%2C198&amp;ssl=1 300w, https:\/\/i0.wp.com\/eltrabajo.cl\/portal\/wp-content\/uploads\/2016\/08\/Matilita33.jpg?resize=228%2C150&amp;ssl=1 228w, https:\/\/i0.wp.com\/eltrabajo.cl\/portal\/wp-content\/uploads\/2016\/08\/Matilita33.jpg?resize=400%2C263&amp;ssl=1 400w\" width=\"209\" height=\"138\" loading=\"lazy\" data-original-width=\"209\" data-original-height=\"138\" itemprop=\"http:\/\/schema.org\/image\" title=\"Las c\u00e1maras de Diario El Trabajo y su Departamento de Prensa hoy compartimos con nuestros lectores y cibernautas, una galer\u00eda especial sobre el multitudinario desfile del 276\u00ba aniversario de la Tres veces Her\u00f3ica Ciudad de San Felipe.\" alt=\"Las c\u00e1maras de Diario El Trabajo y su Departamento de Prensa hoy compartimos con nuestros lectores y cibernautas, una galer\u00eda especial sobre el multitudinario desfile del 276\u00ba aniversario de la Tres veces Her\u00f3ica Ciudad de San Felipe.\" style=\"width: 209px; height: 138px;\" \/> <\/a> <div class=\"tiled-gallery-caption\" itemprop=\"caption description\"> Las c\u00e1maras de Diario El Trabajo y su Departamento de Prensa hoy compartimos con nuestros lectores y cibernautas, una galer\u00eda especial sobre el multitudinario desfile del 276\u00ba aniversario de la Tres veces Her\u00f3ica Ciudad de San Felipe. <\/div> <\/div> <div class=\"tiled-gallery-item tiled-gallery-item-small\" itemprop=\"associatedMedia\" itemscope itemtype=\"http:\/\/schema.org\/ImageObject\"> <a href=\"https:\/\/eltrabajo.cl\/portal\/magistral-desfile-sacudio-nuestra-ciudad-ayer-frente-a-la-plaza-de-armas\/lenguaje33\/\" border=\"0\" itemprop=\"url\"> <meta itemprop=\"width\" content=\"209\"> <meta itemprop=\"height\" content=\"137\"> <img decoding=\"async\" class=\"\" data-attachment-id=\"72520\" data-orig-file=\"https:\/\/eltrabajo.cl\/portal\/wp-content\/uploads\/2016\/08\/Lenguaje33.jpg\" data-orig-size=\"530,349\" data-comments-opened=\"1\" data-image-meta=\"{&quot;aperture&quot;:&quot;0&quot;,&quot;credit&quot;:&quot;&quot;,&quot;camera&quot;:&quot;&quot;,&quot;caption&quot;:&quot;&quot;,&quot;created_timestamp&quot;:&quot;0&quot;,&quot;copyright&quot;:&quot;&quot;,&quot;focal_length&quot;:&quot;0&quot;,&quot;iso&quot;:&quot;0&quot;,&quot;shutter_speed&quot;:&quot;0&quot;,&quot;title&quot;:&quot;&quot;,&quot;orientation&quot;:&quot;0&quot;}\" data-image-title=\"Las c\u00e1maras de Diario El Trabajo y su Departamento de Prensa hoy compartimos con nuestros lectores y cibernautas, una galer\u00eda especial sobre el multitudinario desfile del 276\u00ba aniversario de la Tres veces Her\u00f3ica Ciudad de San Felipe.\" data-image-description=\"&lt;p&gt;Las c\u00e1maras de Diario El Trabajo y su Departamento de Prensa hoy compartimos con nuestros lectores y cibernautas, una galer\u00eda especial sobre el multitudinario desfile del 276\u00ba aniversario de la Tres veces Her\u00f3ica Ciudad de San Felipe. &lt;\/p&gt; \" data-medium-file=\"https:\/\/i0.wp.com\/eltrabajo.cl\/portal\/wp-content\/uploads\/2016\/08\/Lenguaje33.jpg?fit=300%2C198&#038;ssl=1\" data-large-file=\"https:\/\/i0.wp.com\/eltrabajo.cl\/portal\/wp-content\/uploads\/2016\/08\/Lenguaje33.jpg?fit=530%2C349&#038;ssl=1\" src=\"https:\/\/i0.wp.com\/eltrabajo.cl\/portal\/wp-content\/uploads\/2016\/08\/Lenguaje33.jpg?w=209&#038;h=137&#038;ssl=1\" srcset=\"https:\/\/i0.wp.com\/eltrabajo.cl\/portal\/wp-content\/uploads\/2016\/08\/Lenguaje33.jpg?w=530&amp;ssl=1 530w, https:\/\/i0.wp.com\/eltrabajo.cl\/portal\/wp-content\/uploads\/2016\/08\/Lenguaje33.jpg?resize=200%2C132&amp;ssl=1 200w, https:\/\/i0.wp.com\/eltrabajo.cl\/portal\/wp-content\/uploads\/2016\/08\/Lenguaje33.jpg?resize=300%2C198&amp;ssl=1 300w, https:\/\/i0.wp.com\/eltrabajo.cl\/portal\/wp-content\/uploads\/2016\/08\/Lenguaje33.jpg?resize=228%2C150&amp;ssl=1 228w, https:\/\/i0.wp.com\/eltrabajo.cl\/portal\/wp-content\/uploads\/2016\/08\/Lenguaje33.jpg?resize=400%2C263&amp;ssl=1 400w\" width=\"209\" height=\"137\" loading=\"lazy\" data-original-width=\"209\" data-original-height=\"137\" itemprop=\"http:\/\/schema.org\/image\" title=\"Las c\u00e1maras de Diario El Trabajo y su Departamento de Prensa hoy compartimos con nuestros lectores y cibernautas, una galer\u00eda especial sobre el multitudinario desfile del 276\u00ba aniversario de la Tres veces Her\u00f3ica Ciudad de San Felipe.\" alt=\"Las c\u00e1maras de Diario El Trabajo y su Departamento de Prensa hoy compartimos con nuestros lectores y cibernautas, una galer\u00eda especial sobre el multitudinario desfile del 276\u00ba aniversario de la Tres veces Her\u00f3ica Ciudad de San Felipe.\" style=\"width: 209px; height: 137px;\" \/> <\/a> <div class=\"tiled-gallery-caption\" itemprop=\"caption description\"> Las c\u00e1maras de Diario El Trabajo y su Departamento de Prensa hoy compartimos con nuestros lectores y cibernautas, una galer\u00eda especial sobre el multitudinario desfile del 276\u00ba aniversario de la Tres veces Her\u00f3ica Ciudad de San Felipe. <\/div> <\/div> <\/div> <!-- close group --> <div class=\"gallery-group images-1\" style=\"width: 427px; height: 283px;\" data-original-width=\"427\" data-original-height=\"283\" > <div class=\"tiled-gallery-item tiled-gallery-item-large\" itemprop=\"associatedMedia\" itemscope itemtype=\"http:\/\/schema.org\/ImageObject\"> <a href=\"https:\/\/eltrabajo.cl\/portal\/magistral-desfile-sacudio-nuestra-ciudad-ayer-frente-a-la-plaza-de-armas\/genial4\/\" border=\"0\" itemprop=\"url\"> <meta itemprop=\"width\" content=\"423\"> <meta itemprop=\"height\" content=\"279\"> <img decoding=\"async\" class=\"\" data-attachment-id=\"72519\" data-orig-file=\"https:\/\/eltrabajo.cl\/portal\/wp-content\/uploads\/2016\/08\/Genial4.jpg\" data-orig-size=\"530,350\" data-comments-opened=\"1\" data-image-meta=\"{&quot;aperture&quot;:&quot;0&quot;,&quot;credit&quot;:&quot;&quot;,&quot;camera&quot;:&quot;&quot;,&quot;caption&quot;:&quot;&quot;,&quot;created_timestamp&quot;:&quot;0&quot;,&quot;copyright&quot;:&quot;&quot;,&quot;focal_length&quot;:&quot;0&quot;,&quot;iso&quot;:&quot;0&quot;,&quot;shutter_speed&quot;:&quot;0&quot;,&quot;title&quot;:&quot;&quot;,&quot;orientation&quot;:&quot;0&quot;}\" data-image-title=\"Las c\u00e1maras de Diario El Trabajo y su Departamento de Prensa hoy compartimos con nuestros lectores y cibernautas, una galer\u00eda especial sobre el multitudinario desfile del 276\u00ba aniversario de la Tres veces Her\u00f3ica Ciudad de San Felipe.\" data-image-description=\"&lt;p&gt;Las c\u00e1maras de Diario El Trabajo y su Departamento de Prensa hoy compartimos con nuestros lectores y cibernautas, una galer\u00eda especial sobre el multitudinario desfile del 276\u00ba aniversario de la Tres veces Her\u00f3ica Ciudad de San Felipe. &lt;\/p&gt; \" data-medium-file=\"https:\/\/i0.wp.com\/eltrabajo.cl\/portal\/wp-content\/uploads\/2016\/08\/Genial4.jpg?fit=300%2C198&#038;ssl=1\" data-large-file=\"https:\/\/i0.wp.com\/eltrabajo.cl\/portal\/wp-content\/uploads\/2016\/08\/Genial4.jpg?fit=530%2C350&#038;ssl=1\" src=\"https:\/\/i0.wp.com\/eltrabajo.cl\/portal\/wp-content\/uploads\/2016\/08\/Genial4.jpg?w=423&#038;h=279&#038;ssl=1\" srcset=\"https:\/\/i0.wp.com\/eltrabajo.cl\/portal\/wp-content\/uploads\/2016\/08\/Genial4.jpg?w=530&amp;ssl=1 530w, https:\/\/i0.wp.com\/eltrabajo.cl\/portal\/wp-content\/uploads\/2016\/08\/Genial4.jpg?resize=200%2C132&amp;ssl=1 200w, https:\/\/i0.wp.com\/eltrabajo.cl\/portal\/wp-content\/uploads\/2016\/08\/Genial4.jpg?resize=300%2C198&amp;ssl=1 300w, https:\/\/i0.wp.com\/eltrabajo.cl\/portal\/wp-content\/uploads\/2016\/08\/Genial4.jpg?resize=227%2C150&amp;ssl=1 227w, https:\/\/i0.wp.com\/eltrabajo.cl\/portal\/wp-content\/uploads\/2016\/08\/Genial4.jpg?resize=400%2C264&amp;ssl=1 400w\" width=\"423\" height=\"279\" loading=\"lazy\" data-original-width=\"423\" data-original-height=\"279\" itemprop=\"http:\/\/schema.org\/image\" title=\"Las c\u00e1maras de Diario El Trabajo y su Departamento de Prensa hoy compartimos con nuestros lectores y cibernautas, una galer\u00eda especial sobre el multitudinario desfile del 276\u00ba aniversario de la Tres veces Her\u00f3ica Ciudad de San Felipe.\" alt=\"Las c\u00e1maras de Diario El Trabajo y su Departamento de Prensa hoy compartimos con nuestros lectores y cibernautas, una galer\u00eda especial sobre el multitudinario desfile del 276\u00ba aniversario de la Tres veces Her\u00f3ica Ciudad de San Felipe.\" style=\"width: 423px; height: 279px;\" \/> <\/a> <div class=\"tiled-gallery-caption\" itemprop=\"caption description\"> Las c\u00e1maras de Diario El Trabajo y su Departamento de Prensa hoy compartimos con nuestros lectores y cibernautas, una galer\u00eda especial sobre el multitudinario desfile del 276\u00ba aniversario de la Tres veces Her\u00f3ica Ciudad de San Felipe. <\/div> <\/div> <\/div> <!-- close group --> <\/div> <!-- close row --> <div class=\"gallery-row\" style=\"width: 640px; height: 212px;\" data-original-width=\"640\" data-original-height=\"212\" > <div class=\"gallery-group images-1\" style=\"width: 320px; height: 212px;\" data-original-width=\"320\" data-original-height=\"212\" > <div class=\"tiled-gallery-item tiled-gallery-item-large\" itemprop=\"associatedMedia\" itemscope itemtype=\"http:\/\/schema.org\/ImageObject\"> <a href=\"https:\/\/eltrabajo.cl\/portal\/magistral-desfile-sacudio-nuestra-ciudad-ayer-frente-a-la-plaza-de-armas\/genial3\/\" border=\"0\" itemprop=\"url\"> <meta itemprop=\"width\" content=\"316\"> <meta itemprop=\"height\" content=\"208\"> <img decoding=\"async\" class=\"\" data-attachment-id=\"72518\" data-orig-file=\"https:\/\/eltrabajo.cl\/portal\/wp-content\/uploads\/2016\/08\/Genial3.jpg\" data-orig-size=\"530,349\" data-comments-opened=\"1\" data-image-meta=\"{&quot;aperture&quot;:&quot;0&quot;,&quot;credit&quot;:&quot;&quot;,&quot;camera&quot;:&quot;&quot;,&quot;caption&quot;:&quot;&quot;,&quot;created_timestamp&quot;:&quot;0&quot;,&quot;copyright&quot;:&quot;&quot;,&quot;focal_length&quot;:&quot;0&quot;,&quot;iso&quot;:&quot;0&quot;,&quot;shutter_speed&quot;:&quot;0&quot;,&quot;title&quot;:&quot;&quot;,&quot;orientation&quot;:&quot;0&quot;}\" data-image-title=\"Las c\u00e1maras de Diario El Trabajo y su Departamento de Prensa hoy compartimos con nuestros lectores y cibernautas, una galer\u00eda especial sobre el multitudinario desfile del 276\u00ba aniversario de la Tres veces Her\u00f3ica Ciudad de San Felipe.\" data-image-description=\"&lt;p&gt;Las c\u00e1maras de Diario El Trabajo y su Departamento de Prensa hoy compartimos con nuestros lectores y cibernautas, una galer\u00eda especial sobre el multitudinario desfile del 276\u00ba aniversario de la Tres veces Her\u00f3ica Ciudad de San Felipe. &lt;\/p&gt; \" data-medium-file=\"https:\/\/i0.wp.com\/eltrabajo.cl\/portal\/wp-content\/uploads\/2016\/08\/Genial3.jpg?fit=300%2C198&#038;ssl=1\" data-large-file=\"https:\/\/i0.wp.com\/eltrabajo.cl\/portal\/wp-content\/uploads\/2016\/08\/Genial3.jpg?fit=530%2C349&#038;ssl=1\" src=\"https:\/\/i0.wp.com\/eltrabajo.cl\/portal\/wp-content\/uploads\/2016\/08\/Genial3.jpg?w=316&#038;h=208&#038;ssl=1\" srcset=\"https:\/\/i0.wp.com\/eltrabajo.cl\/portal\/wp-content\/uploads\/2016\/08\/Genial3.jpg?w=530&amp;ssl=1 530w, https:\/\/i0.wp.com\/eltrabajo.cl\/portal\/wp-content\/uploads\/2016\/08\/Genial3.jpg?resize=200%2C132&amp;ssl=1 200w, https:\/\/i0.wp.com\/eltrabajo.cl\/portal\/wp-content\/uploads\/2016\/08\/Genial3.jpg?resize=300%2C198&amp;ssl=1 300w, https:\/\/i0.wp.com\/eltrabajo.cl\/portal\/wp-content\/uploads\/2016\/08\/Genial3.jpg?resize=228%2C150&amp;ssl=1 228w, https:\/\/i0.wp.com\/eltrabajo.cl\/portal\/wp-content\/uploads\/2016\/08\/Genial3.jpg?resize=400%2C263&amp;ssl=1 400w\" width=\"316\" height=\"208\" loading=\"lazy\" data-original-width=\"316\" data-original-height=\"208\" itemprop=\"http:\/\/schema.org\/image\" title=\"Las c\u00e1maras de Diario El Trabajo y su Departamento de Prensa hoy compartimos con nuestros lectores y cibernautas, una galer\u00eda especial sobre el multitudinario desfile del 276\u00ba aniversario de la Tres veces Her\u00f3ica Ciudad de San Felipe.\" alt=\"Las c\u00e1maras de Diario El Trabajo y su Departamento de Prensa hoy compartimos con nuestros lectores y cibernautas, una galer\u00eda especial sobre el multitudinario desfile del 276\u00ba aniversario de la Tres veces Her\u00f3ica Ciudad de San Felipe.\" style=\"width: 316px; height: 208px;\" \/> <\/a> <div class=\"tiled-gallery-caption\" itemprop=\"caption description\"> Las c\u00e1maras de Diario El Trabajo y su Departamento de Prensa hoy compartimos con nuestros lectores y cibernautas, una galer\u00eda especial sobre el multitudinario desfile del 276\u00ba aniversario de la Tres veces Her\u00f3ica Ciudad de San Felipe. <\/div> <\/div> <\/div> <!-- close group --> <div class=\"gallery-group images-1\" style=\"width: 320px; height: 212px;\" data-original-width=\"320\" data-original-height=\"212\" > <div class=\"tiled-gallery-item tiled-gallery-item-large\" itemprop=\"associatedMedia\" itemscope itemtype=\"http:\/\/schema.org\/ImageObject\"> <a href=\"https:\/\/eltrabajo.cl\/portal\/magistral-desfile-sacudio-nuestra-ciudad-ayer-frente-a-la-plaza-de-armas\/genial2\/\" border=\"0\" itemprop=\"url\"> <meta itemprop=\"width\" content=\"316\"> <meta itemprop=\"height\" content=\"208\"> <img decoding=\"async\" class=\"\" data-attachment-id=\"72517\" data-orig-file=\"https:\/\/eltrabajo.cl\/portal\/wp-content\/uploads\/2016\/08\/Genial2.jpg\" data-orig-size=\"530,349\" data-comments-opened=\"1\" data-image-meta=\"{&quot;aperture&quot;:&quot;0&quot;,&quot;credit&quot;:&quot;&quot;,&quot;camera&quot;:&quot;&quot;,&quot;caption&quot;:&quot;&quot;,&quot;created_timestamp&quot;:&quot;0&quot;,&quot;copyright&quot;:&quot;&quot;,&quot;focal_length&quot;:&quot;0&quot;,&quot;iso&quot;:&quot;0&quot;,&quot;shutter_speed&quot;:&quot;0&quot;,&quot;title&quot;:&quot;&quot;,&quot;orientation&quot;:&quot;0&quot;}\" data-image-title=\"Las c\u00e1maras de Diario El Trabajo y su Departamento de Prensa hoy compartimos con nuestros lectores y cibernautas, una galer\u00eda especial sobre el multitudinario desfile del 276\u00ba aniversario de la Tres veces Her\u00f3ica Ciudad de San Felipe.\" data-image-description=\"&lt;p&gt;Las c\u00e1maras de Diario El Trabajo y su Departamento de Prensa hoy compartimos con nuestros lectores y cibernautas, una galer\u00eda especial sobre el multitudinario desfile del 276\u00ba aniversario de la Tres veces Her\u00f3ica Ciudad de San Felipe. &lt;\/p&gt; \" data-medium-file=\"https:\/\/i0.wp.com\/eltrabajo.cl\/portal\/wp-content\/uploads\/2016\/08\/Genial2.jpg?fit=300%2C198&#038;ssl=1\" data-large-file=\"https:\/\/i0.wp.com\/eltrabajo.cl\/portal\/wp-content\/uploads\/2016\/08\/Genial2.jpg?fit=530%2C349&#038;ssl=1\" src=\"https:\/\/i0.wp.com\/eltrabajo.cl\/portal\/wp-content\/uploads\/2016\/08\/Genial2.jpg?w=316&#038;h=208&#038;ssl=1\" srcset=\"https:\/\/i0.wp.com\/eltrabajo.cl\/portal\/wp-content\/uploads\/2016\/08\/Genial2.jpg?w=530&amp;ssl=1 530w, https:\/\/i0.wp.com\/eltrabajo.cl\/portal\/wp-content\/uploads\/2016\/08\/Genial2.jpg?resize=200%2C132&amp;ssl=1 200w, https:\/\/i0.wp.com\/eltrabajo.cl\/portal\/wp-content\/uploads\/2016\/08\/Genial2.jpg?resize=300%2C198&amp;ssl=1 300w, https:\/\/i0.wp.com\/eltrabajo.cl\/portal\/wp-content\/uploads\/2016\/08\/Genial2.jpg?resize=228%2C150&amp;ssl=1 228w, https:\/\/i0.wp.com\/eltrabajo.cl\/portal\/wp-content\/uploads\/2016\/08\/Genial2.jpg?resize=400%2C263&amp;ssl=1 400w\" width=\"316\" height=\"208\" loading=\"lazy\" data-original-width=\"316\" data-original-height=\"208\" itemprop=\"http:\/\/schema.org\/image\" title=\"Las c\u00e1maras de Diario El Trabajo y su Departamento de Prensa hoy compartimos con nuestros lectores y cibernautas, una galer\u00eda especial sobre el multitudinario desfile del 276\u00ba aniversario de la Tres veces Her\u00f3ica Ciudad de San Felipe.\" alt=\"Las c\u00e1maras de Diario El Trabajo y su Departamento de Prensa hoy compartimos con nuestros lectores y cibernautas, una galer\u00eda especial sobre el multitudinario desfile del 276\u00ba aniversario de la Tres veces Her\u00f3ica Ciudad de San Felipe.\" style=\"width: 316px; height: 208px;\" \/> <\/a> <div class=\"tiled-gallery-caption\" itemprop=\"caption description\"> Las c\u00e1maras de Diario El Trabajo y su Departamento de Prensa hoy compartimos con nuestros lectores y cibernautas, una galer\u00eda especial sobre el multitudinario desfile del 276\u00ba aniversario de la Tres veces Her\u00f3ica Ciudad de San Felipe. <\/div> <\/div> <\/div> <!-- close group --> <\/div> <!-- close row --> <div class=\"gallery-row\" style=\"width: 640px; height: 214px;\" data-original-width=\"640\" data-original-height=\"214\" > <div class=\"gallery-group images-1\" style=\"width: 320px; height: 214px;\" data-original-width=\"320\" data-original-height=\"214\" > <div class=\"tiled-gallery-item tiled-gallery-item-large\" itemprop=\"associatedMedia\" itemscope itemtype=\"http:\/\/schema.org\/ImageObject\"> <a href=\"https:\/\/eltrabajo.cl\/portal\/magistral-desfile-sacudio-nuestra-ciudad-ayer-frente-a-la-plaza-de-armas\/exjugadores33\/\" border=\"0\" itemprop=\"url\"> <meta itemprop=\"width\" content=\"316\"> <meta itemprop=\"height\" content=\"210\"> <img decoding=\"async\" class=\"\" data-attachment-id=\"72516\" data-orig-file=\"https:\/\/eltrabajo.cl\/portal\/wp-content\/uploads\/2016\/08\/ExJugadores33.jpg\" data-orig-size=\"527,350\" data-comments-opened=\"1\" data-image-meta=\"{&quot;aperture&quot;:&quot;0&quot;,&quot;credit&quot;:&quot;&quot;,&quot;camera&quot;:&quot;&quot;,&quot;caption&quot;:&quot;&quot;,&quot;created_timestamp&quot;:&quot;0&quot;,&quot;copyright&quot;:&quot;&quot;,&quot;focal_length&quot;:&quot;0&quot;,&quot;iso&quot;:&quot;0&quot;,&quot;shutter_speed&quot;:&quot;0&quot;,&quot;title&quot;:&quot;&quot;,&quot;orientation&quot;:&quot;0&quot;}\" data-image-title=\"Las c\u00e1maras de Diario El Trabajo y su Departamento de Prensa hoy compartimos con nuestros lectores y cibernautas, una galer\u00eda especial sobre el multitudinario desfile del 276\u00ba aniversario de la Tres veces Her\u00f3ica Ciudad de San Felipe.\" data-image-description=\"&lt;p&gt;Las c\u00e1maras de Diario El Trabajo y su Departamento de Prensa hoy compartimos con nuestros lectores y cibernautas, una galer\u00eda especial sobre el multitudinario desfile del 276\u00ba aniversario de la Tres veces Her\u00f3ica Ciudad de San Felipe. &lt;\/p&gt; \" data-medium-file=\"https:\/\/i0.wp.com\/eltrabajo.cl\/portal\/wp-content\/uploads\/2016\/08\/ExJugadores33.jpg?fit=300%2C199&#038;ssl=1\" data-large-file=\"https:\/\/i0.wp.com\/eltrabajo.cl\/portal\/wp-content\/uploads\/2016\/08\/ExJugadores33.jpg?fit=527%2C350&#038;ssl=1\" src=\"https:\/\/i0.wp.com\/eltrabajo.cl\/portal\/wp-content\/uploads\/2016\/08\/ExJugadores33.jpg?w=316&#038;h=210&#038;ssl=1\" srcset=\"https:\/\/i0.wp.com\/eltrabajo.cl\/portal\/wp-content\/uploads\/2016\/08\/ExJugadores33.jpg?w=527&amp;ssl=1 527w, https:\/\/i0.wp.com\/eltrabajo.cl\/portal\/wp-content\/uploads\/2016\/08\/ExJugadores33.jpg?resize=200%2C133&amp;ssl=1 200w, https:\/\/i0.wp.com\/eltrabajo.cl\/portal\/wp-content\/uploads\/2016\/08\/ExJugadores33.jpg?resize=300%2C199&amp;ssl=1 300w, https:\/\/i0.wp.com\/eltrabajo.cl\/portal\/wp-content\/uploads\/2016\/08\/ExJugadores33.jpg?resize=226%2C150&amp;ssl=1 226w, https:\/\/i0.wp.com\/eltrabajo.cl\/portal\/wp-content\/uploads\/2016\/08\/ExJugadores33.jpg?resize=400%2C266&amp;ssl=1 400w\" width=\"316\" height=\"210\" loading=\"lazy\" data-original-width=\"316\" data-original-height=\"210\" itemprop=\"http:\/\/schema.org\/image\" title=\"Las c\u00e1maras de Diario El Trabajo y su Departamento de Prensa hoy compartimos con nuestros lectores y cibernautas, una galer\u00eda especial sobre el multitudinario desfile del 276\u00ba aniversario de la Tres veces Her\u00f3ica Ciudad de San Felipe.\" alt=\"Las c\u00e1maras de Diario El Trabajo y su Departamento de Prensa hoy compartimos con nuestros lectores y cibernautas, una galer\u00eda especial sobre el multitudinario desfile del 276\u00ba aniversario de la Tres veces Her\u00f3ica Ciudad de San Felipe.\" style=\"width: 316px; height: 210px;\" \/> <\/a> <div class=\"tiled-gallery-caption\" itemprop=\"caption description\"> Las c\u00e1maras de Diario El Trabajo y su Departamento de Prensa hoy compartimos con nuestros lectores y cibernautas, una galer\u00eda especial sobre el multitudinario desfile del 276\u00ba aniversario de la Tres veces Her\u00f3ica Ciudad de San Felipe. <\/div> <\/div> <\/div> <!-- close group --> <div class=\"gallery-group images-1\" style=\"width: 320px; height: 214px;\" data-original-width=\"320\" data-original-height=\"214\" > <div class=\"tiled-gallery-item tiled-gallery-item-large\" itemprop=\"associatedMedia\" itemscope itemtype=\"http:\/\/schema.org\/ImageObject\"> <a href=\"https:\/\/eltrabajo.cl\/portal\/magistral-desfile-sacudio-nuestra-ciudad-ayer-frente-a-la-plaza-de-armas\/exjugadores28\/\" border=\"0\" itemprop=\"url\"> <meta itemprop=\"width\" content=\"316\"> <meta itemprop=\"height\" content=\"210\"> <img decoding=\"async\" class=\"\" data-attachment-id=\"72515\" data-orig-file=\"https:\/\/eltrabajo.cl\/portal\/wp-content\/uploads\/2016\/08\/ExJugadores28.jpg\" data-orig-size=\"528,350\" data-comments-opened=\"1\" data-image-meta=\"{&quot;aperture&quot;:&quot;0&quot;,&quot;credit&quot;:&quot;&quot;,&quot;camera&quot;:&quot;&quot;,&quot;caption&quot;:&quot;&quot;,&quot;created_timestamp&quot;:&quot;0&quot;,&quot;copyright&quot;:&quot;&quot;,&quot;focal_length&quot;:&quot;0&quot;,&quot;iso&quot;:&quot;0&quot;,&quot;shutter_speed&quot;:&quot;0&quot;,&quot;title&quot;:&quot;&quot;,&quot;orientation&quot;:&quot;0&quot;}\" data-image-title=\"Las c\u00e1maras de Diario El Trabajo y su Departamento de Prensa hoy compartimos con nuestros lectores y cibernautas, una galer\u00eda especial sobre el multitudinario desfile del 276\u00ba aniversario de la Tres veces Her\u00f3ica Ciudad de San Felipe.\" data-image-description=\"&lt;p&gt;Las c\u00e1maras de Diario El Trabajo y su Departamento de Prensa hoy compartimos con nuestros lectores y cibernautas, una galer\u00eda especial sobre el multitudinario desfile del 276\u00ba aniversario de la Tres veces Her\u00f3ica Ciudad de San Felipe. &lt;\/p&gt; \" data-medium-file=\"https:\/\/i0.wp.com\/eltrabajo.cl\/portal\/wp-content\/uploads\/2016\/08\/ExJugadores28.jpg?fit=300%2C199&#038;ssl=1\" data-large-file=\"https:\/\/i0.wp.com\/eltrabajo.cl\/portal\/wp-content\/uploads\/2016\/08\/ExJugadores28.jpg?fit=528%2C350&#038;ssl=1\" src=\"https:\/\/i0.wp.com\/eltrabajo.cl\/portal\/wp-content\/uploads\/2016\/08\/ExJugadores28.jpg?w=316&#038;h=210&#038;ssl=1\" srcset=\"https:\/\/i0.wp.com\/eltrabajo.cl\/portal\/wp-content\/uploads\/2016\/08\/ExJugadores28.jpg?w=528&amp;ssl=1 528w, https:\/\/i0.wp.com\/eltrabajo.cl\/portal\/wp-content\/uploads\/2016\/08\/ExJugadores28.jpg?resize=200%2C133&amp;ssl=1 200w, https:\/\/i0.wp.com\/eltrabajo.cl\/portal\/wp-content\/uploads\/2016\/08\/ExJugadores28.jpg?resize=300%2C199&amp;ssl=1 300w, https:\/\/i0.wp.com\/eltrabajo.cl\/portal\/wp-content\/uploads\/2016\/08\/ExJugadores28.jpg?resize=226%2C150&amp;ssl=1 226w, https:\/\/i0.wp.com\/eltrabajo.cl\/portal\/wp-content\/uploads\/2016\/08\/ExJugadores28.jpg?resize=400%2C265&amp;ssl=1 400w\" width=\"316\" height=\"210\" loading=\"lazy\" data-original-width=\"316\" data-original-height=\"210\" itemprop=\"http:\/\/schema.org\/image\" title=\"Las c\u00e1maras de Diario El Trabajo y su Departamento de Prensa hoy compartimos con nuestros lectores y cibernautas, una galer\u00eda especial sobre el multitudinario desfile del 276\u00ba aniversario de la Tres veces Her\u00f3ica Ciudad de San Felipe.\" alt=\"Las c\u00e1maras de Diario El Trabajo y su Departamento de Prensa hoy compartimos con nuestros lectores y cibernautas, una galer\u00eda especial sobre el multitudinario desfile del 276\u00ba aniversario de la Tres veces Her\u00f3ica Ciudad de San Felipe.\" style=\"width: 316px; height: 210px;\" \/> <\/a> <div class=\"tiled-gallery-caption\" itemprop=\"caption description\"> Las c\u00e1maras de Diario El Trabajo y su Departamento de Prensa hoy compartimos con nuestros lectores y cibernautas, una galer\u00eda especial sobre el multitudinario desfile del 276\u00ba aniversario de la Tres veces Her\u00f3ica Ciudad de San Felipe. <\/div> <\/div> <\/div> <!-- close group --> <\/div> <!-- close row --> <div class=\"gallery-row\" style=\"width: 640px; height: 284px;\" data-original-width=\"640\" data-original-height=\"284\" > <div class=\"gallery-group images-1\" style=\"width: 427px; height: 284px;\" data-original-width=\"427\" data-original-height=\"284\" > <div class=\"tiled-gallery-item tiled-gallery-item-large\" itemprop=\"associatedMedia\" itemscope itemtype=\"http:\/\/schema.org\/ImageObject\"> <a href=\"https:\/\/eltrabajo.cl\/portal\/magistral-desfile-sacudio-nuestra-ciudad-ayer-frente-a-la-plaza-de-armas\/ejercito33\/\" border=\"0\" itemprop=\"url\"> <meta itemprop=\"width\" content=\"423\"> <meta itemprop=\"height\" content=\"280\"> <img decoding=\"async\" class=\"\" data-attachment-id=\"72514\" data-orig-file=\"https:\/\/eltrabajo.cl\/portal\/wp-content\/uploads\/2016\/08\/Ejercito33.jpg\" data-orig-size=\"528,350\" data-comments-opened=\"1\" data-image-meta=\"{&quot;aperture&quot;:&quot;0&quot;,&quot;credit&quot;:&quot;&quot;,&quot;camera&quot;:&quot;&quot;,&quot;caption&quot;:&quot;&quot;,&quot;created_timestamp&quot;:&quot;0&quot;,&quot;copyright&quot;:&quot;&quot;,&quot;focal_length&quot;:&quot;0&quot;,&quot;iso&quot;:&quot;0&quot;,&quot;shutter_speed&quot;:&quot;0&quot;,&quot;title&quot;:&quot;&quot;,&quot;orientation&quot;:&quot;0&quot;}\" data-image-title=\"Las c\u00e1maras de Diario El Trabajo y su Departamento de Prensa hoy compartimos con nuestros lectores y cibernautas, una galer\u00eda especial sobre el multitudinario desfile del 276\u00ba aniversario de la Tres veces Her\u00f3ica Ciudad de San Felipe.\" data-image-description=\"&lt;p&gt;Las c\u00e1maras de Diario El Trabajo y su Departamento de Prensa hoy compartimos con nuestros lectores y cibernautas, una galer\u00eda especial sobre el multitudinario desfile del 276\u00ba aniversario de la Tres veces Her\u00f3ica Ciudad de San Felipe. &lt;\/p&gt; \" data-medium-file=\"https:\/\/i0.wp.com\/eltrabajo.cl\/portal\/wp-content\/uploads\/2016\/08\/Ejercito33.jpg?fit=300%2C199&#038;ssl=1\" data-large-file=\"https:\/\/i0.wp.com\/eltrabajo.cl\/portal\/wp-content\/uploads\/2016\/08\/Ejercito33.jpg?fit=528%2C350&#038;ssl=1\" src=\"https:\/\/i0.wp.com\/eltrabajo.cl\/portal\/wp-content\/uploads\/2016\/08\/Ejercito33.jpg?w=423&#038;h=280&#038;ssl=1\" srcset=\"https:\/\/i0.wp.com\/eltrabajo.cl\/portal\/wp-content\/uploads\/2016\/08\/Ejercito33.jpg?w=528&amp;ssl=1 528w, https:\/\/i0.wp.com\/eltrabajo.cl\/portal\/wp-content\/uploads\/2016\/08\/Ejercito33.jpg?resize=200%2C133&amp;ssl=1 200w, https:\/\/i0.wp.com\/eltrabajo.cl\/portal\/wp-content\/uploads\/2016\/08\/Ejercito33.jpg?resize=300%2C199&amp;ssl=1 300w, https:\/\/i0.wp.com\/eltrabajo.cl\/portal\/wp-content\/uploads\/2016\/08\/Ejercito33.jpg?resize=226%2C150&amp;ssl=1 226w, https:\/\/i0.wp.com\/eltrabajo.cl\/portal\/wp-content\/uploads\/2016\/08\/Ejercito33.jpg?resize=400%2C265&amp;ssl=1 400w\" width=\"423\" height=\"280\" loading=\"lazy\" data-original-width=\"423\" data-original-height=\"280\" itemprop=\"http:\/\/schema.org\/image\" title=\"Las c\u00e1maras de Diario El Trabajo y su Departamento de Prensa hoy compartimos con nuestros lectores y cibernautas, una galer\u00eda especial sobre el multitudinario desfile del 276\u00ba aniversario de la Tres veces Her\u00f3ica Ciudad de San Felipe.\" alt=\"Las c\u00e1maras de Diario El Trabajo y su Departamento de Prensa hoy compartimos con nuestros lectores y cibernautas, una galer\u00eda especial sobre el multitudinario desfile del 276\u00ba aniversario de la Tres veces Her\u00f3ica Ciudad de San Felipe.\" style=\"width: 423px; height: 280px;\" \/> <\/a> <div class=\"tiled-gallery-caption\" itemprop=\"caption description\"> Las c\u00e1maras de Diario El Trabajo y su Departamento de Prensa hoy compartimos con nuestros lectores y cibernautas, una galer\u00eda especial sobre el multitudinario desfile del 276\u00ba aniversario de la Tres veces Her\u00f3ica Ciudad de San Felipe. <\/div> <\/div> <\/div> <!-- close group --> <div class=\"gallery-group images-2\" style=\"width: 213px; height: 284px;\" data-original-width=\"213\" data-original-height=\"284\" > <div class=\"tiled-gallery-item tiled-gallery-item-small\" itemprop=\"associatedMedia\" itemscope itemtype=\"http:\/\/schema.org\/ImageObject\"> <a href=\"https:\/\/eltrabajo.cl\/portal\/magistral-desfile-sacudio-nuestra-ciudad-ayer-frente-a-la-plaza-de-armas\/damasdelila\/\" border=\"0\" itemprop=\"url\"> <meta itemprop=\"width\" content=\"209\"> <meta itemprop=\"height\" content=\"138\"> <img decoding=\"async\" class=\"\" data-attachment-id=\"72513\" data-orig-file=\"https:\/\/eltrabajo.cl\/portal\/wp-content\/uploads\/2016\/08\/DamasdeLila.jpg\" data-orig-size=\"530,350\" data-comments-opened=\"1\" data-image-meta=\"{&quot;aperture&quot;:&quot;0&quot;,&quot;credit&quot;:&quot;&quot;,&quot;camera&quot;:&quot;&quot;,&quot;caption&quot;:&quot;&quot;,&quot;created_timestamp&quot;:&quot;0&quot;,&quot;copyright&quot;:&quot;&quot;,&quot;focal_length&quot;:&quot;0&quot;,&quot;iso&quot;:&quot;0&quot;,&quot;shutter_speed&quot;:&quot;0&quot;,&quot;title&quot;:&quot;&quot;,&quot;orientation&quot;:&quot;0&quot;}\" data-image-title=\"Las c\u00e1maras de Diario El Trabajo y su Departamento de Prensa hoy compartimos con nuestros lectores y cibernautas, una galer\u00eda especial sobre el multitudinario desfile del 276\u00ba aniversario de la Tres veces Her\u00f3ica Ciudad de San Felipe.\" data-image-description=\"&lt;p&gt;Las c\u00e1maras de Diario El Trabajo y su Departamento de Prensa hoy compartimos con nuestros lectores y cibernautas, una galer\u00eda especial sobre el multitudinario desfile del 276\u00ba aniversario de la Tres veces Her\u00f3ica Ciudad de San Felipe. &lt;\/p&gt; \" data-medium-file=\"https:\/\/i0.wp.com\/eltrabajo.cl\/portal\/wp-content\/uploads\/2016\/08\/DamasdeLila.jpg?fit=300%2C198&#038;ssl=1\" data-large-file=\"https:\/\/i0.wp.com\/eltrabajo.cl\/portal\/wp-content\/uploads\/2016\/08\/DamasdeLila.jpg?fit=530%2C350&#038;ssl=1\" src=\"https:\/\/i0.wp.com\/eltrabajo.cl\/portal\/wp-content\/uploads\/2016\/08\/DamasdeLila.jpg?w=209&#038;h=138&#038;ssl=1\" srcset=\"https:\/\/i0.wp.com\/eltrabajo.cl\/portal\/wp-content\/uploads\/2016\/08\/DamasdeLila.jpg?w=530&amp;ssl=1 530w, https:\/\/i0.wp.com\/eltrabajo.cl\/portal\/wp-content\/uploads\/2016\/08\/DamasdeLila.jpg?resize=200%2C132&amp;ssl=1 200w, https:\/\/i0.wp.com\/eltrabajo.cl\/portal\/wp-content\/uploads\/2016\/08\/DamasdeLila.jpg?resize=300%2C198&amp;ssl=1 300w, https:\/\/i0.wp.com\/eltrabajo.cl\/portal\/wp-content\/uploads\/2016\/08\/DamasdeLila.jpg?resize=227%2C150&amp;ssl=1 227w, https:\/\/i0.wp.com\/eltrabajo.cl\/portal\/wp-content\/uploads\/2016\/08\/DamasdeLila.jpg?resize=400%2C264&amp;ssl=1 400w\" width=\"209\" height=\"138\" loading=\"lazy\" data-original-width=\"209\" data-original-height=\"138\" itemprop=\"http:\/\/schema.org\/image\" title=\"Las c\u00e1maras de Diario El Trabajo y su Departamento de Prensa hoy compartimos con nuestros lectores y cibernautas, una galer\u00eda especial sobre el multitudinario desfile del 276\u00ba aniversario de la Tres veces Her\u00f3ica Ciudad de San Felipe.\" alt=\"Las c\u00e1maras de Diario El Trabajo y su Departamento de Prensa hoy compartimos con nuestros lectores y cibernautas, una galer\u00eda especial sobre el multitudinario desfile del 276\u00ba aniversario de la Tres veces Her\u00f3ica Ciudad de San Felipe.\" style=\"width: 209px; height: 138px;\" \/> <\/a> <div class=\"tiled-gallery-caption\" itemprop=\"caption description\"> Las c\u00e1maras de Diario El Trabajo y su Departamento de Prensa hoy compartimos con nuestros lectores y cibernautas, una galer\u00eda especial sobre el multitudinario desfile del 276\u00ba aniversario de la Tres veces Her\u00f3ica Ciudad de San Felipe. <\/div> <\/div> <div class=\"tiled-gallery-item tiled-gallery-item-small\" itemprop=\"associatedMedia\" itemscope itemtype=\"http:\/\/schema.org\/ImageObject\"> <a href=\"https:\/\/eltrabajo.cl\/portal\/magistral-desfile-sacudio-nuestra-ciudad-ayer-frente-a-la-plaza-de-armas\/cumbresaconcagua33\/\" border=\"0\" itemprop=\"url\"> <meta itemprop=\"width\" content=\"209\"> <meta itemprop=\"height\" content=\"138\"> <img decoding=\"async\" class=\"\" data-attachment-id=\"72512\" data-orig-file=\"https:\/\/eltrabajo.cl\/portal\/wp-content\/uploads\/2016\/08\/CumbresAconcagua33.jpg\" data-orig-size=\"530,349\" data-comments-opened=\"1\" data-image-meta=\"{&quot;aperture&quot;:&quot;0&quot;,&quot;credit&quot;:&quot;&quot;,&quot;camera&quot;:&quot;&quot;,&quot;caption&quot;:&quot;&quot;,&quot;created_timestamp&quot;:&quot;0&quot;,&quot;copyright&quot;:&quot;&quot;,&quot;focal_length&quot;:&quot;0&quot;,&quot;iso&quot;:&quot;0&quot;,&quot;shutter_speed&quot;:&quot;0&quot;,&quot;title&quot;:&quot;&quot;,&quot;orientation&quot;:&quot;0&quot;}\" data-image-title=\"Las c\u00e1maras de Diario El Trabajo y su Departamento de Prensa hoy compartimos con nuestros lectores y cibernautas, una galer\u00eda especial sobre el multitudinario desfile del 276\u00ba aniversario de la Tres veces Her\u00f3ica Ciudad de San Felipe.\" data-image-description=\"&lt;p&gt;Las c\u00e1maras de Diario El Trabajo y su Departamento de Prensa hoy compartimos con nuestros lectores y cibernautas, una galer\u00eda especial sobre el multitudinario desfile del 276\u00ba aniversario de la Tres veces Her\u00f3ica Ciudad de San Felipe. &lt;\/p&gt; \" data-medium-file=\"https:\/\/i0.wp.com\/eltrabajo.cl\/portal\/wp-content\/uploads\/2016\/08\/CumbresAconcagua33.jpg?fit=300%2C198&#038;ssl=1\" data-large-file=\"https:\/\/i0.wp.com\/eltrabajo.cl\/portal\/wp-content\/uploads\/2016\/08\/CumbresAconcagua33.jpg?fit=530%2C349&#038;ssl=1\" src=\"https:\/\/i0.wp.com\/eltrabajo.cl\/portal\/wp-content\/uploads\/2016\/08\/CumbresAconcagua33.jpg?w=209&#038;h=138&#038;ssl=1\" srcset=\"https:\/\/i0.wp.com\/eltrabajo.cl\/portal\/wp-content\/uploads\/2016\/08\/CumbresAconcagua33.jpg?w=530&amp;ssl=1 530w, https:\/\/i0.wp.com\/eltrabajo.cl\/portal\/wp-content\/uploads\/2016\/08\/CumbresAconcagua33.jpg?resize=200%2C132&amp;ssl=1 200w, https:\/\/i0.wp.com\/eltrabajo.cl\/portal\/wp-content\/uploads\/2016\/08\/CumbresAconcagua33.jpg?resize=300%2C198&amp;ssl=1 300w, https:\/\/i0.wp.com\/eltrabajo.cl\/portal\/wp-content\/uploads\/2016\/08\/CumbresAconcagua33.jpg?resize=228%2C150&amp;ssl=1 228w, https:\/\/i0.wp.com\/eltrabajo.cl\/portal\/wp-content\/uploads\/2016\/08\/CumbresAconcagua33.jpg?resize=400%2C263&amp;ssl=1 400w\" width=\"209\" height=\"138\" loading=\"lazy\" data-original-width=\"209\" data-original-height=\"138\" itemprop=\"http:\/\/schema.org\/image\" title=\"Las c\u00e1maras de Diario El Trabajo y su Departamento de Prensa hoy compartimos con nuestros lectores y cibernautas, una galer\u00eda especial sobre el multitudinario desfile del 276\u00ba aniversario de la Tres veces Her\u00f3ica Ciudad de San Felipe.\" alt=\"Las c\u00e1maras de Diario El Trabajo y su Departamento de Prensa hoy compartimos con nuestros lectores y cibernautas, una galer\u00eda especial sobre el multitudinario desfile del 276\u00ba aniversario de la Tres veces Her\u00f3ica Ciudad de San Felipe.\" style=\"width: 209px; height: 138px;\" \/> <\/a> <div class=\"tiled-gallery-caption\" itemprop=\"caption description\"> Las c\u00e1maras de Diario El Trabajo y su Departamento de Prensa hoy compartimos con nuestros lectores y cibernautas, una galer\u00eda especial sobre el multitudinario desfile del 276\u00ba aniversario de la Tres veces Her\u00f3ica Ciudad de San Felipe. <\/div> <\/div> <\/div> <!-- close group --> <\/div> <!-- close row --> <div class=\"gallery-row\" style=\"width: 640px; height: 278px;\" data-original-width=\"640\" data-original-height=\"278\" > <div class=\"gallery-group images-2\" style=\"width: 210px; height: 278px;\" data-original-width=\"210\" data-original-height=\"278\" > <div class=\"tiled-gallery-item tiled-gallery-item-small\" itemprop=\"associatedMedia\" itemscope itemtype=\"http:\/\/schema.org\/ImageObject\"> <a href=\"https:\/\/eltrabajo.cl\/portal\/magistral-desfile-sacudio-nuestra-ciudad-ayer-frente-a-la-plaza-de-armas\/coroam\/\" border=\"0\" itemprop=\"url\"> <meta itemprop=\"width\" content=\"206\"> <meta itemprop=\"height\" content=\"136\"> <img decoding=\"async\" class=\"\" data-attachment-id=\"72511\" data-orig-file=\"https:\/\/eltrabajo.cl\/portal\/wp-content\/uploads\/2016\/08\/CoroAM.jpg\" data-orig-size=\"530,350\" data-comments-opened=\"1\" data-image-meta=\"{&quot;aperture&quot;:&quot;0&quot;,&quot;credit&quot;:&quot;&quot;,&quot;camera&quot;:&quot;&quot;,&quot;caption&quot;:&quot;&quot;,&quot;created_timestamp&quot;:&quot;0&quot;,&quot;copyright&quot;:&quot;&quot;,&quot;focal_length&quot;:&quot;0&quot;,&quot;iso&quot;:&quot;0&quot;,&quot;shutter_speed&quot;:&quot;0&quot;,&quot;title&quot;:&quot;&quot;,&quot;orientation&quot;:&quot;0&quot;}\" data-image-title=\"Las c\u00e1maras de Diario El Trabajo y su Departamento de Prensa hoy compartimos con nuestros lectores y cibernautas, una galer\u00eda especial sobre el multitudinario desfile del 276\u00ba aniversario de la Tres veces Her\u00f3ica Ciudad de San Felipe.\" data-image-description=\"&lt;p&gt;Las c\u00e1maras de Diario El Trabajo y su Departamento de Prensa hoy compartimos con nuestros lectores y cibernautas, una galer\u00eda especial sobre el multitudinario desfile del 276\u00ba aniversario de la Tres veces Her\u00f3ica Ciudad de San Felipe. &lt;\/p&gt; \" data-medium-file=\"https:\/\/i0.wp.com\/eltrabajo.cl\/portal\/wp-content\/uploads\/2016\/08\/CoroAM.jpg?fit=300%2C198&#038;ssl=1\" data-large-file=\"https:\/\/i0.wp.com\/eltrabajo.cl\/portal\/wp-content\/uploads\/2016\/08\/CoroAM.jpg?fit=530%2C350&#038;ssl=1\" src=\"https:\/\/i0.wp.com\/eltrabajo.cl\/portal\/wp-content\/uploads\/2016\/08\/CoroAM.jpg?w=206&#038;h=136&#038;ssl=1\" srcset=\"https:\/\/i0.wp.com\/eltrabajo.cl\/portal\/wp-content\/uploads\/2016\/08\/CoroAM.jpg?w=530&amp;ssl=1 530w, https:\/\/i0.wp.com\/eltrabajo.cl\/portal\/wp-content\/uploads\/2016\/08\/CoroAM.jpg?resize=200%2C132&amp;ssl=1 200w, https:\/\/i0.wp.com\/eltrabajo.cl\/portal\/wp-content\/uploads\/2016\/08\/CoroAM.jpg?resize=300%2C198&amp;ssl=1 300w, https:\/\/i0.wp.com\/eltrabajo.cl\/portal\/wp-content\/uploads\/2016\/08\/CoroAM.jpg?resize=227%2C150&amp;ssl=1 227w, https:\/\/i0.wp.com\/eltrabajo.cl\/portal\/wp-content\/uploads\/2016\/08\/CoroAM.jpg?resize=400%2C264&amp;ssl=1 400w\" width=\"206\" height=\"136\" loading=\"lazy\" data-original-width=\"206\" data-original-height=\"136\" itemprop=\"http:\/\/schema.org\/image\" title=\"Las c\u00e1maras de Diario El Trabajo y su Departamento de Prensa hoy compartimos con nuestros lectores y cibernautas, una galer\u00eda especial sobre el multitudinario desfile del 276\u00ba aniversario de la Tres veces Her\u00f3ica Ciudad de San Felipe.\" alt=\"Las c\u00e1maras de Diario El Trabajo y su Departamento de Prensa hoy compartimos con nuestros lectores y cibernautas, una galer\u00eda especial sobre el multitudinario desfile del 276\u00ba aniversario de la Tres veces Her\u00f3ica Ciudad de San Felipe.\" style=\"width: 206px; height: 136px;\" \/> <\/a> <div class=\"tiled-gallery-caption\" itemprop=\"caption description\"> Las c\u00e1maras de Diario El Trabajo y su Departamento de Prensa hoy compartimos con nuestros lectores y cibernautas, una galer\u00eda especial sobre el multitudinario desfile del 276\u00ba aniversario de la Tres veces Her\u00f3ica Ciudad de San Felipe. <\/div> <\/div> <div class=\"tiled-gallery-item tiled-gallery-item-small\" itemprop=\"associatedMedia\" itemscope itemtype=\"http:\/\/schema.org\/ImageObject\"> <a href=\"https:\/\/eltrabajo.cl\/portal\/magistral-desfile-sacudio-nuestra-ciudad-ayer-frente-a-la-plaza-de-armas\/scouts28\/\" border=\"0\" itemprop=\"url\"> <meta itemprop=\"width\" content=\"206\"> <meta itemprop=\"height\" content=\"134\"> <img decoding=\"async\" class=\"\" data-attachment-id=\"72508\" data-orig-file=\"https:\/\/eltrabajo.cl\/portal\/wp-content\/uploads\/2016\/08\/Scouts28.jpg\" data-orig-size=\"528,345\" data-comments-opened=\"1\" data-image-meta=\"{&quot;aperture&quot;:&quot;0&quot;,&quot;credit&quot;:&quot;&quot;,&quot;camera&quot;:&quot;&quot;,&quot;caption&quot;:&quot;&quot;,&quot;created_timestamp&quot;:&quot;0&quot;,&quot;copyright&quot;:&quot;&quot;,&quot;focal_length&quot;:&quot;0&quot;,&quot;iso&quot;:&quot;0&quot;,&quot;shutter_speed&quot;:&quot;0&quot;,&quot;title&quot;:&quot;&quot;,&quot;orientation&quot;:&quot;0&quot;}\" data-image-title=\"\u00bfSIEMPRE LISTOS?- As\u00ed estaban estos peque\u00f1os Scouts sanfelipe\u00f1os, alegres y con ganas de gritar sus consignas del grupo.\" data-image-description=\"&lt;p&gt;\u00bfSIEMPRE LISTOS?- As\u00ed estaban estos peque\u00f1os Scouts sanfelipe\u00f1os, alegres y con ganas de gritar sus consignas del grupo.&lt;\/p&gt; \" data-medium-file=\"https:\/\/i0.wp.com\/eltrabajo.cl\/portal\/wp-content\/uploads\/2016\/08\/Scouts28.jpg?fit=300%2C196&#038;ssl=1\" data-large-file=\"https:\/\/i0.wp.com\/eltrabajo.cl\/portal\/wp-content\/uploads\/2016\/08\/Scouts28.jpg?fit=528%2C345&#038;ssl=1\" src=\"https:\/\/i0.wp.com\/eltrabajo.cl\/portal\/wp-content\/uploads\/2016\/08\/Scouts28.jpg?w=206&#038;h=134&#038;ssl=1\" srcset=\"https:\/\/i0.wp.com\/eltrabajo.cl\/portal\/wp-content\/uploads\/2016\/08\/Scouts28.jpg?w=528&amp;ssl=1 528w, https:\/\/i0.wp.com\/eltrabajo.cl\/portal\/wp-content\/uploads\/2016\/08\/Scouts28.jpg?resize=200%2C131&amp;ssl=1 200w, https:\/\/i0.wp.com\/eltrabajo.cl\/portal\/wp-content\/uploads\/2016\/08\/Scouts28.jpg?resize=300%2C196&amp;ssl=1 300w, https:\/\/i0.wp.com\/eltrabajo.cl\/portal\/wp-content\/uploads\/2016\/08\/Scouts28.jpg?resize=230%2C150&amp;ssl=1 230w, https:\/\/i0.wp.com\/eltrabajo.cl\/portal\/wp-content\/uploads\/2016\/08\/Scouts28.jpg?resize=400%2C261&amp;ssl=1 400w\" width=\"206\" height=\"134\" loading=\"lazy\" data-original-width=\"206\" data-original-height=\"134\" itemprop=\"http:\/\/schema.org\/image\" title=\"\u00bfSIEMPRE LISTOS?- As\u00ed estaban estos peque\u00f1os Scouts sanfelipe\u00f1os, alegres y con ganas de gritar sus consignas del grupo.\" alt=\"\u00bfSIEMPRE LISTOS?- As\u00ed estaban estos peque\u00f1os Scouts sanfelipe\u00f1os, alegres y con ganas de gritar sus consignas del grupo.\" style=\"width: 206px; height: 134px;\" \/> <\/a> <div class=\"tiled-gallery-caption\" itemprop=\"caption description\"> \u00bfSIEMPRE LISTOS?- As\u00ed estaban estos peque\u00f1os Scouts sanfelipe\u00f1os, alegres y con ganas de gritar sus consignas del grupo. <\/div> <\/div> <\/div> <!-- close group --> <div class=\"gallery-group images-1\" style=\"width: 430px; height: 278px;\" data-original-width=\"430\" data-original-height=\"278\" > <div class=\"tiled-gallery-item tiled-gallery-item-large\" itemprop=\"associatedMedia\" itemscope itemtype=\"http:\/\/schema.org\/ImageObject\"> <a href=\"https:\/\/eltrabajo.cl\/portal\/magistral-desfile-sacudio-nuestra-ciudad-ayer-frente-a-la-plaza-de-armas\/publico2-2\/\" border=\"0\" itemprop=\"url\"> <meta itemprop=\"width\" content=\"426\"> <meta itemprop=\"height\" content=\"274\"> <img decoding=\"async\" class=\"\" data-attachment-id=\"72507\" data-orig-file=\"https:\/\/eltrabajo.cl\/portal\/wp-content\/uploads\/2016\/08\/Publico2.jpg\" data-orig-size=\"529,340\" data-comments-opened=\"1\" data-image-meta=\"{&quot;aperture&quot;:&quot;0&quot;,&quot;credit&quot;:&quot;&quot;,&quot;camera&quot;:&quot;&quot;,&quot;caption&quot;:&quot;&quot;,&quot;created_timestamp&quot;:&quot;0&quot;,&quot;copyright&quot;:&quot;&quot;,&quot;focal_length&quot;:&quot;0&quot;,&quot;iso&quot;:&quot;0&quot;,&quot;shutter_speed&quot;:&quot;0&quot;,&quot;title&quot;:&quot;&quot;,&quot;orientation&quot;:&quot;0&quot;}\" data-image-title=\"TODOS APLAUDEN.- El p\u00fablico aplaudi\u00f3 a m\u00e1s no poder, pocas veces hemos visto un desfile de aniversario como el de ayer mi\u00e9rcoles.\" data-image-description=\"&lt;p&gt;TODOS APLAUDEN.- El p\u00fablico aplaudi\u00f3 a m\u00e1s no poder, pocas veces hemos visto un desfile de aniversario como el de ayer mi\u00e9rcoles.&lt;\/p&gt; \" data-medium-file=\"https:\/\/i0.wp.com\/eltrabajo.cl\/portal\/wp-content\/uploads\/2016\/08\/Publico2.jpg?fit=300%2C193&#038;ssl=1\" data-large-file=\"https:\/\/i0.wp.com\/eltrabajo.cl\/portal\/wp-content\/uploads\/2016\/08\/Publico2.jpg?fit=529%2C340&#038;ssl=1\" src=\"https:\/\/i0.wp.com\/eltrabajo.cl\/portal\/wp-content\/uploads\/2016\/08\/Publico2.jpg?w=426&#038;h=274&#038;ssl=1\" srcset=\"https:\/\/i0.wp.com\/eltrabajo.cl\/portal\/wp-content\/uploads\/2016\/08\/Publico2.jpg?w=529&amp;ssl=1 529w, https:\/\/i0.wp.com\/eltrabajo.cl\/portal\/wp-content\/uploads\/2016\/08\/Publico2.jpg?resize=200%2C129&amp;ssl=1 200w, https:\/\/i0.wp.com\/eltrabajo.cl\/portal\/wp-content\/uploads\/2016\/08\/Publico2.jpg?resize=300%2C193&amp;ssl=1 300w, https:\/\/i0.wp.com\/eltrabajo.cl\/portal\/wp-content\/uploads\/2016\/08\/Publico2.jpg?resize=233%2C150&amp;ssl=1 233w, https:\/\/i0.wp.com\/eltrabajo.cl\/portal\/wp-content\/uploads\/2016\/08\/Publico2.jpg?resize=400%2C257&amp;ssl=1 400w\" width=\"426\" height=\"274\" loading=\"lazy\" data-original-width=\"426\" data-original-height=\"274\" itemprop=\"http:\/\/schema.org\/image\" title=\"TODOS APLAUDEN.- El p\u00fablico aplaudi\u00f3 a m\u00e1s no poder, pocas veces hemos visto un desfile de aniversario como el de ayer mi\u00e9rcoles.\" alt=\"TODOS APLAUDEN.- El p\u00fablico aplaudi\u00f3 a m\u00e1s no poder, pocas veces hemos visto un desfile de aniversario como el de ayer mi\u00e9rcoles.\" style=\"width: 426px; height: 274px;\" \/> <\/a> <div class=\"tiled-gallery-caption\" itemprop=\"caption description\"> TODOS APLAUDEN.- El p\u00fablico aplaudi\u00f3 a m\u00e1s no poder, pocas veces hemos visto un desfile de aniversario como el de ayer mi\u00e9rcoles. <\/div> <\/div> <\/div> <!-- close group --> <\/div> <!-- close row --> <div class=\"gallery-row\" style=\"width: 640px; height: 286px;\" data-original-width=\"640\" data-original-height=\"286\" > <div class=\"gallery-group images-1\" style=\"width: 433px; height: 286px;\" data-original-width=\"433\" data-original-height=\"286\" > <div class=\"tiled-gallery-item tiled-gallery-item-large\" itemprop=\"associatedMedia\" itemscope itemtype=\"http:\/\/schema.org\/ImageObject\"> <a href=\"https:\/\/eltrabajo.cl\/portal\/magistral-desfile-sacudio-nuestra-ciudad-ayer-frente-a-la-plaza-de-armas\/porta-desfile\/\" border=\"0\" itemprop=\"url\"> <meta itemprop=\"width\" content=\"429\"> <meta itemprop=\"height\" content=\"282\"> <img decoding=\"async\" class=\"\" data-attachment-id=\"72506\" data-orig-file=\"https:\/\/eltrabajo.cl\/portal\/wp-content\/uploads\/2016\/08\/porta-desfile.jpg\" data-orig-size=\"530,349\" data-comments-opened=\"1\" data-image-meta=\"{&quot;aperture&quot;:&quot;0&quot;,&quot;credit&quot;:&quot;&quot;,&quot;camera&quot;:&quot;&quot;,&quot;caption&quot;:&quot;&quot;,&quot;created_timestamp&quot;:&quot;0&quot;,&quot;copyright&quot;:&quot;&quot;,&quot;focal_length&quot;:&quot;0&quot;,&quot;iso&quot;:&quot;0&quot;,&quot;shutter_speed&quot;:&quot;0&quot;,&quot;title&quot;:&quot;&quot;,&quot;orientation&quot;:&quot;0&quot;}\" data-image-title=\"El encanto de los menores siempre presente.\" data-image-description=\"&lt;p&gt;El encanto de los menores siempre presente.&lt;\/p&gt; \" data-medium-file=\"https:\/\/i0.wp.com\/eltrabajo.cl\/portal\/wp-content\/uploads\/2016\/08\/porta-desfile.jpg?fit=300%2C198&#038;ssl=1\" data-large-file=\"https:\/\/i0.wp.com\/eltrabajo.cl\/portal\/wp-content\/uploads\/2016\/08\/porta-desfile.jpg?fit=530%2C349&#038;ssl=1\" src=\"https:\/\/i0.wp.com\/eltrabajo.cl\/portal\/wp-content\/uploads\/2016\/08\/porta-desfile.jpg?w=429&#038;h=282&#038;ssl=1\" srcset=\"https:\/\/i0.wp.com\/eltrabajo.cl\/portal\/wp-content\/uploads\/2016\/08\/porta-desfile.jpg?w=530&amp;ssl=1 530w, https:\/\/i0.wp.com\/eltrabajo.cl\/portal\/wp-content\/uploads\/2016\/08\/porta-desfile.jpg?resize=200%2C132&amp;ssl=1 200w, https:\/\/i0.wp.com\/eltrabajo.cl\/portal\/wp-content\/uploads\/2016\/08\/porta-desfile.jpg?resize=300%2C198&amp;ssl=1 300w, https:\/\/i0.wp.com\/eltrabajo.cl\/portal\/wp-content\/uploads\/2016\/08\/porta-desfile.jpg?resize=228%2C150&amp;ssl=1 228w, https:\/\/i0.wp.com\/eltrabajo.cl\/portal\/wp-content\/uploads\/2016\/08\/porta-desfile.jpg?resize=400%2C263&amp;ssl=1 400w\" width=\"429\" height=\"282\" loading=\"lazy\" data-original-width=\"429\" data-original-height=\"282\" itemprop=\"http:\/\/schema.org\/image\" title=\"El encanto de los menores siempre presente.\" alt=\"El encanto de los menores siempre presente.\" style=\"width: 429px; height: 282px;\" \/> <\/a> <div class=\"tiled-gallery-caption\" itemprop=\"caption description\"> El encanto de los menores siempre presente. <\/div> <\/div> <\/div> <!-- close group --> <div class=\"gallery-group images-1\" style=\"width: 207px; height: 286px;\" data-original-width=\"207\" data-original-height=\"286\" > <div class=\"tiled-gallery-item tiled-gallery-item-small\" itemprop=\"associatedMedia\" itemscope itemtype=\"http:\/\/schema.org\/ImageObject\"> <a href=\"https:\/\/eltrabajo.cl\/portal\/magistral-desfile-sacudio-nuestra-ciudad-ayer-frente-a-la-plaza-de-armas\/panchita33\/\" border=\"0\" itemprop=\"url\"> <meta itemprop=\"width\" content=\"203\"> <meta itemprop=\"height\" content=\"282\"> <img decoding=\"async\" class=\"\" data-attachment-id=\"72505\" data-orig-file=\"https:\/\/eltrabajo.cl\/portal\/wp-content\/uploads\/2016\/08\/Panchita33.jpg\" data-orig-size=\"529,736\" data-comments-opened=\"1\" data-image-meta=\"{&quot;aperture&quot;:&quot;0&quot;,&quot;credit&quot;:&quot;&quot;,&quot;camera&quot;:&quot;&quot;,&quot;caption&quot;:&quot;&quot;,&quot;created_timestamp&quot;:&quot;0&quot;,&quot;copyright&quot;:&quot;&quot;,&quot;focal_length&quot;:&quot;0&quot;,&quot;iso&quot;:&quot;0&quot;,&quot;shutter_speed&quot;:&quot;0&quot;,&quot;title&quot;:&quot;&quot;,&quot;orientation&quot;:&quot;0&quot;}\" data-image-title=\"NUESTRA PANCHITA.- La deportista infantil \u2018Panchita\u2019 Z\u00fa\u00f1iga no pod\u00eda faltar en este desfile, ella lo hizo a nombre de los Aconcagua Runners.\" data-image-description=\"&lt;p&gt;NUESTRA PANCHITA.- La deportista infantil \u2018Panchita\u2019 Z\u00fa\u00f1iga no pod\u00eda faltar en este desfile, ella lo hizo a nombre de los Aconcagua Runners.&lt;\/p&gt; \" data-medium-file=\"https:\/\/i0.wp.com\/eltrabajo.cl\/portal\/wp-content\/uploads\/2016\/08\/Panchita33.jpg?fit=216%2C300&#038;ssl=1\" data-large-file=\"https:\/\/i0.wp.com\/eltrabajo.cl\/portal\/wp-content\/uploads\/2016\/08\/Panchita33.jpg?fit=529%2C736&#038;ssl=1\" src=\"https:\/\/i0.wp.com\/eltrabajo.cl\/portal\/wp-content\/uploads\/2016\/08\/Panchita33.jpg?w=203&#038;h=282&#038;ssl=1\" srcset=\"https:\/\/i0.wp.com\/eltrabajo.cl\/portal\/wp-content\/uploads\/2016\/08\/Panchita33.jpg?w=529&amp;ssl=1 529w, https:\/\/i0.wp.com\/eltrabajo.cl\/portal\/wp-content\/uploads\/2016\/08\/Panchita33.jpg?resize=108%2C150&amp;ssl=1 108w, https:\/\/i0.wp.com\/eltrabajo.cl\/portal\/wp-content\/uploads\/2016\/08\/Panchita33.jpg?resize=216%2C300&amp;ssl=1 216w, https:\/\/i0.wp.com\/eltrabajo.cl\/portal\/wp-content\/uploads\/2016\/08\/Panchita33.jpg?resize=400%2C557&amp;ssl=1 400w\" width=\"203\" height=\"282\" loading=\"lazy\" data-original-width=\"203\" data-original-height=\"282\" itemprop=\"http:\/\/schema.org\/image\" title=\"NUESTRA PANCHITA.- La deportista infantil \u2018Panchita\u2019 Z\u00fa\u00f1iga no pod\u00eda faltar en este desfile, ella lo hizo a nombre de los Aconcagua Runners.\" alt=\"NUESTRA PANCHITA.- La deportista infantil \u2018Panchita\u2019 Z\u00fa\u00f1iga no pod\u00eda faltar en este desfile, ella lo hizo a nombre de los Aconcagua Runners.\" style=\"width: 203px; height: 282px;\" \/> <\/a> <div class=\"tiled-gallery-caption\" itemprop=\"caption description\"> NUESTRA PANCHITA.- La deportista infantil \u2018Panchita\u2019 Z\u00fa\u00f1iga no pod\u00eda faltar en este desfile, ella lo hizo a nombre de los Aconcagua Runners. <\/div> <\/div> <\/div> <!-- close group --> <\/div> <!-- close row --> <div class=\"gallery-row\" style=\"width: 640px; height: 456px;\" data-original-width=\"640\" data-original-height=\"456\" > <div class=\"gallery-group images-3\" style=\"width: 225px; height: 456px;\" data-original-width=\"225\" data-original-height=\"456\" > <div class=\"tiled-gallery-item tiled-gallery-item-small\" itemprop=\"associatedMedia\" itemscope itemtype=\"http:\/\/schema.org\/ImageObject\"> <a href=\"https:\/\/eltrabajo.cl\/portal\/magistral-desfile-sacudio-nuestra-ciudad-ayer-frente-a-la-plaza-de-armas\/maura2\/\" border=\"0\" itemprop=\"url\"> <meta itemprop=\"width\" content=\"221\"> <meta itemprop=\"height\" content=\"152\"> <img decoding=\"async\" class=\"\" data-attachment-id=\"72504\" data-orig-file=\"https:\/\/eltrabajo.cl\/portal\/wp-content\/uploads\/2016\/08\/Maura2.jpg\" data-orig-size=\"529,364\" data-comments-opened=\"1\" data-image-meta=\"{&quot;aperture&quot;:&quot;0&quot;,&quot;credit&quot;:&quot;&quot;,&quot;camera&quot;:&quot;&quot;,&quot;caption&quot;:&quot;&quot;,&quot;created_timestamp&quot;:&quot;0&quot;,&quot;copyright&quot;:&quot;&quot;,&quot;focal_length&quot;:&quot;0&quot;,&quot;iso&quot;:&quot;0&quot;,&quot;shutter_speed&quot;:&quot;0&quot;,&quot;title&quot;:&quot;&quot;,&quot;orientation&quot;:&quot;0&quot;}\" data-image-title=\"LOCURA JUVENIL.- Los j\u00f3venes estudiantes del Colegio Portaliano tambi\u00e9n alegraron este desfile.\" data-image-description=\"&lt;p&gt;LOCURA JUVENIL.- Los j\u00f3venes estudiantes del Colegio Portaliano tambi\u00e9n alegraron este desfile.&lt;\/p&gt; \" data-medium-file=\"https:\/\/i0.wp.com\/eltrabajo.cl\/portal\/wp-content\/uploads\/2016\/08\/Maura2.jpg?fit=300%2C206&#038;ssl=1\" data-large-file=\"https:\/\/i0.wp.com\/eltrabajo.cl\/portal\/wp-content\/uploads\/2016\/08\/Maura2.jpg?fit=529%2C364&#038;ssl=1\" src=\"https:\/\/i0.wp.com\/eltrabajo.cl\/portal\/wp-content\/uploads\/2016\/08\/Maura2.jpg?w=221&#038;h=152&#038;ssl=1\" srcset=\"https:\/\/i0.wp.com\/eltrabajo.cl\/portal\/wp-content\/uploads\/2016\/08\/Maura2.jpg?w=529&amp;ssl=1 529w, https:\/\/i0.wp.com\/eltrabajo.cl\/portal\/wp-content\/uploads\/2016\/08\/Maura2.jpg?resize=200%2C138&amp;ssl=1 200w, https:\/\/i0.wp.com\/eltrabajo.cl\/portal\/wp-content\/uploads\/2016\/08\/Maura2.jpg?resize=300%2C206&amp;ssl=1 300w, https:\/\/i0.wp.com\/eltrabajo.cl\/portal\/wp-content\/uploads\/2016\/08\/Maura2.jpg?resize=218%2C150&amp;ssl=1 218w, https:\/\/i0.wp.com\/eltrabajo.cl\/portal\/wp-content\/uploads\/2016\/08\/Maura2.jpg?resize=400%2C275&amp;ssl=1 400w\" width=\"221\" height=\"152\" loading=\"lazy\" data-original-width=\"221\" data-original-height=\"152\" itemprop=\"http:\/\/schema.org\/image\" title=\"LOCURA JUVENIL.- Los j\u00f3venes estudiantes del Colegio Portaliano tambi\u00e9n alegraron este desfile.\" alt=\"LOCURA JUVENIL.- Los j\u00f3venes estudiantes del Colegio Portaliano tambi\u00e9n alegraron este desfile.\" style=\"width: 221px; height: 152px;\" \/> <\/a> <div class=\"tiled-gallery-caption\" itemprop=\"caption description\"> LOCURA JUVENIL.- Los j\u00f3venes estudiantes del Colegio Portaliano tambi\u00e9n alegraron este desfile. <\/div> <\/div> <div class=\"tiled-gallery-item tiled-gallery-item-small\" itemprop=\"associatedMedia\" itemscope itemtype=\"http:\/\/schema.org\/ImageObject\"> <a href=\"https:\/\/eltrabajo.cl\/portal\/magistral-desfile-sacudio-nuestra-ciudad-ayer-frente-a-la-plaza-de-armas\/magistral33\/\" border=\"0\" itemprop=\"url\"> <meta itemprop=\"width\" content=\"221\"> <meta itemprop=\"height\" content=\"141\"> <img decoding=\"async\" class=\"\" data-attachment-id=\"72503\" data-orig-file=\"https:\/\/eltrabajo.cl\/portal\/wp-content\/uploads\/2016\/08\/Magistral33.jpg\" data-orig-size=\"530,336\" data-comments-opened=\"1\" data-image-meta=\"{&quot;aperture&quot;:&quot;0&quot;,&quot;credit&quot;:&quot;&quot;,&quot;camera&quot;:&quot;&quot;,&quot;caption&quot;:&quot;&quot;,&quot;created_timestamp&quot;:&quot;0&quot;,&quot;copyright&quot;:&quot;&quot;,&quot;focal_length&quot;:&quot;0&quot;,&quot;iso&quot;:&quot;0&quot;,&quot;shutter_speed&quot;:&quot;0&quot;,&quot;title&quot;:&quot;&quot;,&quot;orientation&quot;:&quot;0&quot;}\" data-image-title=\"MUCHAS GRACIAS.- Los chicos de la Escuela Industrial, por iniciativa propia, decidieron ofrecer un desfile en honor a Diario El Trabajo frente al edificio de nuestro medio.\" data-image-description=\"&lt;p&gt;MUCHAS GRACIAS.- Los chicos de la Escuela Industrial, por iniciativa propia, decidieron ofrecer un desfile en honor a Diario El Trabajo frente al edificio de nuestro medio.&lt;\/p&gt; \" data-medium-file=\"https:\/\/i0.wp.com\/eltrabajo.cl\/portal\/wp-content\/uploads\/2016\/08\/Magistral33.jpg?fit=300%2C190&#038;ssl=1\" data-large-file=\"https:\/\/i0.wp.com\/eltrabajo.cl\/portal\/wp-content\/uploads\/2016\/08\/Magistral33.jpg?fit=530%2C336&#038;ssl=1\" src=\"https:\/\/i0.wp.com\/eltrabajo.cl\/portal\/wp-content\/uploads\/2016\/08\/Magistral33.jpg?w=221&#038;h=141&#038;ssl=1\" srcset=\"https:\/\/i0.wp.com\/eltrabajo.cl\/portal\/wp-content\/uploads\/2016\/08\/Magistral33.jpg?w=530&amp;ssl=1 530w, https:\/\/i0.wp.com\/eltrabajo.cl\/portal\/wp-content\/uploads\/2016\/08\/Magistral33.jpg?resize=200%2C127&amp;ssl=1 200w, https:\/\/i0.wp.com\/eltrabajo.cl\/portal\/wp-content\/uploads\/2016\/08\/Magistral33.jpg?resize=300%2C190&amp;ssl=1 300w, https:\/\/i0.wp.com\/eltrabajo.cl\/portal\/wp-content\/uploads\/2016\/08\/Magistral33.jpg?resize=237%2C150&amp;ssl=1 237w, https:\/\/i0.wp.com\/eltrabajo.cl\/portal\/wp-content\/uploads\/2016\/08\/Magistral33.jpg?resize=400%2C254&amp;ssl=1 400w\" width=\"221\" height=\"141\" loading=\"lazy\" data-original-width=\"221\" data-original-height=\"141\" itemprop=\"http:\/\/schema.org\/image\" title=\"MUCHAS GRACIAS.- Los chicos de la Escuela Industrial, por iniciativa propia, decidieron ofrecer un desfile en honor a Diario El Trabajo frente al edificio de nuestro medio.\" alt=\"MUCHAS GRACIAS.- Los chicos de la Escuela Industrial, por iniciativa propia, decidieron ofrecer un desfile en honor a Diario El Trabajo frente al edificio de nuestro medio.\" style=\"width: 221px; height: 141px;\" \/> <\/a> <div class=\"tiled-gallery-caption\" itemprop=\"caption description\"> MUCHAS GRACIAS.- Los chicos de la Escuela Industrial, por iniciativa propia, decidieron ofrecer un desfile en honor a Diario El Trabajo frente al edificio de nuestro medio. <\/div> <\/div> <div class=\"tiled-gallery-item tiled-gallery-item-small\" itemprop=\"associatedMedia\" itemscope itemtype=\"http:\/\/schema.org\/ImageObject\"> <a href=\"https:\/\/eltrabajo.cl\/portal\/magistral-desfile-sacudio-nuestra-ciudad-ayer-frente-a-la-plaza-de-armas\/lector33\/\" border=\"0\" itemprop=\"url\"> <meta itemprop=\"width\" content=\"221\"> <meta itemprop=\"height\" content=\"151\"> <img decoding=\"async\" class=\"\" data-attachment-id=\"72502\" data-orig-file=\"https:\/\/eltrabajo.cl\/portal\/wp-content\/uploads\/2016\/08\/Lector33.jpg\" data-orig-size=\"528,360\" data-comments-opened=\"1\" data-image-meta=\"{&quot;aperture&quot;:&quot;0&quot;,&quot;credit&quot;:&quot;&quot;,&quot;camera&quot;:&quot;&quot;,&quot;caption&quot;:&quot;&quot;,&quot;created_timestamp&quot;:&quot;0&quot;,&quot;copyright&quot;:&quot;&quot;,&quot;focal_length&quot;:&quot;0&quot;,&quot;iso&quot;:&quot;0&quot;,&quot;shutter_speed&quot;:&quot;0&quot;,&quot;title&quot;:&quot;&quot;,&quot;orientation&quot;:&quot;0&quot;}\" data-image-title=\"FIEL LECTOR.- Este sanfelipe\u00f1o, fiel a Diario El Trabajo, logr\u00f3 llamar la atenci\u00f3n de nuestras c\u00e1maras, pues nuestros lectores son nuestra raz\u00f3n de hacer periodismo desde 1929.\" data-image-description=\"&lt;p&gt;FIEL LECTOR.- Este sanfelipe\u00f1o, fiel a Diario El Trabajo, logr\u00f3 llamar la atenci\u00f3n de nuestras c\u00e1maras, pues nuestros lectores son nuestra raz\u00f3n de hacer periodismo desde 1929.&lt;\/p&gt; \" data-medium-file=\"https:\/\/i0.wp.com\/eltrabajo.cl\/portal\/wp-content\/uploads\/2016\/08\/Lector33.jpg?fit=300%2C205&#038;ssl=1\" data-large-file=\"https:\/\/i0.wp.com\/eltrabajo.cl\/portal\/wp-content\/uploads\/2016\/08\/Lector33.jpg?fit=528%2C360&#038;ssl=1\" src=\"https:\/\/i0.wp.com\/eltrabajo.cl\/portal\/wp-content\/uploads\/2016\/08\/Lector33.jpg?w=221&#038;h=151&#038;ssl=1\" srcset=\"https:\/\/i0.wp.com\/eltrabajo.cl\/portal\/wp-content\/uploads\/2016\/08\/Lector33.jpg?w=528&amp;ssl=1 528w, https:\/\/i0.wp.com\/eltrabajo.cl\/portal\/wp-content\/uploads\/2016\/08\/Lector33.jpg?resize=200%2C136&amp;ssl=1 200w, https:\/\/i0.wp.com\/eltrabajo.cl\/portal\/wp-content\/uploads\/2016\/08\/Lector33.jpg?resize=300%2C205&amp;ssl=1 300w, https:\/\/i0.wp.com\/eltrabajo.cl\/portal\/wp-content\/uploads\/2016\/08\/Lector33.jpg?resize=220%2C150&amp;ssl=1 220w, https:\/\/i0.wp.com\/eltrabajo.cl\/portal\/wp-content\/uploads\/2016\/08\/Lector33.jpg?resize=400%2C273&amp;ssl=1 400w\" width=\"221\" height=\"151\" loading=\"lazy\" data-original-width=\"221\" data-original-height=\"151\" itemprop=\"http:\/\/schema.org\/image\" title=\"FIEL LECTOR.- Este sanfelipe\u00f1o, fiel a Diario El Trabajo, logr\u00f3 llamar la atenci\u00f3n de nuestras c\u00e1maras, pues nuestros lectores son nuestra raz\u00f3n de hacer periodismo desde 1929.\" alt=\"FIEL LECTOR.- Este sanfelipe\u00f1o, fiel a Diario El Trabajo, logr\u00f3 llamar la atenci\u00f3n de nuestras c\u00e1maras, pues nuestros lectores son nuestra raz\u00f3n de hacer periodismo desde 1929.\" style=\"width: 221px; height: 151px;\" \/> <\/a> <div class=\"tiled-gallery-caption\" itemprop=\"caption description\"> FIEL LECTOR.- Este sanfelipe\u00f1o, fiel a Diario El Trabajo, logr\u00f3 llamar la atenci\u00f3n de nuestras c\u00e1maras, pues nuestros lectores son nuestra raz\u00f3n de hacer periodismo desde 1929. <\/div> <\/div> <\/div> <!-- close group --> <div class=\"gallery-group images-1\" style=\"width: 415px; height: 456px;\" data-original-width=\"415\" data-original-height=\"456\" > <div class=\"tiled-gallery-item tiled-gallery-item-large\" itemprop=\"associatedMedia\" itemscope itemtype=\"http:\/\/schema.org\/ImageObject\"> <a href=\"https:\/\/eltrabajo.cl\/portal\/magistral-desfile-sacudio-nuestra-ciudad-ayer-frente-a-la-plaza-de-armas\/lagrimas33\/\" border=\"0\" itemprop=\"url\"> <meta itemprop=\"width\" content=\"411\"> <meta itemprop=\"height\" content=\"452\"> <img decoding=\"async\" class=\"\" data-attachment-id=\"72501\" data-orig-file=\"https:\/\/eltrabajo.cl\/portal\/wp-content\/uploads\/2016\/08\/Lagrimas33.jpg\" data-orig-size=\"529,582\" data-comments-opened=\"1\" data-image-meta=\"{&quot;aperture&quot;:&quot;0&quot;,&quot;credit&quot;:&quot;&quot;,&quot;camera&quot;:&quot;&quot;,&quot;caption&quot;:&quot;&quot;,&quot;created_timestamp&quot;:&quot;0&quot;,&quot;copyright&quot;:&quot;&quot;,&quot;focal_length&quot;:&quot;0&quot;,&quot;iso&quot;:&quot;0&quot;,&quot;shutter_speed&quot;:&quot;0&quot;,&quot;title&quot;:&quot;&quot;,&quot;orientation&quot;:&quot;0&quot;}\" data-image-title=\"NO LO DISFRUT\u00d3.- Nuestras c\u00e1maras tambi\u00e9n registraron el desconsuelo de este peque\u00f1ito, quien lloraba amargamente, quiz\u00e1s por algunos instantes se le perdi\u00f3 a sus pap\u00e1s. Lo cierto del caso es que no disfrut\u00f3 el desfile.\" data-image-description=\"&lt;p&gt;NO LO DISFRUT\u00d3.- Nuestras c\u00e1maras tambi\u00e9n registraron el desconsuelo de este peque\u00f1ito, quien lloraba amargamente, quiz\u00e1s por algunos instantes se le perdi\u00f3 a sus pap\u00e1s. Lo cierto del caso es que no disfrut\u00f3 el desfile.&lt;\/p&gt; \" data-medium-file=\"https:\/\/i0.wp.com\/eltrabajo.cl\/portal\/wp-content\/uploads\/2016\/08\/Lagrimas33.jpg?fit=273%2C300&#038;ssl=1\" data-large-file=\"https:\/\/i0.wp.com\/eltrabajo.cl\/portal\/wp-content\/uploads\/2016\/08\/Lagrimas33.jpg?fit=529%2C582&#038;ssl=1\" src=\"https:\/\/i0.wp.com\/eltrabajo.cl\/portal\/wp-content\/uploads\/2016\/08\/Lagrimas33.jpg?w=411&#038;h=452&#038;ssl=1\" srcset=\"https:\/\/i0.wp.com\/eltrabajo.cl\/portal\/wp-content\/uploads\/2016\/08\/Lagrimas33.jpg?w=529&amp;ssl=1 529w, https:\/\/i0.wp.com\/eltrabajo.cl\/portal\/wp-content\/uploads\/2016\/08\/Lagrimas33.jpg?resize=136%2C150&amp;ssl=1 136w, https:\/\/i0.wp.com\/eltrabajo.cl\/portal\/wp-content\/uploads\/2016\/08\/Lagrimas33.jpg?resize=273%2C300&amp;ssl=1 273w, https:\/\/i0.wp.com\/eltrabajo.cl\/portal\/wp-content\/uploads\/2016\/08\/Lagrimas33.jpg?resize=400%2C440&amp;ssl=1 400w\" width=\"411\" height=\"452\" loading=\"lazy\" data-original-width=\"411\" data-original-height=\"452\" itemprop=\"http:\/\/schema.org\/image\" title=\"NO LO DISFRUT\u00d3.- Nuestras c\u00e1maras tambi\u00e9n registraron el desconsuelo de este peque\u00f1ito, quien lloraba amargamente, quiz\u00e1s por algunos instantes se le perdi\u00f3 a sus pap\u00e1s. Lo cierto del caso es que no disfrut\u00f3 el desfile.\" alt=\"NO LO DISFRUT\u00d3.- Nuestras c\u00e1maras tambi\u00e9n registraron el desconsuelo de este peque\u00f1ito, quien lloraba amargamente, quiz\u00e1s por algunos instantes se le perdi\u00f3 a sus pap\u00e1s. Lo cierto del caso es que no disfrut\u00f3 el desfile.\" style=\"width: 411px; height: 452px;\" \/> <\/a> <div class=\"tiled-gallery-caption\" itemprop=\"caption description\"> NO LO DISFRUT\u00d3.- Nuestras c\u00e1maras tambi\u00e9n registraron el desconsuelo de este peque\u00f1ito, quien lloraba amargamente, quiz\u00e1s por algunos instantes se le perdi\u00f3 a sus pap\u00e1s. Lo cierto del caso es que no disfrut\u00f3 el desfile. <\/div> <\/div> <\/div> <!-- close group --> <\/div> <!-- close row --> <div class=\"gallery-row\" style=\"width: 640px; height: 436px;\" data-original-width=\"640\" data-original-height=\"436\" > <div class=\"gallery-group images-1\" style=\"width: 426px; height: 436px;\" data-original-width=\"426\" data-original-height=\"436\" > <div class=\"tiled-gallery-item tiled-gallery-item-large\" itemprop=\"associatedMedia\" itemscope itemtype=\"http:\/\/schema.org\/ImageObject\"> <a href=\"https:\/\/eltrabajo.cl\/portal\/magistral-desfile-sacudio-nuestra-ciudad-ayer-frente-a-la-plaza-de-armas\/joaquin33\/\" border=\"0\" itemprop=\"url\"> <meta itemprop=\"width\" content=\"422\"> <meta itemprop=\"height\" content=\"432\"> <img decoding=\"async\" class=\"\" data-attachment-id=\"72500\" data-orig-file=\"https:\/\/eltrabajo.cl\/portal\/wp-content\/uploads\/2016\/08\/Joaquin33.jpg\" data-orig-size=\"529,542\" data-comments-opened=\"1\" data-image-meta=\"{&quot;aperture&quot;:&quot;0&quot;,&quot;credit&quot;:&quot;&quot;,&quot;camera&quot;:&quot;&quot;,&quot;caption&quot;:&quot;&quot;,&quot;created_timestamp&quot;:&quot;0&quot;,&quot;copyright&quot;:&quot;&quot;,&quot;focal_length&quot;:&quot;0&quot;,&quot;iso&quot;:&quot;0&quot;,&quot;shutter_speed&quot;:&quot;0&quot;,&quot;title&quot;:&quot;&quot;,&quot;orientation&quot;:&quot;0&quot;}\" data-image-title=\"SER\u00c1 FOT\u00d3GRAFO.- El peque\u00f1ito Joaqu\u00edn Vega Zamora, cuando vio las c\u00e1maras de Diario El Trabajo, quer\u00eda salirse de su fila para tenerlas en sus manos.\" data-image-description=\"&lt;p&gt;SER\u00c1 FOT\u00d3GRAFO.- El peque\u00f1ito Joaqu\u00edn Vega Zamora, cuando vio las c\u00e1maras de Diario El Trabajo, quer\u00eda salirse de su fila para tenerlas en sus manos.&lt;\/p&gt; \" data-medium-file=\"https:\/\/i0.wp.com\/eltrabajo.cl\/portal\/wp-content\/uploads\/2016\/08\/Joaquin33.jpg?fit=293%2C300&#038;ssl=1\" data-large-file=\"https:\/\/i0.wp.com\/eltrabajo.cl\/portal\/wp-content\/uploads\/2016\/08\/Joaquin33.jpg?fit=529%2C542&#038;ssl=1\" src=\"https:\/\/i0.wp.com\/eltrabajo.cl\/portal\/wp-content\/uploads\/2016\/08\/Joaquin33.jpg?w=422&#038;h=432&#038;ssl=1\" srcset=\"https:\/\/i0.wp.com\/eltrabajo.cl\/portal\/wp-content\/uploads\/2016\/08\/Joaquin33.jpg?w=529&amp;ssl=1 529w, https:\/\/i0.wp.com\/eltrabajo.cl\/portal\/wp-content\/uploads\/2016\/08\/Joaquin33.jpg?resize=146%2C150&amp;ssl=1 146w, https:\/\/i0.wp.com\/eltrabajo.cl\/portal\/wp-content\/uploads\/2016\/08\/Joaquin33.jpg?resize=293%2C300&amp;ssl=1 293w, https:\/\/i0.wp.com\/eltrabajo.cl\/portal\/wp-content\/uploads\/2016\/08\/Joaquin33.jpg?resize=400%2C410&amp;ssl=1 400w\" width=\"422\" height=\"432\" loading=\"lazy\" data-original-width=\"422\" data-original-height=\"432\" itemprop=\"http:\/\/schema.org\/image\" title=\"SER\u00c1 FOT\u00d3GRAFO.- El peque\u00f1ito Joaqu\u00edn Vega Zamora, cuando vio las c\u00e1maras de Diario El Trabajo, quer\u00eda salirse de su fila para tenerlas en sus manos.\" alt=\"SER\u00c1 FOT\u00d3GRAFO.- El peque\u00f1ito Joaqu\u00edn Vega Zamora, cuando vio las c\u00e1maras de Diario El Trabajo, quer\u00eda salirse de su fila para tenerlas en sus manos.\" style=\"width: 422px; height: 432px;\" \/> <\/a> <div class=\"tiled-gallery-caption\" itemprop=\"caption description\"> SER\u00c1 FOT\u00d3GRAFO.- El peque\u00f1ito Joaqu\u00edn Vega Zamora, cuando vio las c\u00e1maras de Diario El Trabajo, quer\u00eda salirse de su fila para tenerlas en sus manos. <\/div> <\/div> <\/div> <!-- close group --> <div class=\"gallery-group images-3\" style=\"width: 214px; height: 436px;\" data-original-width=\"214\" data-original-height=\"436\" > <div class=\"tiled-gallery-item tiled-gallery-item-small\" itemprop=\"associatedMedia\" itemscope itemtype=\"http:\/\/schema.org\/ImageObject\"> <a href=\"https:\/\/eltrabajo.cl\/portal\/magistral-desfile-sacudio-nuestra-ciudad-ayer-frente-a-la-plaza-de-armas\/javier33\/\" border=\"0\" itemprop=\"url\"> <meta itemprop=\"width\" content=\"210\"> <meta itemprop=\"height\" content=\"149\"> <img decoding=\"async\" class=\"\" data-attachment-id=\"72499\" data-orig-file=\"https:\/\/eltrabajo.cl\/portal\/wp-content\/uploads\/2016\/08\/Javier33.jpg\" data-orig-size=\"529,376\" data-comments-opened=\"1\" data-image-meta=\"{&quot;aperture&quot;:&quot;0&quot;,&quot;credit&quot;:&quot;&quot;,&quot;camera&quot;:&quot;&quot;,&quot;caption&quot;:&quot;&quot;,&quot;created_timestamp&quot;:&quot;0&quot;,&quot;copyright&quot;:&quot;&quot;,&quot;focal_length&quot;:&quot;0&quot;,&quot;iso&quot;:&quot;0&quot;,&quot;shutter_speed&quot;:&quot;0&quot;,&quot;title&quot;:&quot;&quot;,&quot;orientation&quot;:&quot;0&quot;}\" data-image-title=\"SIEMPRE \u2018EL BICHO\u2019.- Siempre en silencio, discreto pero muy en alerta, as\u00ed pillamos ayer al cotizado camar\u00f3grafo de VTV, Javier Rebolledo, cuando grababa cada detalle del desfile.\" data-image-description=\"&lt;p&gt;SIEMPRE \u2018EL BICHO\u2019.- Siempre en silencio, discreto pero muy en alerta, as\u00ed pillamos ayer al cotizado camar\u00f3grafo de VTV, Javier Rebolledo, cuando grababa cada detalle del desfile.&lt;\/p&gt; \" data-medium-file=\"https:\/\/i0.wp.com\/eltrabajo.cl\/portal\/wp-content\/uploads\/2016\/08\/Javier33.jpg?fit=300%2C213&#038;ssl=1\" data-large-file=\"https:\/\/i0.wp.com\/eltrabajo.cl\/portal\/wp-content\/uploads\/2016\/08\/Javier33.jpg?fit=529%2C376&#038;ssl=1\" src=\"https:\/\/i0.wp.com\/eltrabajo.cl\/portal\/wp-content\/uploads\/2016\/08\/Javier33.jpg?w=210&#038;h=149&#038;ssl=1\" srcset=\"https:\/\/i0.wp.com\/eltrabajo.cl\/portal\/wp-content\/uploads\/2016\/08\/Javier33.jpg?w=529&amp;ssl=1 529w, https:\/\/i0.wp.com\/eltrabajo.cl\/portal\/wp-content\/uploads\/2016\/08\/Javier33.jpg?resize=200%2C142&amp;ssl=1 200w, https:\/\/i0.wp.com\/eltrabajo.cl\/portal\/wp-content\/uploads\/2016\/08\/Javier33.jpg?resize=300%2C213&amp;ssl=1 300w, https:\/\/i0.wp.com\/eltrabajo.cl\/portal\/wp-content\/uploads\/2016\/08\/Javier33.jpg?resize=211%2C150&amp;ssl=1 211w, https:\/\/i0.wp.com\/eltrabajo.cl\/portal\/wp-content\/uploads\/2016\/08\/Javier33.jpg?resize=400%2C284&amp;ssl=1 400w\" width=\"210\" height=\"149\" loading=\"lazy\" data-original-width=\"210\" data-original-height=\"149\" itemprop=\"http:\/\/schema.org\/image\" title=\"SIEMPRE \u2018EL BICHO\u2019.- Siempre en silencio, discreto pero muy en alerta, as\u00ed pillamos ayer al cotizado camar\u00f3grafo de VTV, Javier Rebolledo, cuando grababa cada detalle del desfile.\" alt=\"SIEMPRE \u2018EL BICHO\u2019.- Siempre en silencio, discreto pero muy en alerta, as\u00ed pillamos ayer al cotizado camar\u00f3grafo de VTV, Javier Rebolledo, cuando grababa cada detalle del desfile.\" style=\"width: 210px; height: 149px;\" \/> <\/a> <div class=\"tiled-gallery-caption\" itemprop=\"caption description\"> SIEMPRE \u2018EL BICHO\u2019.- Siempre en silencio, discreto pero muy en alerta, as\u00ed pillamos ayer al cotizado camar\u00f3grafo de VTV, Javier Rebolledo, cuando grababa cada detalle del desfile. <\/div> <\/div> <div class=\"tiled-gallery-item tiled-gallery-item-small\" itemprop=\"associatedMedia\" itemscope itemtype=\"http:\/\/schema.org\/ImageObject\"> <a href=\"https:\/\/eltrabajo.cl\/portal\/magistral-desfile-sacudio-nuestra-ciudad-ayer-frente-a-la-plaza-de-armas\/huasos33\/\" border=\"0\" itemprop=\"url\"> <meta itemprop=\"width\" content=\"210\"> <meta itemprop=\"height\" content=\"133\"> <img decoding=\"async\" class=\"\" data-attachment-id=\"72498\" data-orig-file=\"https:\/\/eltrabajo.cl\/portal\/wp-content\/uploads\/2016\/08\/Huasos33.jpg\" data-orig-size=\"529,334\" data-comments-opened=\"1\" data-image-meta=\"{&quot;aperture&quot;:&quot;0&quot;,&quot;credit&quot;:&quot;&quot;,&quot;camera&quot;:&quot;&quot;,&quot;caption&quot;:&quot;&quot;,&quot;created_timestamp&quot;:&quot;0&quot;,&quot;copyright&quot;:&quot;&quot;,&quot;focal_length&quot;:&quot;0&quot;,&quot;iso&quot;:&quot;0&quot;,&quot;shutter_speed&quot;:&quot;0&quot;,&quot;title&quot;:&quot;&quot;,&quot;orientation&quot;:&quot;0&quot;}\" data-image-title=\"NUESTROS HUASOS.- Los m\u00e1s respetados huasos de nuestra provincia se hicieron presente para esta fecha tan especial.\" data-image-description=\"&lt;p&gt;NUESTROS HUASOS.- Los m\u00e1s respetados huasos de nuestra provincia se hicieron presente para esta fecha tan especial.&lt;\/p&gt; \" data-medium-file=\"https:\/\/i0.wp.com\/eltrabajo.cl\/portal\/wp-content\/uploads\/2016\/08\/Huasos33.jpg?fit=300%2C189&#038;ssl=1\" data-large-file=\"https:\/\/i0.wp.com\/eltrabajo.cl\/portal\/wp-content\/uploads\/2016\/08\/Huasos33.jpg?fit=529%2C334&#038;ssl=1\" src=\"https:\/\/i0.wp.com\/eltrabajo.cl\/portal\/wp-content\/uploads\/2016\/08\/Huasos33.jpg?w=210&#038;h=133&#038;ssl=1\" srcset=\"https:\/\/i0.wp.com\/eltrabajo.cl\/portal\/wp-content\/uploads\/2016\/08\/Huasos33.jpg?w=529&amp;ssl=1 529w, https:\/\/i0.wp.com\/eltrabajo.cl\/portal\/wp-content\/uploads\/2016\/08\/Huasos33.jpg?resize=200%2C126&amp;ssl=1 200w, https:\/\/i0.wp.com\/eltrabajo.cl\/portal\/wp-content\/uploads\/2016\/08\/Huasos33.jpg?resize=300%2C189&amp;ssl=1 300w, https:\/\/i0.wp.com\/eltrabajo.cl\/portal\/wp-content\/uploads\/2016\/08\/Huasos33.jpg?resize=238%2C150&amp;ssl=1 238w, https:\/\/i0.wp.com\/eltrabajo.cl\/portal\/wp-content\/uploads\/2016\/08\/Huasos33.jpg?resize=400%2C253&amp;ssl=1 400w\" width=\"210\" height=\"133\" loading=\"lazy\" data-original-width=\"210\" data-original-height=\"133\" itemprop=\"http:\/\/schema.org\/image\" title=\"NUESTROS HUASOS.- Los m\u00e1s respetados huasos de nuestra provincia se hicieron presente para esta fecha tan especial.\" alt=\"NUESTROS HUASOS.- Los m\u00e1s respetados huasos de nuestra provincia se hicieron presente para esta fecha tan especial.\" style=\"width: 210px; height: 133px;\" \/> <\/a> <div class=\"tiled-gallery-caption\" itemprop=\"caption description\"> NUESTROS HUASOS.- Los m\u00e1s respetados huasos de nuestra provincia se hicieron presente para esta fecha tan especial. <\/div> <\/div> <div class=\"tiled-gallery-item tiled-gallery-item-small\" itemprop=\"associatedMedia\" itemscope itemtype=\"http:\/\/schema.org\/ImageObject\"> <a href=\"https:\/\/eltrabajo.cl\/portal\/magistral-desfile-sacudio-nuestra-ciudad-ayer-frente-a-la-plaza-de-armas\/genial33\/\" border=\"0\" itemprop=\"url\"> <meta itemprop=\"width\" content=\"210\"> <meta itemprop=\"height\" content=\"142\"> <img decoding=\"async\" class=\"\" data-attachment-id=\"72497\" data-orig-file=\"https:\/\/eltrabajo.cl\/portal\/wp-content\/uploads\/2016\/08\/Genial33.jpg\" data-orig-size=\"529,357\" data-comments-opened=\"1\" data-image-meta=\"{&quot;aperture&quot;:&quot;0&quot;,&quot;credit&quot;:&quot;&quot;,&quot;camera&quot;:&quot;&quot;,&quot;caption&quot;:&quot;&quot;,&quot;created_timestamp&quot;:&quot;0&quot;,&quot;copyright&quot;:&quot;&quot;,&quot;focal_length&quot;:&quot;0&quot;,&quot;iso&quot;:&quot;0&quot;,&quot;shutter_speed&quot;:&quot;0&quot;,&quot;title&quot;:&quot;&quot;,&quot;orientation&quot;:&quot;0&quot;}\" data-image-title=\"SAN FELIPE EN FRENES\u00cd.- As\u00ed de vibrante se vivi\u00f3 este colosal desfile c\u00edvico en el coraz\u00f3n de nuestra ciudad.\" data-image-description=\"&lt;p&gt;SAN FELIPE EN FRENES\u00cd.- As\u00ed de vibrante se vivi\u00f3 este colosal desfile c\u00edvico en el coraz\u00f3n de nuestra ciudad.&lt;\/p&gt; \" data-medium-file=\"https:\/\/i0.wp.com\/eltrabajo.cl\/portal\/wp-content\/uploads\/2016\/08\/Genial33.jpg?fit=300%2C202&#038;ssl=1\" data-large-file=\"https:\/\/i0.wp.com\/eltrabajo.cl\/portal\/wp-content\/uploads\/2016\/08\/Genial33.jpg?fit=529%2C357&#038;ssl=1\" src=\"https:\/\/i0.wp.com\/eltrabajo.cl\/portal\/wp-content\/uploads\/2016\/08\/Genial33.jpg?w=210&#038;h=142&#038;ssl=1\" srcset=\"https:\/\/i0.wp.com\/eltrabajo.cl\/portal\/wp-content\/uploads\/2016\/08\/Genial33.jpg?w=529&amp;ssl=1 529w, https:\/\/i0.wp.com\/eltrabajo.cl\/portal\/wp-content\/uploads\/2016\/08\/Genial33.jpg?resize=200%2C135&amp;ssl=1 200w, https:\/\/i0.wp.com\/eltrabajo.cl\/portal\/wp-content\/uploads\/2016\/08\/Genial33.jpg?resize=300%2C202&amp;ssl=1 300w, https:\/\/i0.wp.com\/eltrabajo.cl\/portal\/wp-content\/uploads\/2016\/08\/Genial33.jpg?resize=222%2C150&amp;ssl=1 222w, https:\/\/i0.wp.com\/eltrabajo.cl\/portal\/wp-content\/uploads\/2016\/08\/Genial33.jpg?resize=400%2C270&amp;ssl=1 400w\" width=\"210\" height=\"142\" loading=\"lazy\" data-original-width=\"210\" data-original-height=\"142\" itemprop=\"http:\/\/schema.org\/image\" title=\"SAN FELIPE EN FRENES\u00cd.- As\u00ed de vibrante se vivi\u00f3 este colosal desfile c\u00edvico en el coraz\u00f3n de nuestra ciudad.\" alt=\"SAN FELIPE EN FRENES\u00cd.- As\u00ed de vibrante se vivi\u00f3 este colosal desfile c\u00edvico en el coraz\u00f3n de nuestra ciudad.\" style=\"width: 210px; height: 142px;\" \/> <\/a> <div class=\"tiled-gallery-caption\" itemprop=\"caption description\"> SAN FELIPE EN FRENES\u00cd.- As\u00ed de vibrante se vivi\u00f3 este colosal desfile c\u00edvico en el coraz\u00f3n de nuestra ciudad. <\/div> <\/div> <\/div> <!-- close group --> <\/div> <!-- close row --> <div class=\"gallery-row\" style=\"width: 640px; height: 389px;\" data-original-width=\"640\" data-original-height=\"389\" > <div class=\"gallery-group images-1\" style=\"width: 354px; height: 389px;\" data-original-width=\"354\" data-original-height=\"389\" > <div class=\"tiled-gallery-item tiled-gallery-item-large\" itemprop=\"associatedMedia\" itemscope itemtype=\"http:\/\/schema.org\/ImageObject\"> <a href=\"https:\/\/eltrabajo.cl\/portal\/magistral-desfile-sacudio-nuestra-ciudad-ayer-frente-a-la-plaza-de-armas\/cueca222\/\" border=\"0\" itemprop=\"url\"> <meta itemprop=\"width\" content=\"350\"> <meta itemprop=\"height\" content=\"385\"> <img decoding=\"async\" class=\"\" data-attachment-id=\"72495\" data-orig-file=\"https:\/\/eltrabajo.cl\/portal\/wp-content\/uploads\/2016\/08\/Cueca222.jpg\" data-orig-size=\"529,582\" data-comments-opened=\"1\" data-image-meta=\"{&quot;aperture&quot;:&quot;0&quot;,&quot;credit&quot;:&quot;&quot;,&quot;camera&quot;:&quot;&quot;,&quot;caption&quot;:&quot;&quot;,&quot;created_timestamp&quot;:&quot;0&quot;,&quot;copyright&quot;:&quot;&quot;,&quot;focal_length&quot;:&quot;0&quot;,&quot;iso&quot;:&quot;0&quot;,&quot;shutter_speed&quot;:&quot;0&quot;,&quot;title&quot;:&quot;&quot;,&quot;orientation&quot;:&quot;0&quot;}\" data-image-title=\"CAUTIV\u00d3 AL P\u00daBLICO.- Esta preciosa ni\u00f1a cautiv\u00f3 a los presentes, pues nunca dej\u00f3 de sonre\u00edr mientras dur\u00f3 su presentaci\u00f3n.\" data-image-description=\"&lt;p&gt;CAUTIV\u00d3 AL P\u00daBLICO.- Esta preciosa ni\u00f1a cautiv\u00f3 a los presentes, pues nunca dej\u00f3 de sonre\u00edr mientras dur\u00f3 su presentaci\u00f3n.&lt;\/p&gt; \" data-medium-file=\"https:\/\/i0.wp.com\/eltrabajo.cl\/portal\/wp-content\/uploads\/2016\/08\/Cueca222.jpg?fit=273%2C300&#038;ssl=1\" data-large-file=\"https:\/\/i0.wp.com\/eltrabajo.cl\/portal\/wp-content\/uploads\/2016\/08\/Cueca222.jpg?fit=529%2C582&#038;ssl=1\" src=\"https:\/\/i0.wp.com\/eltrabajo.cl\/portal\/wp-content\/uploads\/2016\/08\/Cueca222.jpg?w=350&#038;h=385&#038;ssl=1\" srcset=\"https:\/\/i0.wp.com\/eltrabajo.cl\/portal\/wp-content\/uploads\/2016\/08\/Cueca222.jpg?w=529&amp;ssl=1 529w, https:\/\/i0.wp.com\/eltrabajo.cl\/portal\/wp-content\/uploads\/2016\/08\/Cueca222.jpg?resize=136%2C150&amp;ssl=1 136w, https:\/\/i0.wp.com\/eltrabajo.cl\/portal\/wp-content\/uploads\/2016\/08\/Cueca222.jpg?resize=273%2C300&amp;ssl=1 273w, https:\/\/i0.wp.com\/eltrabajo.cl\/portal\/wp-content\/uploads\/2016\/08\/Cueca222.jpg?resize=400%2C440&amp;ssl=1 400w\" width=\"350\" height=\"385\" loading=\"lazy\" data-original-width=\"350\" data-original-height=\"385\" itemprop=\"http:\/\/schema.org\/image\" title=\"CAUTIV\u00d3 AL P\u00daBLICO.- Esta preciosa ni\u00f1a cautiv\u00f3 a los presentes, pues nunca dej\u00f3 de sonre\u00edr mientras dur\u00f3 su presentaci\u00f3n.\" alt=\"CAUTIV\u00d3 AL P\u00daBLICO.- Esta preciosa ni\u00f1a cautiv\u00f3 a los presentes, pues nunca dej\u00f3 de sonre\u00edr mientras dur\u00f3 su presentaci\u00f3n.\" style=\"width: 350px; height: 385px;\" \/> <\/a> <div class=\"tiled-gallery-caption\" itemprop=\"caption description\"> CAUTIV\u00d3 AL P\u00daBLICO.- Esta preciosa ni\u00f1a cautiv\u00f3 a los presentes, pues nunca dej\u00f3 de sonre\u00edr mientras dur\u00f3 su presentaci\u00f3n. <\/div> <\/div> <\/div> <!-- close group --> <div class=\"gallery-group images-2\" style=\"width: 286px; height: 389px;\" data-original-width=\"286\" data-original-height=\"389\" > <div class=\"tiled-gallery-item tiled-gallery-item-large\" itemprop=\"associatedMedia\" itemscope itemtype=\"http:\/\/schema.org\/ImageObject\"> <a href=\"https:\/\/eltrabajo.cl\/portal\/magistral-desfile-sacudio-nuestra-ciudad-ayer-frente-a-la-plaza-de-armas\/cueca3\/\" border=\"0\" itemprop=\"url\"> <meta itemprop=\"width\" content=\"282\"> <meta itemprop=\"height\" content=\"185\"> <img decoding=\"async\" class=\"\" data-attachment-id=\"72494\" data-orig-file=\"https:\/\/eltrabajo.cl\/portal\/wp-content\/uploads\/2016\/08\/Cueca3.jpg\" data-orig-size=\"528,345\" data-comments-opened=\"1\" data-image-meta=\"{&quot;aperture&quot;:&quot;0&quot;,&quot;credit&quot;:&quot;&quot;,&quot;camera&quot;:&quot;&quot;,&quot;caption&quot;:&quot;&quot;,&quot;created_timestamp&quot;:&quot;0&quot;,&quot;copyright&quot;:&quot;&quot;,&quot;focal_length&quot;:&quot;0&quot;,&quot;iso&quot;:&quot;0&quot;,&quot;shutter_speed&quot;:&quot;0&quot;,&quot;title&quot;:&quot;&quot;,&quot;orientation&quot;:&quot;0&quot;}\" data-image-title=\"DESEQUILIBRANTE PAREJA.- Belleza, talento y juventud fueron derrochados por esta pareja de artistas sanfelipe\u00f1os.\" data-image-description=\"&lt;p&gt;DESEQUILIBRANTE PAREJA.- Belleza, talento y juventud fueron derrochados por esta pareja de artistas sanfelipe\u00f1os.&lt;\/p&gt; \" data-medium-file=\"https:\/\/i0.wp.com\/eltrabajo.cl\/portal\/wp-content\/uploads\/2016\/08\/Cueca3.jpg?fit=300%2C196&#038;ssl=1\" data-large-file=\"https:\/\/i0.wp.com\/eltrabajo.cl\/portal\/wp-content\/uploads\/2016\/08\/Cueca3.jpg?fit=528%2C345&#038;ssl=1\" src=\"https:\/\/i0.wp.com\/eltrabajo.cl\/portal\/wp-content\/uploads\/2016\/08\/Cueca3.jpg?w=282&#038;h=185&#038;ssl=1\" srcset=\"https:\/\/i0.wp.com\/eltrabajo.cl\/portal\/wp-content\/uploads\/2016\/08\/Cueca3.jpg?w=528&amp;ssl=1 528w, https:\/\/i0.wp.com\/eltrabajo.cl\/portal\/wp-content\/uploads\/2016\/08\/Cueca3.jpg?resize=200%2C131&amp;ssl=1 200w, https:\/\/i0.wp.com\/eltrabajo.cl\/portal\/wp-content\/uploads\/2016\/08\/Cueca3.jpg?resize=300%2C196&amp;ssl=1 300w, https:\/\/i0.wp.com\/eltrabajo.cl\/portal\/wp-content\/uploads\/2016\/08\/Cueca3.jpg?resize=230%2C150&amp;ssl=1 230w, https:\/\/i0.wp.com\/eltrabajo.cl\/portal\/wp-content\/uploads\/2016\/08\/Cueca3.jpg?resize=400%2C261&amp;ssl=1 400w\" width=\"282\" height=\"185\" loading=\"lazy\" data-original-width=\"282\" data-original-height=\"185\" itemprop=\"http:\/\/schema.org\/image\" title=\"DESEQUILIBRANTE PAREJA.- Belleza, talento y juventud fueron derrochados por esta pareja de artistas sanfelipe\u00f1os.\" alt=\"DESEQUILIBRANTE PAREJA.- Belleza, talento y juventud fueron derrochados por esta pareja de artistas sanfelipe\u00f1os.\" style=\"width: 282px; height: 185px;\" \/> <\/a> <div class=\"tiled-gallery-caption\" itemprop=\"caption description\"> DESEQUILIBRANTE PAREJA.- Belleza, talento y juventud fueron derrochados por esta pareja de artistas sanfelipe\u00f1os. <\/div> <\/div> <div class=\"tiled-gallery-item tiled-gallery-item-large\" itemprop=\"associatedMedia\" itemscope itemtype=\"http:\/\/schema.org\/ImageObject\"> <a href=\"https:\/\/eltrabajo.cl\/portal\/magistral-desfile-sacudio-nuestra-ciudad-ayer-frente-a-la-plaza-de-armas\/cueca1-18\/\" border=\"0\" itemprop=\"url\"> <meta itemprop=\"width\" content=\"282\"> <meta itemprop=\"height\" content=\"196\"> <img decoding=\"async\" class=\"\" data-attachment-id=\"72493\" data-orig-file=\"https:\/\/eltrabajo.cl\/portal\/wp-content\/uploads\/2016\/08\/Cueca1-2.jpg\" data-orig-size=\"529,367\" data-comments-opened=\"1\" data-image-meta=\"{&quot;aperture&quot;:&quot;0&quot;,&quot;credit&quot;:&quot;&quot;,&quot;camera&quot;:&quot;&quot;,&quot;caption&quot;:&quot;&quot;,&quot;created_timestamp&quot;:&quot;0&quot;,&quot;copyright&quot;:&quot;&quot;,&quot;focal_length&quot;:&quot;0&quot;,&quot;iso&quot;:&quot;0&quot;,&quot;shutter_speed&quot;:&quot;0&quot;,&quot;title&quot;:&quot;&quot;,&quot;orientation&quot;:&quot;0&quot;}\" data-image-title=\"CAUTIVANTES.- La cueca fue el baile oficial de la jornada, bellas bailarinas y apuestos j\u00f3venes engalanaron con su talento la gala de aniversario.\" data-image-description=\"&lt;p&gt;CAUTIVANTES.- La cueca fue el baile oficial de la jornada, bellas bailarinas y apuestos j\u00f3venes engalanaron con su talento la gala de aniversario.&lt;\/p&gt; \" data-medium-file=\"https:\/\/i0.wp.com\/eltrabajo.cl\/portal\/wp-content\/uploads\/2016\/08\/Cueca1-2.jpg?fit=300%2C208&#038;ssl=1\" data-large-file=\"https:\/\/i0.wp.com\/eltrabajo.cl\/portal\/wp-content\/uploads\/2016\/08\/Cueca1-2.jpg?fit=529%2C367&#038;ssl=1\" src=\"https:\/\/i0.wp.com\/eltrabajo.cl\/portal\/wp-content\/uploads\/2016\/08\/Cueca1-2.jpg?w=282&#038;h=196&#038;ssl=1\" srcset=\"https:\/\/i0.wp.com\/eltrabajo.cl\/portal\/wp-content\/uploads\/2016\/08\/Cueca1-2.jpg?w=529&amp;ssl=1 529w, https:\/\/i0.wp.com\/eltrabajo.cl\/portal\/wp-content\/uploads\/2016\/08\/Cueca1-2.jpg?resize=200%2C139&amp;ssl=1 200w, https:\/\/i0.wp.com\/eltrabajo.cl\/portal\/wp-content\/uploads\/2016\/08\/Cueca1-2.jpg?resize=300%2C208&amp;ssl=1 300w, https:\/\/i0.wp.com\/eltrabajo.cl\/portal\/wp-content\/uploads\/2016\/08\/Cueca1-2.jpg?resize=216%2C150&amp;ssl=1 216w, https:\/\/i0.wp.com\/eltrabajo.cl\/portal\/wp-content\/uploads\/2016\/08\/Cueca1-2.jpg?resize=400%2C278&amp;ssl=1 400w\" width=\"282\" height=\"196\" loading=\"lazy\" data-original-width=\"282\" data-original-height=\"196\" itemprop=\"http:\/\/schema.org\/image\" title=\"CAUTIVANTES.- La cueca fue el baile oficial de la jornada, bellas bailarinas y apuestos j\u00f3venes engalanaron con su talento la gala de aniversario.\" alt=\"CAUTIVANTES.- La cueca fue el baile oficial de la jornada, bellas bailarinas y apuestos j\u00f3venes engalanaron con su talento la gala de aniversario.\" style=\"width: 282px; height: 196px;\" \/> <\/a> <div class=\"tiled-gallery-caption\" itemprop=\"caption description\"> CAUTIVANTES.- La cueca fue el baile oficial de la jornada, bellas bailarinas y apuestos j\u00f3venes engalanaron con su talento la gala de aniversario. <\/div> <\/div> <\/div> <!-- close group --> <\/div> <!-- close row --> <div class=\"gallery-row\" style=\"width: 640px; height: 184px;\" data-original-width=\"640\" data-original-height=\"184\" > <div class=\"gallery-group images-1\" style=\"width: 640px; height: 184px;\" data-original-width=\"640\" data-original-height=\"184\" > <div class=\"tiled-gallery-item tiled-gallery-item-large\" itemprop=\"associatedMedia\" itemscope itemtype=\"http:\/\/schema.org\/ImageObject\"> <a href=\"https:\/\/eltrabajo.cl\/portal\/magistral-desfile-sacudio-nuestra-ciudad-ayer-frente-a-la-plaza-de-armas\/concejo33-2\/\" border=\"0\" itemprop=\"url\"> <meta itemprop=\"width\" content=\"636\"> <meta itemprop=\"height\" content=\"180\"> <img decoding=\"async\" class=\"\" data-attachment-id=\"72492\" data-orig-file=\"https:\/\/eltrabajo.cl\/portal\/wp-content\/uploads\/2016\/08\/Concejo33.jpg\" data-orig-size=\"527,149\" data-comments-opened=\"1\" data-image-meta=\"{&quot;aperture&quot;:&quot;0&quot;,&quot;credit&quot;:&quot;&quot;,&quot;camera&quot;:&quot;&quot;,&quot;caption&quot;:&quot;&quot;,&quot;created_timestamp&quot;:&quot;0&quot;,&quot;copyright&quot;:&quot;&quot;,&quot;focal_length&quot;:&quot;0&quot;,&quot;iso&quot;:&quot;0&quot;,&quot;shutter_speed&quot;:&quot;0&quot;,&quot;title&quot;:&quot;&quot;,&quot;orientation&quot;:&quot;0&quot;}\" data-image-title=\"CONCEJO MUNICIPAL.- Aqu\u00ed tenemos al Concejo Municipal de San Felipe, equipo de autoridades que tambi\u00e9n ayer desfilaron en celebraci\u00f3n a nuestro 276\u00ba aniversario.\" data-image-description=\"&lt;p&gt;CONCEJO MUNICIPAL.- Aqu\u00ed tenemos al Concejo Municipal de San Felipe, equipo de autoridades que tambi\u00e9n ayer desfilaron en celebraci\u00f3n a nuestro 276\u00ba aniversario.&lt;\/p&gt; \" data-medium-file=\"https:\/\/i0.wp.com\/eltrabajo.cl\/portal\/wp-content\/uploads\/2016\/08\/Concejo33.jpg?fit=300%2C85&#038;ssl=1\" data-large-file=\"https:\/\/i0.wp.com\/eltrabajo.cl\/portal\/wp-content\/uploads\/2016\/08\/Concejo33.jpg?fit=527%2C149&#038;ssl=1\" src=\"https:\/\/i0.wp.com\/eltrabajo.cl\/portal\/wp-content\/uploads\/2016\/08\/Concejo33.jpg?w=636&#038;h=180&#038;ssl=1\" srcset=\"https:\/\/i0.wp.com\/eltrabajo.cl\/portal\/wp-content\/uploads\/2016\/08\/Concejo33.jpg?w=527&amp;ssl=1 527w, https:\/\/i0.wp.com\/eltrabajo.cl\/portal\/wp-content\/uploads\/2016\/08\/Concejo33.jpg?resize=200%2C57&amp;ssl=1 200w, https:\/\/i0.wp.com\/eltrabajo.cl\/portal\/wp-content\/uploads\/2016\/08\/Concejo33.jpg?resize=300%2C85&amp;ssl=1 300w, https:\/\/i0.wp.com\/eltrabajo.cl\/portal\/wp-content\/uploads\/2016\/08\/Concejo33.jpg?resize=400%2C113&amp;ssl=1 400w\" width=\"636\" height=\"180\" loading=\"lazy\" data-original-width=\"636\" data-original-height=\"180\" itemprop=\"http:\/\/schema.org\/image\" title=\"CONCEJO MUNICIPAL.- Aqu\u00ed tenemos al Concejo Municipal de San Felipe, equipo de autoridades que tambi\u00e9n ayer desfilaron en celebraci\u00f3n a nuestro 276\u00ba aniversario.\" alt=\"CONCEJO MUNICIPAL.- Aqu\u00ed tenemos al Concejo Municipal de San Felipe, equipo de autoridades que tambi\u00e9n ayer desfilaron en celebraci\u00f3n a nuestro 276\u00ba aniversario.\" style=\"width: 636px; height: 180px;\" \/> <\/a> <div class=\"tiled-gallery-caption\" itemprop=\"caption description\"> CONCEJO MUNICIPAL.- Aqu\u00ed tenemos al Concejo Municipal de San Felipe, equipo de autoridades que tambi\u00e9n ayer desfilaron en celebraci\u00f3n a nuestro 276\u00ba aniversario. <\/div> <\/div> <\/div> <!-- close group --> <\/div> <!-- close row --> <div class=\"gallery-row\" style=\"width: 640px; height: 391px;\" data-original-width=\"640\" data-original-height=\"391\" > <div class=\"gallery-group images-2\" style=\"width: 280px; height: 391px;\" data-original-width=\"280\" data-original-height=\"391\" > <div class=\"tiled-gallery-item tiled-gallery-item-large\" itemprop=\"associatedMedia\" itemscope itemtype=\"http:\/\/schema.org\/ImageObject\"> <a href=\"https:\/\/eltrabajo.cl\/portal\/magistral-desfile-sacudio-nuestra-ciudad-ayer-frente-a-la-plaza-de-armas\/chapiron33\/\" border=\"0\" itemprop=\"url\"> <meta itemprop=\"width\" content=\"276\"> <meta itemprop=\"height\" content=\"182\"> <img decoding=\"async\" class=\"\" data-attachment-id=\"72491\" data-orig-file=\"https:\/\/eltrabajo.cl\/portal\/wp-content\/uploads\/2016\/08\/Chapiron33.jpg\" data-orig-size=\"529,348\" data-comments-opened=\"1\" data-image-meta=\"{&quot;aperture&quot;:&quot;0&quot;,&quot;credit&quot;:&quot;&quot;,&quot;camera&quot;:&quot;&quot;,&quot;caption&quot;:&quot;&quot;,&quot;created_timestamp&quot;:&quot;0&quot;,&quot;copyright&quot;:&quot;&quot;,&quot;focal_length&quot;:&quot;0&quot;,&quot;iso&quot;:&quot;0&quot;,&quot;shutter_speed&quot;:&quot;0&quot;,&quot;title&quot;:&quot;&quot;,&quot;orientation&quot;:&quot;0&quot;}\" data-image-title=\"EL GRAN CHAPIR\u00d3N.- Abelardo \u2018Chapir\u00f3n\u2019 Mu\u00f1oz, una de las leyendas vivientes del f\u00fatbol aconcag\u00fcino, desfil\u00f3 ayer en el segmento de exjugadores de nuestra provincia.\" data-image-description=\"&lt;p&gt;EL GRAN CHAPIR\u00d3N.- Abelardo \u2018Chapir\u00f3n\u2019 Mu\u00f1oz, una de las leyendas vivientes del f\u00fatbol aconcag\u00fcino, desfil\u00f3 ayer en el segmento de exjugadores de nuestra provincia.&lt;\/p&gt; \" data-medium-file=\"https:\/\/i0.wp.com\/eltrabajo.cl\/portal\/wp-content\/uploads\/2016\/08\/Chapiron33.jpg?fit=300%2C197&#038;ssl=1\" data-large-file=\"https:\/\/i0.wp.com\/eltrabajo.cl\/portal\/wp-content\/uploads\/2016\/08\/Chapiron33.jpg?fit=529%2C348&#038;ssl=1\" src=\"https:\/\/i0.wp.com\/eltrabajo.cl\/portal\/wp-content\/uploads\/2016\/08\/Chapiron33.jpg?w=276&#038;h=182&#038;ssl=1\" srcset=\"https:\/\/i0.wp.com\/eltrabajo.cl\/portal\/wp-content\/uploads\/2016\/08\/Chapiron33.jpg?w=529&amp;ssl=1 529w, https:\/\/i0.wp.com\/eltrabajo.cl\/portal\/wp-content\/uploads\/2016\/08\/Chapiron33.jpg?resize=200%2C132&amp;ssl=1 200w, https:\/\/i0.wp.com\/eltrabajo.cl\/portal\/wp-content\/uploads\/2016\/08\/Chapiron33.jpg?resize=300%2C197&amp;ssl=1 300w, https:\/\/i0.wp.com\/eltrabajo.cl\/portal\/wp-content\/uploads\/2016\/08\/Chapiron33.jpg?resize=228%2C150&amp;ssl=1 228w, https:\/\/i0.wp.com\/eltrabajo.cl\/portal\/wp-content\/uploads\/2016\/08\/Chapiron33.jpg?resize=400%2C263&amp;ssl=1 400w\" width=\"276\" height=\"182\" loading=\"lazy\" data-original-width=\"276\" data-original-height=\"182\" itemprop=\"http:\/\/schema.org\/image\" title=\"EL GRAN CHAPIR\u00d3N.- Abelardo \u2018Chapir\u00f3n\u2019 Mu\u00f1oz, una de las leyendas vivientes del f\u00fatbol aconcag\u00fcino, desfil\u00f3 ayer en el segmento de exjugadores de nuestra provincia.\" alt=\"EL GRAN CHAPIR\u00d3N.- Abelardo \u2018Chapir\u00f3n\u2019 Mu\u00f1oz, una de las leyendas vivientes del f\u00fatbol aconcag\u00fcino, desfil\u00f3 ayer en el segmento de exjugadores de nuestra provincia.\" style=\"width: 276px; height: 182px;\" \/> <\/a> <div class=\"tiled-gallery-caption\" itemprop=\"caption description\"> EL GRAN CHAPIR\u00d3N.- Abelardo \u2018Chapir\u00f3n\u2019 Mu\u00f1oz, una de las leyendas vivientes del f\u00fatbol aconcag\u00fcino, desfil\u00f3 ayer en el segmento de exjugadores de nuestra provincia. <\/div> <\/div> <div class=\"tiled-gallery-item tiled-gallery-item-large\" itemprop=\"associatedMedia\" itemscope itemtype=\"http:\/\/schema.org\/ImageObject\"> <a href=\"https:\/\/eltrabajo.cl\/portal\/magistral-desfile-sacudio-nuestra-ciudad-ayer-frente-a-la-plaza-de-armas\/cajita33\/\" border=\"0\" itemprop=\"url\"> <meta itemprop=\"width\" content=\"276\"> <meta itemprop=\"height\" content=\"201\"> <img decoding=\"async\" class=\"\" data-attachment-id=\"72490\" data-orig-file=\"https:\/\/eltrabajo.cl\/portal\/wp-content\/uploads\/2016\/08\/Cajita33.jpg\" data-orig-size=\"528,384\" data-comments-opened=\"1\" data-image-meta=\"{&quot;aperture&quot;:&quot;0&quot;,&quot;credit&quot;:&quot;&quot;,&quot;camera&quot;:&quot;&quot;,&quot;caption&quot;:&quot;&quot;,&quot;created_timestamp&quot;:&quot;0&quot;,&quot;copyright&quot;:&quot;&quot;,&quot;focal_length&quot;:&quot;0&quot;,&quot;iso&quot;:&quot;0&quot;,&quot;shutter_speed&quot;:&quot;0&quot;,&quot;title&quot;:&quot;&quot;,&quot;orientation&quot;:&quot;0&quot;}\" data-image-title=\"INSEPARABLES.- Estos peque\u00f1itos de la escuela de lenguaje \u2018Cajita de M\u00fasica\u2019, no se soltaron de sus manos nunca, est\u00e1n bien entrenados para poder salir a lugares concurridos.\" data-image-description=\"&lt;p&gt;INSEPARABLES.- Estos peque\u00f1itos de la escuela de lenguaje \u2018Cajita de M\u00fasica\u2019, no se soltaron de sus manos nunca, est\u00e1n bien entrenados para poder salir a lugares concurridos.&lt;\/p&gt; \" data-medium-file=\"https:\/\/i0.wp.com\/eltrabajo.cl\/portal\/wp-content\/uploads\/2016\/08\/Cajita33.jpg?fit=300%2C218&#038;ssl=1\" data-large-file=\"https:\/\/i0.wp.com\/eltrabajo.cl\/portal\/wp-content\/uploads\/2016\/08\/Cajita33.jpg?fit=528%2C384&#038;ssl=1\" src=\"https:\/\/i0.wp.com\/eltrabajo.cl\/portal\/wp-content\/uploads\/2016\/08\/Cajita33.jpg?w=276&#038;h=201&#038;ssl=1\" srcset=\"https:\/\/i0.wp.com\/eltrabajo.cl\/portal\/wp-content\/uploads\/2016\/08\/Cajita33.jpg?w=528&amp;ssl=1 528w, https:\/\/i0.wp.com\/eltrabajo.cl\/portal\/wp-content\/uploads\/2016\/08\/Cajita33.jpg?resize=200%2C145&amp;ssl=1 200w, https:\/\/i0.wp.com\/eltrabajo.cl\/portal\/wp-content\/uploads\/2016\/08\/Cajita33.jpg?resize=300%2C218&amp;ssl=1 300w, https:\/\/i0.wp.com\/eltrabajo.cl\/portal\/wp-content\/uploads\/2016\/08\/Cajita33.jpg?resize=206%2C150&amp;ssl=1 206w, https:\/\/i0.wp.com\/eltrabajo.cl\/portal\/wp-content\/uploads\/2016\/08\/Cajita33.jpg?resize=400%2C291&amp;ssl=1 400w\" width=\"276\" height=\"201\" loading=\"lazy\" data-original-width=\"276\" data-original-height=\"201\" itemprop=\"http:\/\/schema.org\/image\" title=\"INSEPARABLES.- Estos peque\u00f1itos de la escuela de lenguaje \u2018Cajita de M\u00fasica\u2019, no se soltaron de sus manos nunca, est\u00e1n bien entrenados para poder salir a lugares concurridos.\" alt=\"INSEPARABLES.- Estos peque\u00f1itos de la escuela de lenguaje \u2018Cajita de M\u00fasica\u2019, no se soltaron de sus manos nunca, est\u00e1n bien entrenados para poder salir a lugares concurridos.\" style=\"width: 276px; height: 201px;\" \/> <\/a> <div class=\"tiled-gallery-caption\" itemprop=\"caption description\"> INSEPARABLES.- Estos peque\u00f1itos de la escuela de lenguaje \u2018Cajita de M\u00fasica\u2019, no se soltaron de sus manos nunca, est\u00e1n bien entrenados para poder salir a lugares concurridos. <\/div> <\/div> <\/div> <!-- close group --> <div class=\"gallery-group images-1\" style=\"width: 360px; height: 391px;\" data-original-width=\"360\" data-original-height=\"391\" > <div class=\"tiled-gallery-item tiled-gallery-item-large\" itemprop=\"associatedMedia\" itemscope itemtype=\"http:\/\/schema.org\/ImageObject\"> <a href=\"https:\/\/eltrabajo.cl\/portal\/magistral-desfile-sacudio-nuestra-ciudad-ayer-frente-a-la-plaza-de-armas\/bombero8\/\" border=\"0\" itemprop=\"url\"> <meta itemprop=\"width\" content=\"356\"> <meta itemprop=\"height\" content=\"387\"> <img decoding=\"async\" class=\"\" data-attachment-id=\"72489\" data-orig-file=\"https:\/\/eltrabajo.cl\/portal\/wp-content\/uploads\/2016\/08\/Bombero8.jpg\" data-orig-size=\"530,576\" data-comments-opened=\"1\" data-image-meta=\"{&quot;aperture&quot;:&quot;0&quot;,&quot;credit&quot;:&quot;&quot;,&quot;camera&quot;:&quot;&quot;,&quot;caption&quot;:&quot;&quot;,&quot;created_timestamp&quot;:&quot;0&quot;,&quot;copyright&quot;:&quot;&quot;,&quot;focal_length&quot;:&quot;0&quot;,&quot;iso&quot;:&quot;0&quot;,&quot;shutter_speed&quot;:&quot;0&quot;,&quot;title&quot;:&quot;&quot;,&quot;orientation&quot;:&quot;0&quot;}\" data-image-title=\"CUANDO M\u00c1S LO NECESITABA.- A este valiente bombero se le ahog\u00f3 la pistola que deb\u00eda disparar una potente detonaci\u00f3n de agua, al final s\u00f3lo este chorrito le sali\u00f3.\" data-image-description=\"&lt;p&gt;CUANDO M\u00c1S LO NECESITABA.- A este valiente bombero se le ahog\u00f3 la pistola que deb\u00eda disparar una potente detonaci\u00f3n de agua, al final s\u00f3lo este chorrito le sali\u00f3.&lt;\/p&gt; \" data-medium-file=\"https:\/\/i0.wp.com\/eltrabajo.cl\/portal\/wp-content\/uploads\/2016\/08\/Bombero8.jpg?fit=276%2C300&#038;ssl=1\" data-large-file=\"https:\/\/i0.wp.com\/eltrabajo.cl\/portal\/wp-content\/uploads\/2016\/08\/Bombero8.jpg?fit=530%2C576&#038;ssl=1\" src=\"https:\/\/i0.wp.com\/eltrabajo.cl\/portal\/wp-content\/uploads\/2016\/08\/Bombero8.jpg?w=356&#038;h=387&#038;ssl=1\" srcset=\"https:\/\/i0.wp.com\/eltrabajo.cl\/portal\/wp-content\/uploads\/2016\/08\/Bombero8.jpg?w=530&amp;ssl=1 530w, https:\/\/i0.wp.com\/eltrabajo.cl\/portal\/wp-content\/uploads\/2016\/08\/Bombero8.jpg?resize=138%2C150&amp;ssl=1 138w, https:\/\/i0.wp.com\/eltrabajo.cl\/portal\/wp-content\/uploads\/2016\/08\/Bombero8.jpg?resize=276%2C300&amp;ssl=1 276w, https:\/\/i0.wp.com\/eltrabajo.cl\/portal\/wp-content\/uploads\/2016\/08\/Bombero8.jpg?resize=400%2C435&amp;ssl=1 400w\" width=\"356\" height=\"387\" loading=\"lazy\" data-original-width=\"356\" data-original-height=\"387\" itemprop=\"http:\/\/schema.org\/image\" title=\"CUANDO M\u00c1S LO NECESITABA.- A este valiente bombero se le ahog\u00f3 la pistola que deb\u00eda disparar una potente detonaci\u00f3n de agua, al final s\u00f3lo este chorrito le sali\u00f3.\" alt=\"CUANDO M\u00c1S LO NECESITABA.- A este valiente bombero se le ahog\u00f3 la pistola que deb\u00eda disparar una potente detonaci\u00f3n de agua, al final s\u00f3lo este chorrito le sali\u00f3.\" style=\"width: 356px; height: 387px;\" \/> <\/a> <div class=\"tiled-gallery-caption\" itemprop=\"caption description\"> CUANDO M\u00c1S LO NECESITABA.- A este valiente bombero se le ahog\u00f3 la pistola que deb\u00eda disparar una potente detonaci\u00f3n de agua, al final s\u00f3lo este chorrito le sali\u00f3. <\/div> <\/div> <\/div> <!-- close group --> <\/div> <!-- close row --> <div class=\"gallery-row\" style=\"width: 640px; height: 209px;\" data-original-width=\"640\" data-original-height=\"209\" > <div class=\"gallery-group images-1\" style=\"width: 328px; height: 209px;\" data-original-width=\"328\" data-original-height=\"209\" > <div class=\"tiled-gallery-item tiled-gallery-item-large\" itemprop=\"associatedMedia\" itemscope itemtype=\"http:\/\/schema.org\/ImageObject\"> <a href=\"https:\/\/eltrabajo.cl\/portal\/magistral-desfile-sacudio-nuestra-ciudad-ayer-frente-a-la-plaza-de-armas\/avanzarconalegria33\/\" border=\"0\" itemprop=\"url\"> <meta itemprop=\"width\" content=\"324\"> <meta itemprop=\"height\" content=\"205\"> <img decoding=\"async\" class=\"\" data-attachment-id=\"72488\" data-orig-file=\"https:\/\/eltrabajo.cl\/portal\/wp-content\/uploads\/2016\/08\/AvanzarConAlegria33.jpg\" data-orig-size=\"528,334\" data-comments-opened=\"1\" data-image-meta=\"{&quot;aperture&quot;:&quot;0&quot;,&quot;credit&quot;:&quot;&quot;,&quot;camera&quot;:&quot;&quot;,&quot;caption&quot;:&quot;&quot;,&quot;created_timestamp&quot;:&quot;0&quot;,&quot;copyright&quot;:&quot;&quot;,&quot;focal_length&quot;:&quot;0&quot;,&quot;iso&quot;:&quot;0&quot;,&quot;shutter_speed&quot;:&quot;0&quot;,&quot;title&quot;:&quot;&quot;,&quot;orientation&quot;:&quot;0&quot;}\" data-image-title=\"SIGUEN AVANZANDO.- El grupo Avanzar con Alegr\u00eda, en donde participan personas con alguna discapacidad, fue uno de los m\u00e1s aplaudidos durante el desfile.\" data-image-description=\"&lt;p&gt;SIGUEN AVANZANDO.- El grupo Avanzar con Alegr\u00eda, en donde participan personas con alguna discapacidad, fue uno de los m\u00e1s aplaudidos durante el desfile.&lt;\/p&gt; \" data-medium-file=\"https:\/\/i0.wp.com\/eltrabajo.cl\/portal\/wp-content\/uploads\/2016\/08\/AvanzarConAlegria33.jpg?fit=300%2C190&#038;ssl=1\" data-large-file=\"https:\/\/i0.wp.com\/eltrabajo.cl\/portal\/wp-content\/uploads\/2016\/08\/AvanzarConAlegria33.jpg?fit=528%2C334&#038;ssl=1\" src=\"https:\/\/i0.wp.com\/eltrabajo.cl\/portal\/wp-content\/uploads\/2016\/08\/AvanzarConAlegria33.jpg?w=324&#038;h=205&#038;ssl=1\" srcset=\"https:\/\/i0.wp.com\/eltrabajo.cl\/portal\/wp-content\/uploads\/2016\/08\/AvanzarConAlegria33.jpg?w=528&amp;ssl=1 528w, https:\/\/i0.wp.com\/eltrabajo.cl\/portal\/wp-content\/uploads\/2016\/08\/AvanzarConAlegria33.jpg?resize=200%2C127&amp;ssl=1 200w, https:\/\/i0.wp.com\/eltrabajo.cl\/portal\/wp-content\/uploads\/2016\/08\/AvanzarConAlegria33.jpg?resize=300%2C190&amp;ssl=1 300w, https:\/\/i0.wp.com\/eltrabajo.cl\/portal\/wp-content\/uploads\/2016\/08\/AvanzarConAlegria33.jpg?resize=237%2C150&amp;ssl=1 237w, https:\/\/i0.wp.com\/eltrabajo.cl\/portal\/wp-content\/uploads\/2016\/08\/AvanzarConAlegria33.jpg?resize=400%2C253&amp;ssl=1 400w\" width=\"324\" height=\"205\" loading=\"lazy\" data-original-width=\"324\" data-original-height=\"205\" itemprop=\"http:\/\/schema.org\/image\" title=\"SIGUEN AVANZANDO.- El grupo Avanzar con Alegr\u00eda, en donde participan personas con alguna discapacidad, fue uno de los m\u00e1s aplaudidos durante el desfile.\" alt=\"SIGUEN AVANZANDO.- El grupo Avanzar con Alegr\u00eda, en donde participan personas con alguna discapacidad, fue uno de los m\u00e1s aplaudidos durante el desfile.\" style=\"width: 324px; height: 205px;\" \/> <\/a> <div class=\"tiled-gallery-caption\" itemprop=\"caption description\"> SIGUEN AVANZANDO.- El grupo Avanzar con Alegr\u00eda, en donde participan personas con alguna discapacidad, fue uno de los m\u00e1s aplaudidos durante el desfile. <\/div> <\/div> <\/div> <!-- close group --> <div class=\"gallery-group images-1\" style=\"width: 312px; height: 209px;\" data-original-width=\"312\" data-original-height=\"209\" > <div class=\"tiled-gallery-item tiled-gallery-item-large\" itemprop=\"associatedMedia\" itemscope itemtype=\"http:\/\/schema.org\/ImageObject\"> <a href=\"https:\/\/eltrabajo.cl\/portal\/magistral-desfile-sacudio-nuestra-ciudad-ayer-frente-a-la-plaza-de-armas\/arpa33\/\" border=\"0\" itemprop=\"url\"> <meta itemprop=\"width\" content=\"308\"> <meta itemprop=\"height\" content=\"205\"> <img decoding=\"async\" class=\"\" data-attachment-id=\"72487\" data-orig-file=\"https:\/\/eltrabajo.cl\/portal\/wp-content\/uploads\/2016\/08\/Arpa33.jpg\" data-orig-size=\"528,352\" data-comments-opened=\"1\" data-image-meta=\"{&quot;aperture&quot;:&quot;0&quot;,&quot;credit&quot;:&quot;&quot;,&quot;camera&quot;:&quot;&quot;,&quot;caption&quot;:&quot;&quot;,&quot;created_timestamp&quot;:&quot;0&quot;,&quot;copyright&quot;:&quot;&quot;,&quot;focal_length&quot;:&quot;0&quot;,&quot;iso&quot;:&quot;0&quot;,&quot;shutter_speed&quot;:&quot;0&quot;,&quot;title&quot;:&quot;&quot;,&quot;orientation&quot;:&quot;0&quot;}\" data-image-title=\"LA GRAN SORPRESA.- Ellos son Mirta Iturra y Alma chilena, artistas que sorprendieron a todos con su exquisita presentaci\u00f3n.\" data-image-description=\"&lt;p&gt;LA GRAN SORPRESA.- Ellos son Mirta Iturra y Alma chilena, artistas que sorprendieron a todos con su exquisita presentaci\u00f3n.&lt;\/p&gt; \" data-medium-file=\"https:\/\/i0.wp.com\/eltrabajo.cl\/portal\/wp-content\/uploads\/2016\/08\/Arpa33.jpg?fit=300%2C200&#038;ssl=1\" data-large-file=\"https:\/\/i0.wp.com\/eltrabajo.cl\/portal\/wp-content\/uploads\/2016\/08\/Arpa33.jpg?fit=528%2C352&#038;ssl=1\" src=\"https:\/\/i0.wp.com\/eltrabajo.cl\/portal\/wp-content\/uploads\/2016\/08\/Arpa33.jpg?w=308&#038;h=205&#038;ssl=1\" srcset=\"https:\/\/i0.wp.com\/eltrabajo.cl\/portal\/wp-content\/uploads\/2016\/08\/Arpa33.jpg?w=528&amp;ssl=1 528w, https:\/\/i0.wp.com\/eltrabajo.cl\/portal\/wp-content\/uploads\/2016\/08\/Arpa33.jpg?resize=200%2C133&amp;ssl=1 200w, https:\/\/i0.wp.com\/eltrabajo.cl\/portal\/wp-content\/uploads\/2016\/08\/Arpa33.jpg?resize=300%2C200&amp;ssl=1 300w, https:\/\/i0.wp.com\/eltrabajo.cl\/portal\/wp-content\/uploads\/2016\/08\/Arpa33.jpg?resize=225%2C150&amp;ssl=1 225w, https:\/\/i0.wp.com\/eltrabajo.cl\/portal\/wp-content\/uploads\/2016\/08\/Arpa33.jpg?resize=400%2C267&amp;ssl=1 400w\" width=\"308\" height=\"205\" loading=\"lazy\" data-original-width=\"308\" data-original-height=\"205\" itemprop=\"http:\/\/schema.org\/image\" title=\"LA GRAN SORPRESA.- Ellos son Mirta Iturra y Alma chilena, artistas que sorprendieron a todos con su exquisita presentaci\u00f3n.\" alt=\"LA GRAN SORPRESA.- Ellos son Mirta Iturra y Alma chilena, artistas que sorprendieron a todos con su exquisita presentaci\u00f3n.\" style=\"width: 308px; height: 205px;\" \/> <\/a> <div class=\"tiled-gallery-caption\" itemprop=\"caption description\"> LA GRAN SORPRESA.- Ellos son Mirta Iturra y Alma chilena, artistas que sorprendieron a todos con su exquisita presentaci\u00f3n. <\/div> <\/div> <\/div> <!-- close group --> <\/div> <!-- close row --> <div class=\"gallery-row\" style=\"width: 640px; height: 416px;\" data-original-width=\"640\" data-original-height=\"416\" > <div class=\"gallery-group images-1\" style=\"width: 640px; height: 416px;\" data-original-width=\"640\" data-original-height=\"416\" > <div class=\"tiled-gallery-item tiled-gallery-item-large\" itemprop=\"associatedMedia\" itemscope itemtype=\"http:\/\/schema.org\/ImageObject\"> <a href=\"https:\/\/eltrabajo.cl\/portal\/magistral-desfile-sacudio-nuestra-ciudad-ayer-frente-a-la-plaza-de-armas\/amarillo33\/\" border=\"0\" itemprop=\"url\"> <meta itemprop=\"width\" content=\"636\"> <meta itemprop=\"height\" content=\"412\"> <img decoding=\"async\" class=\"\" data-attachment-id=\"72486\" data-orig-file=\"https:\/\/eltrabajo.cl\/portal\/wp-content\/uploads\/2016\/08\/Amarillo33.jpg\" data-orig-size=\"530,343\" data-comments-opened=\"1\" data-image-meta=\"{&quot;aperture&quot;:&quot;0&quot;,&quot;credit&quot;:&quot;&quot;,&quot;camera&quot;:&quot;&quot;,&quot;caption&quot;:&quot;&quot;,&quot;created_timestamp&quot;:&quot;0&quot;,&quot;copyright&quot;:&quot;&quot;,&quot;focal_length&quot;:&quot;0&quot;,&quot;iso&quot;:&quot;0&quot;,&quot;shutter_speed&quot;:&quot;0&quot;,&quot;title&quot;:&quot;&quot;,&quot;orientation&quot;:&quot;0&quot;}\" data-image-title=\"DAMAS DE AMARILLO.- Ellas son parte de Damas de Amarillo, agrupaci\u00f3n de bien social que este a\u00f1o desfil\u00f3 frente a las autoridades y p\u00fablico presente.\" data-image-description=\"&lt;p&gt;DAMAS DE AMARILLO.- Ellas son parte de Damas de Amarillo, agrupaci\u00f3n de bien social que este a\u00f1o desfil\u00f3 frente a las autoridades y p\u00fablico presente.&lt;\/p&gt; \" data-medium-file=\"https:\/\/i0.wp.com\/eltrabajo.cl\/portal\/wp-content\/uploads\/2016\/08\/Amarillo33.jpg?fit=300%2C194&#038;ssl=1\" data-large-file=\"https:\/\/i0.wp.com\/eltrabajo.cl\/portal\/wp-content\/uploads\/2016\/08\/Amarillo33.jpg?fit=530%2C343&#038;ssl=1\" src=\"https:\/\/i0.wp.com\/eltrabajo.cl\/portal\/wp-content\/uploads\/2016\/08\/Amarillo33.jpg?w=636&#038;h=412&#038;ssl=1\" srcset=\"https:\/\/i0.wp.com\/eltrabajo.cl\/portal\/wp-content\/uploads\/2016\/08\/Amarillo33.jpg?w=530&amp;ssl=1 530w, https:\/\/i0.wp.com\/eltrabajo.cl\/portal\/wp-content\/uploads\/2016\/08\/Amarillo33.jpg?resize=200%2C129&amp;ssl=1 200w, https:\/\/i0.wp.com\/eltrabajo.cl\/portal\/wp-content\/uploads\/2016\/08\/Amarillo33.jpg?resize=300%2C194&amp;ssl=1 300w, https:\/\/i0.wp.com\/eltrabajo.cl\/portal\/wp-content\/uploads\/2016\/08\/Amarillo33.jpg?resize=232%2C150&amp;ssl=1 232w, https:\/\/i0.wp.com\/eltrabajo.cl\/portal\/wp-content\/uploads\/2016\/08\/Amarillo33.jpg?resize=400%2C259&amp;ssl=1 400w\" width=\"636\" height=\"412\" loading=\"lazy\" data-original-width=\"636\" data-original-height=\"412\" itemprop=\"http:\/\/schema.org\/image\" title=\"DAMAS DE AMARILLO.- Ellas son parte de Damas de Amarillo, agrupaci\u00f3n de bien social que este a\u00f1o desfil\u00f3 frente a las autoridades y p\u00fablico presente.\" alt=\"DAMAS DE AMARILLO.- Ellas son parte de Damas de Amarillo, agrupaci\u00f3n de bien social que este a\u00f1o desfil\u00f3 frente a las autoridades y p\u00fablico presente.\" style=\"width: 636px; height: 412px;\" \/> <\/a> <div class=\"tiled-gallery-caption\" itemprop=\"caption description\"> DAMAS DE AMARILLO.- Ellas son parte de Damas de Amarillo, agrupaci\u00f3n de bien social que este a\u00f1o desfil\u00f3 frente a las autoridades y p\u00fablico presente. <\/div> <\/div> <\/div> <!-- close group --> <\/div> <!-- close row --> <\/div>\n<p>&nbsp;<\/p>\n<p>&nbsp;<\/p>\n","protected":false},"excerpt":{"rendered":"<p>M\u00e1s de 12.000 personas en gala de nuestro 276\u00ba aniversario:\u00a0Jardines infantiles; establecimientos educacionales municipales, particulares y subvencionados; uniones comunales; entidades sociales y organizaciones vivas de la comuna, marcharon ayer por las principales&#8230;<\/p>\n","protected":false},"author":1,"featured_media":72546,"comment_status":"open","ping_status":"open","sticky":false,"template":"","format":"standard","meta":{"advanced_seo_description":"","jetpack_seo_html_title":"","jetpack_seo_noindex":false,"_jetpack_memberships_contains_paid_content":false,"footnotes":""},"categories":[15],"tags":[],"class_list":["post-72485","post","type-post","status-publish","format-standard","has-post-thumbnail","hentry","category-comunidad"],"jetpack_featured_media_url":"https:\/\/i0.wp.com\/eltrabajo.cl\/portal\/wp-content\/uploads\/2016\/08\/porta-desfile-1.jpg?fit=530%2C349&ssl=1","jetpack_sharing_enabled":true,"jetpack_likes_enabled":true,"jetpack-related-posts":[],"_links":{"self":[{"href":"https:\/\/eltrabajo.cl\/portal\/wp-json\/wp\/v2\/posts\/72485","targetHints":{"allow":["GET"]}}],"collection":[{"href":"https:\/\/eltrabajo.cl\/portal\/wp-json\/wp\/v2\/posts"}],"about":[{"href":"https:\/\/eltrabajo.cl\/portal\/wp-json\/wp\/v2\/types\/post"}],"author":[{"embeddable":true,"href":"https:\/\/eltrabajo.cl\/portal\/wp-json\/wp\/v2\/users\/1"}],"replies":[{"embeddable":true,"href":"https:\/\/eltrabajo.cl\/portal\/wp-json\/wp\/v2\/comments?post=72485"}],"version-history":[{"count":0,"href":"https:\/\/eltrabajo.cl\/portal\/wp-json\/wp\/v2\/posts\/72485\/revisions"}],"wp:featuredmedia":[{"embeddable":true,"href":"https:\/\/eltrabajo.cl\/portal\/wp-json\/wp\/v2\/media\/72546"}],"wp:attachment":[{"href":"https:\/\/eltrabajo.cl\/portal\/wp-json\/wp\/v2\/media?parent=72485"}],"wp:term":[{"taxonomy":"category","embeddable":true,"href":"https:\/\/eltrabajo.cl\/portal\/wp-json\/wp\/v2\/categories?post=72485"},{"taxonomy":"post_tag","embeddable":true,"href":"https:\/\/eltrabajo.cl\/portal\/wp-json\/wp\/v2\/tags?post=72485"}],"curies":[{"name":"wp","href":"https:\/\/api.w.org\/{rel}","templated":true}]}}