{"id":72549,"date":"2016-08-05T08:55:06","date_gmt":"2016-08-05T12:55:06","guid":{"rendered":"http:\/\/www.eltrabajo.cl\/portal\/?p=72549"},"modified":"2016-08-05T08:55:06","modified_gmt":"2016-08-05T12:55:06","slug":"gore-aprobo-millonario-proyecto-de-renovacion-de-colectivos-para-el-valle","status":"publish","type":"post","link":"https:\/\/eltrabajo.cl\/portal\/gore-aprobo-millonario-proyecto-de-renovacion-de-colectivos-para-el-valle\/","title":{"rendered":"Gore aprob\u00f3 millonario proyecto de renovaci\u00f3n de colectivos para el valle"},"content":{"rendered":"<ul>\n<li><strong><span style=\"color: #ff0000;\">Subsidio podr\u00e1 beneficiar a cerca de 600 veh\u00edculos de las 10 comunas:<\/span>\u00a0Consejero Regional Rolando Stevenson, asegur\u00f3 que el aporte estatal va desde el mill\u00f3n y medio de pesos, hasta los 6 millones aproximadamente.<\/strong><\/li>\n<\/ul>\n<p>Son 317 Taxis colectivos de la Provincia de San Felipe y 281 de la Provincia de Los Andes, quienes podr\u00edan ser eventualmente beneficiados por el proyecto que ha aprobado el Gobierno Regional, para la renovaci\u00f3n de veh\u00edculos de la locomoci\u00f3n colectiva menor en toda la Regi\u00f3n de Valpara\u00edso.<\/p>\n<figure id=\"attachment_72550\" aria-describedby=\"caption-attachment-72550\" style=\"width: 300px\" class=\"wp-caption alignleft\"><a href=\"http:\/\/www.eltrabajo.cl\/portal\/gore-aprobo-millonario-proyecto-de-renovacion-de-colectivos-para-el-valle\/rolando-stevenson-26\/\" rel=\"attachment wp-att-72550\"><img data-recalc-dims=\"1\" loading=\"lazy\" decoding=\"async\" class=\"size-medium wp-image-72550\" src=\"https:\/\/i0.wp.com\/www.eltrabajo.cl\/portal\/wp-content\/uploads\/2016\/08\/rolando-stevenson-300x198.jpg?resize=300%2C198\" alt=\"Rolando Stevenson, consejero regional.\" width=\"300\" height=\"198\" srcset=\"https:\/\/i0.wp.com\/eltrabajo.cl\/portal\/wp-content\/uploads\/2016\/08\/rolando-stevenson.jpg?resize=300%2C198&amp;ssl=1 300w, https:\/\/i0.wp.com\/eltrabajo.cl\/portal\/wp-content\/uploads\/2016\/08\/rolando-stevenson.jpg?resize=200%2C132&amp;ssl=1 200w, https:\/\/i0.wp.com\/eltrabajo.cl\/portal\/wp-content\/uploads\/2016\/08\/rolando-stevenson.jpg?resize=228%2C150&amp;ssl=1 228w, https:\/\/i0.wp.com\/eltrabajo.cl\/portal\/wp-content\/uploads\/2016\/08\/rolando-stevenson.jpg?resize=400%2C263&amp;ssl=1 400w, https:\/\/i0.wp.com\/eltrabajo.cl\/portal\/wp-content\/uploads\/2016\/08\/rolando-stevenson.jpg?w=530&amp;ssl=1 530w\" sizes=\"auto, (max-width: 300px) 100vw, 300px\" \/><\/a><figcaption id=\"caption-attachment-72550\" class=\"wp-caption-text\">Rolando Stevenson, consejero regional.<\/figcaption><\/figure>\n<p>As\u00ed lo inform\u00f3 el consejero regional Rolando Stevenson, quien anunci\u00f3 que \u00aben general el Consejo Regional se demor\u00f3 en tomar un acuerdo en este aspecto, puesto que la ley no obliga a entregar estebeneficio, sino que puede ser distribuido en varias partidas\u00bb, afirm\u00f3, agregando que \u00aben el caso nuestro, hemos preferido que se aplique a los colectivos de tipo urbano y rural, los de color amarillo\u00bb, acot\u00f3.<br \/>\nDe acuerdo a lo informado por Stevenson, el aporte estatal, a trav\u00e9s del core puede ser de al menos 1 mill\u00f3n 500 mil pesos, dependiendo del tipo de veh\u00edculo que sea y del a\u00f1o de renovaci\u00f3n.<br \/>\n\u00abLos que quieran renovar veh\u00edculos el\u00e9ctricos van a poder recibir 6 millones de pesos, un subsidio que no se devuelve. Esto lo hemos organizado en conjunto con las organizaciones de taxis-colectivos (\u2026) hemos tenido reuniones permanentes y hemos aclarado situaciones confusas que ten\u00edan los colectiveros y esperamos que en el menor plazo posible se haga el concurso ya en forma oficial\u00bb, detall\u00f3 Stevenson<br \/>\nSeg\u00fan plante\u00f3 el core, las postulaciones se realizan de forma individual y el subsidio beneficiar\u00e1 a todo tipo de propietarios y no s\u00f3lo a aqu\u00e9llos que tienen m\u00e1s de un veh\u00edculo. \u00abHemos trabajado para que puedan cambiar por una tecnolog\u00eda mejor y a\u00f1os m\u00e1s avanzados, para que puedan mejorar el servicio a los usuarios\u00bb.<br \/>\nLo anterior, tomando en consideraci\u00f3n que, cuando este mismo subsidio fue entregado a los microbuses, el resultado no fue equitativo, pues seg\u00fan narr\u00f3 Stevenson \u00abno queremos que suceda lo que ocurri\u00f3 en aquella oportunidad, en que algunos empresarios tocaron 3, 4 o hasta 5 subsidios, eso no puede ser, en esta oportunidad ser\u00e1 uno por cada empresario, as\u00ed que todos tienen la posibilidad de postular\u00bb, enfatiz\u00f3<br \/>\nRespecto de la documentaci\u00f3n que se debe presentar el consejero agreg\u00f3 que \u00abesto requiere una papeler\u00eda m\u00e1s o menos grande, porque queremos favorecer a la mayor cantidad de propietarios y a la vez, se quiere ser lo m\u00e1s expl\u00edcitos posible\u00bb, advirti\u00f3.<br \/>\nLas postulaciones deber\u00e1n realizarse directamente en Valpara\u00edso y las fechas de realizaci\u00f3n del tr\u00e1mite se informar\u00e1n pr\u00f3ximamente.<\/p>\n<p>&nbsp;<\/p>\n","protected":false},"excerpt":{"rendered":"<p>Subsidio podr\u00e1 beneficiar a cerca de 600 veh\u00edculos de las 10 comunas:\u00a0Consejero Regional Rolando Stevenson, asegur\u00f3 que el aporte estatal va desde el mill\u00f3n y medio de pesos, hasta los 6 millones&#8230;<\/p>\n","protected":false},"author":1,"featured_media":72550,"comment_status":"open","ping_status":"open","sticky":false,"template":"","format":"standard","meta":{"advanced_seo_description":"","jetpack_seo_html_title":"","jetpack_seo_noindex":false,"_jetpack_memberships_contains_paid_content":false,"footnotes":""},"categories":[1],"tags":[],"class_list":["post-72549","post","type-post","status-publish","format-standard","has-post-thumbnail","hentry","category-cronica"],"jetpack_featured_media_url":"https:\/\/i0.wp.com\/eltrabajo.cl\/portal\/wp-content\/uploads\/2016\/08\/rolando-stevenson.jpg?fit=530%2C349&ssl=1","jetpack_sharing_enabled":true,"jetpack_likes_enabled":true,"jetpack-related-posts":[],"_links":{"self":[{"href":"https:\/\/eltrabajo.cl\/portal\/wp-json\/wp\/v2\/posts\/72549","targetHints":{"allow":["GET"]}}],"collection":[{"href":"https:\/\/eltrabajo.cl\/portal\/wp-json\/wp\/v2\/posts"}],"about":[{"href":"https:\/\/eltrabajo.cl\/portal\/wp-json\/wp\/v2\/types\/post"}],"author":[{"embeddable":true,"href":"https:\/\/eltrabajo.cl\/portal\/wp-json\/wp\/v2\/users\/1"}],"replies":[{"embeddable":true,"href":"https:\/\/eltrabajo.cl\/portal\/wp-json\/wp\/v2\/comments?post=72549"}],"version-history":[{"count":0,"href":"https:\/\/eltrabajo.cl\/portal\/wp-json\/wp\/v2\/posts\/72549\/revisions"}],"wp:featuredmedia":[{"embeddable":true,"href":"https:\/\/eltrabajo.cl\/portal\/wp-json\/wp\/v2\/media\/72550"}],"wp:attachment":[{"href":"https:\/\/eltrabajo.cl\/portal\/wp-json\/wp\/v2\/media?parent=72549"}],"wp:term":[{"taxonomy":"category","embeddable":true,"href":"https:\/\/eltrabajo.cl\/portal\/wp-json\/wp\/v2\/categories?post=72549"},{"taxonomy":"post_tag","embeddable":true,"href":"https:\/\/eltrabajo.cl\/portal\/wp-json\/wp\/v2\/tags?post=72549"}],"curies":[{"name":"wp","href":"https:\/\/api.w.org\/{rel}","templated":true}]}}