{"id":72553,"date":"2016-08-05T08:57:01","date_gmt":"2016-08-05T12:57:01","guid":{"rendered":"http:\/\/www.eltrabajo.cl\/portal\/?p=72553"},"modified":"2016-08-05T08:57:01","modified_gmt":"2016-08-05T12:57:01","slug":"la-dupla-vip-realiza-este-sabado-el-primer-fashion-day-en-san-felipe","status":"publish","type":"post","link":"https:\/\/eltrabajo.cl\/portal\/la-dupla-vip-realiza-este-sabado-el-primer-fashion-day-en-san-felipe\/","title":{"rendered":"\u2018La Dupla VIP\u2019 realiza este s\u00e1bado el primer Fashion Day en San Felipe"},"content":{"rendered":"<ul>\n<li><strong>Katia Reyes y Favrizzio Violani vuelven al ataque:<\/strong><\/li>\n<\/ul>\n<p>Una actividad que en verdad \u2018se las trae\u2019 es la que este s\u00e1bado ser\u00e1 desarrollada desde las 11:00 y hasta las 18:00 horas en Merced, frente al Persa. Se trata de la primera edici\u00f3n Fashion Day, que estar\u00e1n organizando los chicos de \u2018La Dupla VIP\u2019, como son conocidos la empresaria Katia Reyes y el futuro ingeniero en Recursos Humanos, Favrizzio Violani.<\/p>\n<p><strong>ES LA PRIMERA<\/strong><br \/>\n\u00abEsta ser\u00e1 la primera jornada dirigida a toda la familia, a la mujer; a los ni\u00f1os; a los j\u00f3venes y a los caballeros, tendremos a Boutique Madero como empresa anfitriona; Amanda Panader\u00eda Integral; Do\u00f1a Matute; Joyer\u00eda Staforelli; Estefan\u00eda Aros Endara nutricionista; Studio Color Style entre otras firmas de nuestra zona, habr\u00e1 para todos los lectores de Diario El Trabajo charlas, manicure, masoterapia y muchos premios sorpresa\u00bb, dijo Katia Reyes a nuestro medio.<\/p>\n<p><strong>FASHION EMERGENCY<\/strong><br \/>\nPor su parte Favrizzio Violani, explic\u00f3 por su parte \u00aba veces me aburro con otras ferias que se organizan en las comunas, pienso que a la mujer aconcag\u00fcina le vendr\u00eda muy bien un poquito de glamour, por eso queremos regalonearlas este s\u00e1bado, regularmente a Katia y a m\u00ed nos solicitan Fashion Emergency, en eso somos expertos y sobre ello estaremos hablando este s\u00e1bado con quienes nos visiten, la entrada es gratuita y es para toda la familia\u00bb, dijo Violani.<br \/>\n<strong>Roberto Gonz\u00e1lez Short<\/strong><\/p>\n<figure id=\"attachment_72554\" aria-describedby=\"caption-attachment-72554\" style=\"width: 530px\" class=\"wp-caption alignleft\"><a href=\"http:\/\/www.eltrabajo.cl\/portal\/la-dupla-vip-realiza-este-sabado-el-primer-fashion-day-en-san-felipe\/dupla33\/\" rel=\"attachment wp-att-72554\"><img data-recalc-dims=\"1\" loading=\"lazy\" decoding=\"async\" class=\"size-full wp-image-72554\" src=\"https:\/\/i0.wp.com\/www.eltrabajo.cl\/portal\/wp-content\/uploads\/2016\/08\/Dupla33.jpg?resize=530%2C349\" alt=\"LA GRAN DUPLA VIP.- Ellos son \u2018La Dupla VIP\u2019, la empresaria Katia Reyes y el futuro ingeniero en Recursos Humanos, Favrizzio Violani.\" width=\"530\" height=\"349\" srcset=\"https:\/\/i0.wp.com\/eltrabajo.cl\/portal\/wp-content\/uploads\/2016\/08\/Dupla33.jpg?w=530&amp;ssl=1 530w, https:\/\/i0.wp.com\/eltrabajo.cl\/portal\/wp-content\/uploads\/2016\/08\/Dupla33.jpg?resize=200%2C132&amp;ssl=1 200w, https:\/\/i0.wp.com\/eltrabajo.cl\/portal\/wp-content\/uploads\/2016\/08\/Dupla33.jpg?resize=300%2C198&amp;ssl=1 300w, https:\/\/i0.wp.com\/eltrabajo.cl\/portal\/wp-content\/uploads\/2016\/08\/Dupla33.jpg?resize=228%2C150&amp;ssl=1 228w, https:\/\/i0.wp.com\/eltrabajo.cl\/portal\/wp-content\/uploads\/2016\/08\/Dupla33.jpg?resize=400%2C263&amp;ssl=1 400w\" sizes=\"auto, (max-width: 530px) 100vw, 530px\" \/><\/a><figcaption id=\"caption-attachment-72554\" class=\"wp-caption-text\">LA GRAN DUPLA VIP.- Ellos son \u2018La Dupla VIP\u2019, la empresaria Katia Reyes y el futuro ingeniero en Recursos Humanos, Favrizzio Violani.<\/figcaption><\/figure>\n","protected":false},"excerpt":{"rendered":"<p>Katia Reyes y Favrizzio Violani vuelven al ataque: Una actividad que en verdad \u2018se las trae\u2019 es la que este s\u00e1bado ser\u00e1 desarrollada desde las 11:00 y hasta las 18:00 horas en&#8230;<\/p>\n","protected":false},"author":1,"featured_media":72554,"comment_status":"open","ping_status":"open","sticky":false,"template":"","format":"standard","meta":{"advanced_seo_description":"","jetpack_seo_html_title":"","jetpack_seo_noindex":false,"_jetpack_memberships_contains_paid_content":false,"footnotes":""},"categories":[15],"tags":[],"class_list":["post-72553","post","type-post","status-publish","format-standard","has-post-thumbnail","hentry","category-comunidad"],"jetpack_featured_media_url":"https:\/\/i0.wp.com\/eltrabajo.cl\/portal\/wp-content\/uploads\/2016\/08\/Dupla33.jpg?fit=530%2C349&ssl=1","jetpack_sharing_enabled":true,"jetpack_likes_enabled":true,"jetpack-related-posts":[],"_links":{"self":[{"href":"https:\/\/eltrabajo.cl\/portal\/wp-json\/wp\/v2\/posts\/72553","targetHints":{"allow":["GET"]}}],"collection":[{"href":"https:\/\/eltrabajo.cl\/portal\/wp-json\/wp\/v2\/posts"}],"about":[{"href":"https:\/\/eltrabajo.cl\/portal\/wp-json\/wp\/v2\/types\/post"}],"author":[{"embeddable":true,"href":"https:\/\/eltrabajo.cl\/portal\/wp-json\/wp\/v2\/users\/1"}],"replies":[{"embeddable":true,"href":"https:\/\/eltrabajo.cl\/portal\/wp-json\/wp\/v2\/comments?post=72553"}],"version-history":[{"count":0,"href":"https:\/\/eltrabajo.cl\/portal\/wp-json\/wp\/v2\/posts\/72553\/revisions"}],"wp:featuredmedia":[{"embeddable":true,"href":"https:\/\/eltrabajo.cl\/portal\/wp-json\/wp\/v2\/media\/72554"}],"wp:attachment":[{"href":"https:\/\/eltrabajo.cl\/portal\/wp-json\/wp\/v2\/media?parent=72553"}],"wp:term":[{"taxonomy":"category","embeddable":true,"href":"https:\/\/eltrabajo.cl\/portal\/wp-json\/wp\/v2\/categories?post=72553"},{"taxonomy":"post_tag","embeddable":true,"href":"https:\/\/eltrabajo.cl\/portal\/wp-json\/wp\/v2\/tags?post=72553"}],"curies":[{"name":"wp","href":"https:\/\/api.w.org\/{rel}","templated":true}]}}