{"id":72557,"date":"2016-08-05T08:59:17","date_gmt":"2016-08-05T12:59:17","guid":{"rendered":"http:\/\/www.eltrabajo.cl\/portal\/?p=72557"},"modified":"2016-08-05T08:59:17","modified_gmt":"2016-08-05T12:59:17","slug":"programa-radial-deportes-en-aconcagua-cumple-60-anos","status":"publish","type":"post","link":"https:\/\/eltrabajo.cl\/portal\/programa-radial-deportes-en-aconcagua-cumple-60-anos\/","title":{"rendered":"Programa radial Deportes en Aconcagua cumple 60 a\u00f1os"},"content":{"rendered":"<p>Quiz\u00e1s esa ma\u00f1ana de un ya lejano 4 de agosto de 1956, en las mentes de, por ese entonces, j\u00f3venes, so\u00f1adores e impetuosos Miguel Ricardo Juri (propietario de Diario El Trabajo) y Jorge Figueroa Miranda, no pasaba la idea de que seis d\u00e9cadas despu\u00e9s, su proyecto comunicacional se convertir\u00eda en el programa radial deportivo m\u00e1s antiguo de Chile.<br \/>\nHablar de Deportes en Aconcagua, es entrar a las entra\u00f1as mismas del deporte no solo de San Felipe, si no que de todo el Valle de Aconcagua, porque no es exagerado decir que son cientos, tal vez miles los auditores que cada d\u00eda en cada una de sus dos emisiones escuchan atentos al equipo comandado por el incombustible Manuel Vald\u00e9s. \u201cJuri y Miranda fueron visionarios al percatarse que los deportistas de la ciudad necesitaban un medio de expresi\u00f3n y comunicaci\u00f3n, as\u00ed en su momento se decidieron, hablaron con la gerencia de la radio y naci\u00f3 Triunfo Deportivo\u201d rememora con emoci\u00f3n Vald\u00e9s.<br \/>\nDeportes en Aconcagua, ha estado en todos los hitos del deporte aconcag\u00fcino, entre los cuales sobresale Uni\u00f3n San Felipe. \u201cEstuvimos en la Copa Sudamericana, en la Libertadores, en todos sus t\u00edtulos, en fin, en las buenas, las malas y las peores, cuando por estos micr\u00f3fonos se hac\u00edan las Radiotones\u201d recuerda.<br \/>\nEn sus largos 60 a\u00f1os han sido mucho los que han pasado por las filas de Deportes en Aconcagua, una verdadera universidad de las comunicaciones. Imborrable en la memoria es Javier Mu\u00f1oz, quien inici\u00f3 su exitosa carrera profesional en la emisora de la calle Santo Domingo. \u201cNunca podremos olvidarlo, por eso nuestro programa parte con un relato suyo\u201d, dice emocionado el director, quien tambi\u00e9n destaca a Manuel Lagos Celed\u00f3n. \u201cArrib\u00f3 desde una radio grande de Antofagasta y aprendimos mucho de \u00e9l, creo es el mejor relator que hemos tenido\u201d agrega el inextinguible comunicador.<br \/>\nMiguel Juri, Jorge Figueroa, Luis Fara, Reinard Montejo, V\u00edctor Gonz\u00e1lez y los ya extintos Pedro Vergara Lameles y Lenin Vega, fueron los precursores, despu\u00e9s vinieron otros, hasta llegar al d\u00eda de hoy, donde Manuel Vald\u00e9s es acompa\u00f1ado por, Eugenio Cornejo, Julio Gonz\u00e1lez, Jorge Vega, Ra\u00fal L\u00f3pez, V\u00edctor Salgado y Ricardo Manthey. \u201cNo quiero pecar de soberbia, pero debo decirlo y lo hago con el peso que me dan los a\u00f1os y la experiencia, tenemos una verdadera selecci\u00f3n, por algo somos el programa m\u00e1s escuchado en todo el valle, damos informaci\u00f3n, comentamos y generamos opini\u00f3n\u201d, finaliz\u00f3 el Hijo Ilustre de San Felipe.<\/p>\n<figure id=\"attachment_72558\" aria-describedby=\"caption-attachment-72558\" style=\"width: 530px\" class=\"wp-caption alignleft\"><a href=\"http:\/\/www.eltrabajo.cl\/portal\/programa-radial-deportes-en-aconcagua-cumple-60-anos\/deportes-en-aconcagua\/\" rel=\"attachment wp-att-72558\"><img data-recalc-dims=\"1\" loading=\"lazy\" decoding=\"async\" class=\"size-full wp-image-72558\" src=\"https:\/\/i0.wp.com\/www.eltrabajo.cl\/portal\/wp-content\/uploads\/2016\/08\/deportes-en-aconcagua.jpg?resize=530%2C350\" alt=\"El programa radial Deportes en Aconcagua es el m\u00e1s antiguo de su rubro en el pa\u00eds. En la imagen parte del actual equipo comandado por Manuel Vald\u00e9s. \" width=\"530\" height=\"350\" srcset=\"https:\/\/i0.wp.com\/eltrabajo.cl\/portal\/wp-content\/uploads\/2016\/08\/deportes-en-aconcagua.jpg?w=530&amp;ssl=1 530w, https:\/\/i0.wp.com\/eltrabajo.cl\/portal\/wp-content\/uploads\/2016\/08\/deportes-en-aconcagua.jpg?resize=200%2C132&amp;ssl=1 200w, https:\/\/i0.wp.com\/eltrabajo.cl\/portal\/wp-content\/uploads\/2016\/08\/deportes-en-aconcagua.jpg?resize=300%2C198&amp;ssl=1 300w, https:\/\/i0.wp.com\/eltrabajo.cl\/portal\/wp-content\/uploads\/2016\/08\/deportes-en-aconcagua.jpg?resize=227%2C150&amp;ssl=1 227w, https:\/\/i0.wp.com\/eltrabajo.cl\/portal\/wp-content\/uploads\/2016\/08\/deportes-en-aconcagua.jpg?resize=400%2C264&amp;ssl=1 400w\" sizes=\"auto, (max-width: 530px) 100vw, 530px\" \/><\/a><figcaption id=\"caption-attachment-72558\" class=\"wp-caption-text\">El programa radial Deportes en Aconcagua es el m\u00e1s antiguo de su rubro en el pa\u00eds. En la imagen parte del actual equipo comandado por Manuel Vald\u00e9s.<\/figcaption><\/figure>\n","protected":false},"excerpt":{"rendered":"<p>Quiz\u00e1s esa ma\u00f1ana de un ya lejano 4 de agosto de 1956, en las mentes de, por ese entonces, j\u00f3venes, so\u00f1adores e impetuosos Miguel Ricardo Juri (propietario de Diario El Trabajo) y&#8230;<\/p>\n","protected":false},"author":1,"featured_media":72558,"comment_status":"open","ping_status":"open","sticky":false,"template":"","format":"standard","meta":{"advanced_seo_description":"","jetpack_seo_html_title":"","jetpack_seo_noindex":false,"_jetpack_memberships_contains_paid_content":false,"footnotes":""},"categories":[15],"tags":[],"class_list":["post-72557","post","type-post","status-publish","format-standard","has-post-thumbnail","hentry","category-comunidad"],"jetpack_featured_media_url":"https:\/\/i0.wp.com\/eltrabajo.cl\/portal\/wp-content\/uploads\/2016\/08\/deportes-en-aconcagua.jpg?fit=530%2C350&ssl=1","jetpack_sharing_enabled":true,"jetpack_likes_enabled":true,"jetpack-related-posts":[],"_links":{"self":[{"href":"https:\/\/eltrabajo.cl\/portal\/wp-json\/wp\/v2\/posts\/72557","targetHints":{"allow":["GET"]}}],"collection":[{"href":"https:\/\/eltrabajo.cl\/portal\/wp-json\/wp\/v2\/posts"}],"about":[{"href":"https:\/\/eltrabajo.cl\/portal\/wp-json\/wp\/v2\/types\/post"}],"author":[{"embeddable":true,"href":"https:\/\/eltrabajo.cl\/portal\/wp-json\/wp\/v2\/users\/1"}],"replies":[{"embeddable":true,"href":"https:\/\/eltrabajo.cl\/portal\/wp-json\/wp\/v2\/comments?post=72557"}],"version-history":[{"count":0,"href":"https:\/\/eltrabajo.cl\/portal\/wp-json\/wp\/v2\/posts\/72557\/revisions"}],"wp:featuredmedia":[{"embeddable":true,"href":"https:\/\/eltrabajo.cl\/portal\/wp-json\/wp\/v2\/media\/72558"}],"wp:attachment":[{"href":"https:\/\/eltrabajo.cl\/portal\/wp-json\/wp\/v2\/media?parent=72557"}],"wp:term":[{"taxonomy":"category","embeddable":true,"href":"https:\/\/eltrabajo.cl\/portal\/wp-json\/wp\/v2\/categories?post=72557"},{"taxonomy":"post_tag","embeddable":true,"href":"https:\/\/eltrabajo.cl\/portal\/wp-json\/wp\/v2\/tags?post=72557"}],"curies":[{"name":"wp","href":"https:\/\/api.w.org\/{rel}","templated":true}]}}