{"id":72561,"date":"2016-08-05T09:06:50","date_gmt":"2016-08-05T13:06:50","guid":{"rendered":"http:\/\/www.eltrabajo.cl\/portal\/?p=72561"},"modified":"2016-08-05T09:06:50","modified_gmt":"2016-08-05T13:06:50","slug":"en-intensa-manana-radio-aconcagua-celebro-sus-60-anos-de-existencia","status":"publish","type":"post","link":"https:\/\/eltrabajo.cl\/portal\/en-intensa-manana-radio-aconcagua-celebro-sus-60-anos-de-existencia\/","title":{"rendered":"En intensa ma\u00f1ana Radio Aconcagua celebr\u00f3 sus 60 a\u00f1os de existencia"},"content":{"rendered":"<ul>\n<li><strong>Vecinos, dirigentes sociales y autoridades saludaron al equipo humano que conforma dicha casa radial, la m\u00e1s antigua de San Felipe.<\/strong><\/li>\n<\/ul>\n<p>En una intensa y muy visitada ma\u00f1ana el equipo de Radio Aconcagua estuvo celebrando sus 60 a\u00f1os de existencia, recibiendo el saludo de numerosos auditores, dirigentes sociales, autoridades y vecinos comunes y corriente que a trav\u00e9s del tel\u00e9fono, las redes sociales e incluso la visita a la radio con alg\u00fan presente o simple saludo, les expresaron su cari\u00f1o.<br \/>\nLa fiesta en la Aconcagua parti\u00f3 desde muy temprano en la ma\u00f1ana, con la visita personal de algunas autoridades y amigos de la longeva emisora, que naciera el 4 de agosto de 1956, de la mano de Ra\u00fal Grez Gonz\u00e1lez, Hombre de Radio que fue un pionero en las comunicaciones radiales, a quien le sucedi\u00f3 su hijo Carlos Grez Tellez hasta el a\u00f1o 2003, momento en el cual la emisora pasa a manos -en calidad de arriendo- del controvertido Periodista Eugenio Cornejo Correa, quien posteriormente la compra, imprimi\u00e9ndole un nuevo sello, consolid\u00e1ndose como una radioemisora de alt\u00edsima sinton\u00eda y gran influencia social, fundiendo en una sola se\u00f1al las emisoras Aconcagua, que transmit\u00eda en Amplitud Modulada (AM), con su hermana menor Colunqu\u00e9n FM (Frecuencia Modulada), fundada en la d\u00e9cada del 80.<br \/>\nFue sin duda un d\u00eda intenso y extenso, donde se sumaron los saludos y palabras de apoyo de sanfelipe\u00f1os que est\u00e1n en el extranjero, mientras auditores y amigos que los visitaron aprovecharon de recordar estas seis d\u00e9cadas de trayectoria, rememorando algunos programas que a\u00fan permanecen vigentes como \u2018Deportes en la Aconcagua\u2019 (ver nota aparte) y otros que desaparecieron en el tiempo, pero que marcaron a generaciones de aconcag\u00fcinos.<br \/>\nCon posterioridad todo el equipo humano que conforma Radio Aconcagua celebr\u00f3 en el conocido Restaurant La Ruca con un almuerzo de camarader\u00eda.<\/p>\n<figure id=\"attachment_72562\" aria-describedby=\"caption-attachment-72562\" style=\"width: 530px\" class=\"wp-caption alignleft\"><a href=\"http:\/\/www.eltrabajo.cl\/portal\/en-intensa-manana-radio-aconcagua-celebro-sus-60-anos-de-existencia\/radio-aconcagua-1\/\" rel=\"attachment wp-att-72562\"><img data-recalc-dims=\"1\" loading=\"lazy\" decoding=\"async\" class=\"size-full wp-image-72562\" src=\"https:\/\/i0.wp.com\/www.eltrabajo.cl\/portal\/wp-content\/uploads\/2016\/08\/radio-aconcagua-1.jpg?resize=530%2C349\" alt=\"Eugenio Cornejo junto a Carlos Novoa y una de las tantas auditoras (Gloria Le\u00f3n) que los visit\u00f3 durante a ma\u00f1ana. Al fondo la placa que recuerda al desaparecido y gran profesional, amigo y persona, Javier Mu\u00f1oz Delgado.\" width=\"530\" height=\"349\" srcset=\"https:\/\/i0.wp.com\/eltrabajo.cl\/portal\/wp-content\/uploads\/2016\/08\/radio-aconcagua-1.jpg?w=530&amp;ssl=1 530w, https:\/\/i0.wp.com\/eltrabajo.cl\/portal\/wp-content\/uploads\/2016\/08\/radio-aconcagua-1.jpg?resize=200%2C132&amp;ssl=1 200w, https:\/\/i0.wp.com\/eltrabajo.cl\/portal\/wp-content\/uploads\/2016\/08\/radio-aconcagua-1.jpg?resize=300%2C198&amp;ssl=1 300w, https:\/\/i0.wp.com\/eltrabajo.cl\/portal\/wp-content\/uploads\/2016\/08\/radio-aconcagua-1.jpg?resize=228%2C150&amp;ssl=1 228w, https:\/\/i0.wp.com\/eltrabajo.cl\/portal\/wp-content\/uploads\/2016\/08\/radio-aconcagua-1.jpg?resize=400%2C263&amp;ssl=1 400w\" sizes=\"auto, (max-width: 530px) 100vw, 530px\" \/><\/a><figcaption id=\"caption-attachment-72562\" class=\"wp-caption-text\">Eugenio Cornejo junto a Carlos Novoa y una de las tantas auditoras (Gloria Le\u00f3n) que los visit\u00f3 durante a ma\u00f1ana. Al fondo la placa que recuerda al desaparecido y gran profesional, amigo y persona, Javier Mu\u00f1oz Delgado.<\/figcaption><\/figure>\n","protected":false},"excerpt":{"rendered":"<p>Vecinos, dirigentes sociales y autoridades saludaron al equipo humano que conforma dicha casa radial, la m\u00e1s antigua de San Felipe. En una intensa y muy visitada ma\u00f1ana el equipo de Radio Aconcagua&#8230;<\/p>\n","protected":false},"author":1,"featured_media":72562,"comment_status":"open","ping_status":"open","sticky":false,"template":"","format":"standard","meta":{"advanced_seo_description":"","jetpack_seo_html_title":"","jetpack_seo_noindex":false,"_jetpack_memberships_contains_paid_content":false,"footnotes":""},"categories":[15],"tags":[],"class_list":["post-72561","post","type-post","status-publish","format-standard","has-post-thumbnail","hentry","category-comunidad"],"jetpack_featured_media_url":"https:\/\/i0.wp.com\/eltrabajo.cl\/portal\/wp-content\/uploads\/2016\/08\/radio-aconcagua-1.jpg?fit=530%2C349&ssl=1","jetpack_sharing_enabled":true,"jetpack_likes_enabled":true,"jetpack-related-posts":[],"_links":{"self":[{"href":"https:\/\/eltrabajo.cl\/portal\/wp-json\/wp\/v2\/posts\/72561","targetHints":{"allow":["GET"]}}],"collection":[{"href":"https:\/\/eltrabajo.cl\/portal\/wp-json\/wp\/v2\/posts"}],"about":[{"href":"https:\/\/eltrabajo.cl\/portal\/wp-json\/wp\/v2\/types\/post"}],"author":[{"embeddable":true,"href":"https:\/\/eltrabajo.cl\/portal\/wp-json\/wp\/v2\/users\/1"}],"replies":[{"embeddable":true,"href":"https:\/\/eltrabajo.cl\/portal\/wp-json\/wp\/v2\/comments?post=72561"}],"version-history":[{"count":0,"href":"https:\/\/eltrabajo.cl\/portal\/wp-json\/wp\/v2\/posts\/72561\/revisions"}],"wp:featuredmedia":[{"embeddable":true,"href":"https:\/\/eltrabajo.cl\/portal\/wp-json\/wp\/v2\/media\/72562"}],"wp:attachment":[{"href":"https:\/\/eltrabajo.cl\/portal\/wp-json\/wp\/v2\/media?parent=72561"}],"wp:term":[{"taxonomy":"category","embeddable":true,"href":"https:\/\/eltrabajo.cl\/portal\/wp-json\/wp\/v2\/categories?post=72561"},{"taxonomy":"post_tag","embeddable":true,"href":"https:\/\/eltrabajo.cl\/portal\/wp-json\/wp\/v2\/tags?post=72561"}],"curies":[{"name":"wp","href":"https:\/\/api.w.org\/{rel}","templated":true}]}}