{"id":72565,"date":"2016-08-05T09:09:27","date_gmt":"2016-08-05T13:09:27","guid":{"rendered":"http:\/\/www.eltrabajo.cl\/portal\/?p=72565"},"modified":"2016-08-05T09:09:27","modified_gmt":"2016-08-05T13:09:27","slug":"atrapan-a-delincuente-habitual-que-ingreso-a-robar-a-una-construccion","status":"publish","type":"post","link":"https:\/\/eltrabajo.cl\/portal\/atrapan-a-delincuente-habitual-que-ingreso-a-robar-a-una-construccion\/","title":{"rendered":"Atrapan a delincuente habitual que ingres\u00f3 a robar a una construcci\u00f3n"},"content":{"rendered":"<ul>\n<li><strong><span style=\"color: #ff0000;\">Puerta giratoria judicial lo benefici\u00f3 otorg\u00e1ndole la libertad:<\/span>\u00a0Trabajadores salieron en persecuci\u00f3n del antisocia, luego de sustraer especies desde un gimnasio en construcci\u00f3n de calle Toro Mazote en San Felipe, emprendiendo la huida a gran velocidad hasta ser esposado por Carabineros.<\/strong><\/li>\n<\/ul>\n<p>Firma mensual en Carabineros y un plazo de investigaci\u00f3n de 60 d\u00edas, fueron las m\u00ednimas cautelares ordenadas para un delincuente habitual que recuper\u00f3 su libertad desde Tribunales, pese a una intensa persecuci\u00f3n entre dos trabajadores y Carabineros que lo redujeron cerca de la medianoche del mi\u00e9rcoles cuando fue sorprendido robando especies desde un gimnasio en construcci\u00f3n en calle Toro Mozote 1552 en San Felipe.<br \/>\nEl procedimiento policial se gest\u00f3 luego que Carabineros observ\u00f3 a dos personas que persegu\u00edan al delincuente que tras irrumpir en la propiedad, sustrajo herramientas utilizando una carretilla apoder\u00e1ndose de dos sacos de adhesivo en polvo, tres cajas de porcelanato y 10 barras de aluminio avaluadas en $500.000.<br \/>\nEl antisocial al ser descubierto, abandon\u00f3 los elementos en la v\u00eda p\u00fablica para emprender m\u00e1s r\u00e1pido la huida hasta llegar a la Alameda O\u00b4Higgins y correr a calle Dardignac, donde Carabineros intervino logrando la reducci\u00f3n del sujeto que fue acusado por los testigos como el autor del delito.<br \/>\nEl detenido fue identificado como V.A.A.P., de 31 a\u00f1os de edad, alias \u2018El Cabeza de Lata\u2019, quien posee antecedentes delictuales por dos robos por sorpresa y cuatro delitos de robo en lugar no habitado, entre otras. Carabineros inform\u00f3 que el sujeto adem\u00e1s manten\u00eda vigente dos \u00f3rdenes pendientes, emanadas por el Tribunal por delitos de robo en lugar no habitado y da\u00f1os simples.<br \/>\nNo obstante, tras la audiencia de control de detenci\u00f3n ayer jueves en el Juzgado de Garant\u00eda y formalizaci\u00f3n de cargos de robo en lugar no habitado por parte de la Fiscal\u00eda, la puerta giratoria volvi\u00f3 a beneficiar al sujeto, otorg\u00e1ndole la libertad, quedando sujeto a m\u00ednimas cautelares de firma mensual en Carabineros por un plazo de 60 d\u00edas.<br \/>\nCabe se\u00f1alar que el imputado a fines del mes de junio de este a\u00f1o, fue detenido por Carabineros sorprendido en flagrancia cuando robaba ca\u00f1er\u00edas de cobre al interior de la empresa Cabrini ubicada en calle Duc\u00f3 de la comuna de San Felipe.<br \/>\n<strong>Pablo Salinas Sald\u00edas<\/strong><\/p>\n<figure id=\"attachment_72566\" aria-describedby=\"caption-attachment-72566\" style=\"width: 530px\" class=\"wp-caption alignleft\"><a href=\"http:\/\/www.eltrabajo.cl\/portal\/atrapan-a-delincuente-habitual-que-ingreso-a-robar-a-una-construccion\/victor-ahumada-padilla-2\/\" rel=\"attachment wp-att-72566\"><img data-recalc-dims=\"1\" loading=\"lazy\" decoding=\"async\" class=\"size-full wp-image-72566\" src=\"https:\/\/i0.wp.com\/www.eltrabajo.cl\/portal\/wp-content\/uploads\/2016\/08\/VICTOR-AHUMADA-PADILLA.jpg?resize=530%2C348\" alt=\"\u2018El Cabeza de Lata\u2019 detenido por Carabineros tras cometer un nuevo delito que se suma a su prontuario delictivo, sin embargo la justicia determin\u00f3 su libertad.\" width=\"530\" height=\"348\" srcset=\"https:\/\/i0.wp.com\/eltrabajo.cl\/portal\/wp-content\/uploads\/2016\/08\/VICTOR-AHUMADA-PADILLA.jpg?w=530&amp;ssl=1 530w, https:\/\/i0.wp.com\/eltrabajo.cl\/portal\/wp-content\/uploads\/2016\/08\/VICTOR-AHUMADA-PADILLA.jpg?resize=200%2C131&amp;ssl=1 200w, https:\/\/i0.wp.com\/eltrabajo.cl\/portal\/wp-content\/uploads\/2016\/08\/VICTOR-AHUMADA-PADILLA.jpg?resize=300%2C197&amp;ssl=1 300w, https:\/\/i0.wp.com\/eltrabajo.cl\/portal\/wp-content\/uploads\/2016\/08\/VICTOR-AHUMADA-PADILLA.jpg?resize=228%2C150&amp;ssl=1 228w, https:\/\/i0.wp.com\/eltrabajo.cl\/portal\/wp-content\/uploads\/2016\/08\/VICTOR-AHUMADA-PADILLA.jpg?resize=400%2C263&amp;ssl=1 400w\" sizes=\"auto, (max-width: 530px) 100vw, 530px\" \/><\/a><figcaption id=\"caption-attachment-72566\" class=\"wp-caption-text\">\u2018El Cabeza de Lata\u2019 detenido por Carabineros tras cometer un nuevo delito que se suma a su prontuario delictivo, sin embargo la justicia determin\u00f3 su libertad.<\/figcaption><\/figure>\n","protected":false},"excerpt":{"rendered":"<p>Puerta giratoria judicial lo benefici\u00f3 otorg\u00e1ndole la libertad:\u00a0Trabajadores salieron en persecuci\u00f3n del antisocia, luego de sustraer especies desde un gimnasio en construcci\u00f3n de calle Toro Mazote en San Felipe, emprendiendo la huida&#8230;<\/p>\n","protected":false},"author":1,"featured_media":72566,"comment_status":"open","ping_status":"open","sticky":false,"template":"","format":"standard","meta":{"advanced_seo_description":"","jetpack_seo_html_title":"","jetpack_seo_noindex":false,"_jetpack_memberships_contains_paid_content":false,"footnotes":""},"categories":[21],"tags":[],"class_list":["post-72565","post","type-post","status-publish","format-standard","has-post-thumbnail","hentry","category-policial"],"jetpack_featured_media_url":"https:\/\/i0.wp.com\/eltrabajo.cl\/portal\/wp-content\/uploads\/2016\/08\/VICTOR-AHUMADA-PADILLA.jpg?fit=530%2C348&ssl=1","jetpack_sharing_enabled":true,"jetpack_likes_enabled":true,"jetpack-related-posts":[],"_links":{"self":[{"href":"https:\/\/eltrabajo.cl\/portal\/wp-json\/wp\/v2\/posts\/72565","targetHints":{"allow":["GET"]}}],"collection":[{"href":"https:\/\/eltrabajo.cl\/portal\/wp-json\/wp\/v2\/posts"}],"about":[{"href":"https:\/\/eltrabajo.cl\/portal\/wp-json\/wp\/v2\/types\/post"}],"author":[{"embeddable":true,"href":"https:\/\/eltrabajo.cl\/portal\/wp-json\/wp\/v2\/users\/1"}],"replies":[{"embeddable":true,"href":"https:\/\/eltrabajo.cl\/portal\/wp-json\/wp\/v2\/comments?post=72565"}],"version-history":[{"count":0,"href":"https:\/\/eltrabajo.cl\/portal\/wp-json\/wp\/v2\/posts\/72565\/revisions"}],"wp:featuredmedia":[{"embeddable":true,"href":"https:\/\/eltrabajo.cl\/portal\/wp-json\/wp\/v2\/media\/72566"}],"wp:attachment":[{"href":"https:\/\/eltrabajo.cl\/portal\/wp-json\/wp\/v2\/media?parent=72565"}],"wp:term":[{"taxonomy":"category","embeddable":true,"href":"https:\/\/eltrabajo.cl\/portal\/wp-json\/wp\/v2\/categories?post=72565"},{"taxonomy":"post_tag","embeddable":true,"href":"https:\/\/eltrabajo.cl\/portal\/wp-json\/wp\/v2\/tags?post=72565"}],"curies":[{"name":"wp","href":"https:\/\/api.w.org\/{rel}","templated":true}]}}