{"id":72569,"date":"2016-08-05T09:11:24","date_gmt":"2016-08-05T13:11:24","guid":{"rendered":"http:\/\/www.eltrabajo.cl\/portal\/?p=72569"},"modified":"2016-08-05T09:11:24","modified_gmt":"2016-08-05T13:11:24","slug":"visitan-a-bebes-que-nacieron-el-3-de-agosto-en-el-hospital-san-camilo","status":"publish","type":"post","link":"https:\/\/eltrabajo.cl\/portal\/visitan-a-bebes-que-nacieron-el-3-de-agosto-en-el-hospital-san-camilo\/","title":{"rendered":"Visitan a beb\u00e9s que nacieron el 3 de agosto en el Hospital San Camilo"},"content":{"rendered":"<p>Cinco ni\u00f1os y cuatro ni\u00f1as nacieron este mi\u00e9rcoles 3 de agosto en el Hospital San Camilo de San Felipe, y en el marco de la celebraci\u00f3n de un nuevo aniversario de la comuna, el alcalde Patricio Freire se traslad\u00f3 hasta el centro asistencial para saludar a las felices mam\u00e1s.<br \/>\nAlgunas con parto normal y otras a trav\u00e9s de ces\u00e1reas, estas mamitas recibieron felices este mi\u00e9rcoles a estos peque\u00f1os sanfelipe\u00f1os, quienes colmaron de alegr\u00eda a sus familias, los que fueron saludados por el alcalde Freire junto al concejal Dante Rodr\u00edguez, por nacer el d\u00eda de aniversario de la comuna.<br \/>\n\u201cEsta es una visita tradicional a las mam\u00e1s que tienen a sus hijos un 3 de agosto. Estamos contentos de conocer a estos nuevos sanfelipe\u00f1os, que nacen en el hospital San Camilo, por eso agradecer tambi\u00e9n a la directora del hospital por acompa\u00f1ar a estas mam\u00e1s en un proceso que es sumamente hermoso\u201d, dijo el alcalde Patricio Freire.<br \/>\nEl concejal Rodr\u00edguez, en tanto se\u00f1al\u00f3 estar feliz de conocer a estos peque\u00f1os y record\u00f3 que \u00e9l tambi\u00e9n naci\u00f3 en este recinto asistencial.<br \/>\nLas mam\u00e1s estaban felices con la llegada de sus hijos, y varias de ellas recuper\u00e1ndose del parto, como es el caso de Alexa Torrej\u00f3n, mam\u00e1 de la bella Agustina, que pes\u00f3 3 kilos 200 gramos y midi\u00f3 47 cent\u00edmetros.<br \/>\n\u201cAl principio no ten\u00eda idea que nacer\u00eda este d\u00eda, pero es un orgullo que nazca en una fecha importante. Mi parto fue ces\u00e1rea de urgencia, de 37 semanas y como antes hab\u00eda tenido una ces\u00e1rea por prematura extrema, era imposible tenerla por parto normal, as\u00ed que me dieron las contracciones y altiro a pabell\u00f3n\u201d, dijo la feliz mamita.<br \/>\nLa directora del hospital, Susan Porras, destac\u00f3 la visita realizada por las autoridades, se\u00f1alando que \u201cpara las mam\u00e1s fue s\u00faper gratificante, estaban s\u00faper agradecidas por el saludo que recibieron, por el regalo y porque se les da una importancia mayor a que sus hijos hayan nacido en el aniversario de San Felipe\u201d.<\/p>\n<figure id=\"attachment_72570\" aria-describedby=\"caption-attachment-72570\" style=\"width: 530px\" class=\"wp-caption alignleft\"><a href=\"http:\/\/www.eltrabajo.cl\/portal\/visitan-a-bebes-que-nacieron-el-3-de-agosto-en-el-hospital-san-camilo\/visita-a-recien-nacidos\/\" rel=\"attachment wp-att-72570\"><img data-recalc-dims=\"1\" loading=\"lazy\" decoding=\"async\" class=\"size-full wp-image-72570\" src=\"https:\/\/i0.wp.com\/www.eltrabajo.cl\/portal\/wp-content\/uploads\/2016\/08\/visita-a-reci%C3%A9n-nacidos.jpg?resize=530%2C348\" alt=\"En el marco de la celebraci\u00f3n de un nuevo aniversario de la comuna, el alcalde Patricio Freire se traslad\u00f3 hasta el centro asistencial para saludar a las felices mam\u00e1s. \" width=\"530\" height=\"348\" srcset=\"https:\/\/i0.wp.com\/eltrabajo.cl\/portal\/wp-content\/uploads\/2016\/08\/visita-a-reci%C3%A9n-nacidos.jpg?w=530&amp;ssl=1 530w, https:\/\/i0.wp.com\/eltrabajo.cl\/portal\/wp-content\/uploads\/2016\/08\/visita-a-reci%C3%A9n-nacidos.jpg?resize=200%2C131&amp;ssl=1 200w, https:\/\/i0.wp.com\/eltrabajo.cl\/portal\/wp-content\/uploads\/2016\/08\/visita-a-reci%C3%A9n-nacidos.jpg?resize=300%2C197&amp;ssl=1 300w, https:\/\/i0.wp.com\/eltrabajo.cl\/portal\/wp-content\/uploads\/2016\/08\/visita-a-reci%C3%A9n-nacidos.jpg?resize=228%2C150&amp;ssl=1 228w, https:\/\/i0.wp.com\/eltrabajo.cl\/portal\/wp-content\/uploads\/2016\/08\/visita-a-reci%C3%A9n-nacidos.jpg?resize=400%2C263&amp;ssl=1 400w\" sizes=\"auto, (max-width: 530px) 100vw, 530px\" \/><\/a><figcaption id=\"caption-attachment-72570\" class=\"wp-caption-text\">En el marco de la celebraci\u00f3n de un nuevo aniversario de la comuna, el alcalde Patricio Freire se traslad\u00f3 hasta el centro asistencial para saludar a las felices mam\u00e1s.<\/figcaption><\/figure>\n","protected":false},"excerpt":{"rendered":"<p>Cinco ni\u00f1os y cuatro ni\u00f1as nacieron este mi\u00e9rcoles 3 de agosto en el Hospital San Camilo de San Felipe, y en el marco de la celebraci\u00f3n de un nuevo aniversario de la&#8230;<\/p>\n","protected":false},"author":1,"featured_media":72570,"comment_status":"open","ping_status":"open","sticky":false,"template":"","format":"standard","meta":{"advanced_seo_description":"","jetpack_seo_html_title":"","jetpack_seo_noindex":false,"_jetpack_memberships_contains_paid_content":false,"footnotes":""},"categories":[1],"tags":[],"class_list":["post-72569","post","type-post","status-publish","format-standard","has-post-thumbnail","hentry","category-cronica"],"jetpack_featured_media_url":"https:\/\/i0.wp.com\/eltrabajo.cl\/portal\/wp-content\/uploads\/2016\/08\/visita-a-reci%C3%A9n-nacidos.jpg?fit=530%2C348&ssl=1","jetpack_sharing_enabled":true,"jetpack_likes_enabled":true,"jetpack-related-posts":[],"_links":{"self":[{"href":"https:\/\/eltrabajo.cl\/portal\/wp-json\/wp\/v2\/posts\/72569","targetHints":{"allow":["GET"]}}],"collection":[{"href":"https:\/\/eltrabajo.cl\/portal\/wp-json\/wp\/v2\/posts"}],"about":[{"href":"https:\/\/eltrabajo.cl\/portal\/wp-json\/wp\/v2\/types\/post"}],"author":[{"embeddable":true,"href":"https:\/\/eltrabajo.cl\/portal\/wp-json\/wp\/v2\/users\/1"}],"replies":[{"embeddable":true,"href":"https:\/\/eltrabajo.cl\/portal\/wp-json\/wp\/v2\/comments?post=72569"}],"version-history":[{"count":0,"href":"https:\/\/eltrabajo.cl\/portal\/wp-json\/wp\/v2\/posts\/72569\/revisions"}],"wp:featuredmedia":[{"embeddable":true,"href":"https:\/\/eltrabajo.cl\/portal\/wp-json\/wp\/v2\/media\/72570"}],"wp:attachment":[{"href":"https:\/\/eltrabajo.cl\/portal\/wp-json\/wp\/v2\/media?parent=72569"}],"wp:term":[{"taxonomy":"category","embeddable":true,"href":"https:\/\/eltrabajo.cl\/portal\/wp-json\/wp\/v2\/categories?post=72569"},{"taxonomy":"post_tag","embeddable":true,"href":"https:\/\/eltrabajo.cl\/portal\/wp-json\/wp\/v2\/tags?post=72569"}],"curies":[{"name":"wp","href":"https:\/\/api.w.org\/{rel}","templated":true}]}}