{"id":72573,"date":"2016-08-05T09:16:42","date_gmt":"2016-08-05T13:16:42","guid":{"rendered":"http:\/\/www.eltrabajo.cl\/portal\/?p=72573"},"modified":"2016-08-05T09:21:43","modified_gmt":"2016-08-05T13:21:43","slug":"ambientalistas-exigen-saber-resultados-de-pruebas-de-agua-en-rio-rocin","status":"publish","type":"post","link":"https:\/\/eltrabajo.cl\/portal\/ambientalistas-exigen-saber-resultados-de-pruebas-de-agua-en-rio-rocin\/","title":{"rendered":"Ambientalistas exigen saber resultados de pruebas de agua en R\u00edo Roc\u00edn"},"content":{"rendered":"<ul>\n<li><strong><span style=\"color: #ff0000;\">Entregan carta a Seremi Salud y ponen denuncia en PDI:<\/span>\u00a0Jefe Autoridad Sanitaria asegur\u00f3 que gobernador en los pr\u00f3ximos d\u00edas dar\u00e1 a conocer resultados de muestras, aunque adelant\u00f3 que el agua potable es normal.<\/strong><\/li>\n<\/ul>\n<p>La coordinaci\u00f3n de agrupaciones de protecci\u00f3n del medio ambiente Putaendo Resiste, sigue enarbolando banderas de lucha en contra de la gran miner\u00eda y de la contaminaci\u00f3n que los sondajes estar\u00edan provocando a las aguas del R\u00edo Roc\u00edn.<br \/>\nEn esta oportunidad, los ambientalistas llegaron hasta San Felipe, para exigir que las autoridades se pronuncien cuanto antes, respecto de las muestras de agua que se han hecho luego de conocerse el informe realizado por la empresa Hydrolab, el cual, arrojara presencia de metales pesados en el afluente, hecho que podr\u00eda tornarse nocivo para la salud de los putaendinos.<br \/>\nLuego de que este estudio fuera dado a conocer p\u00fablicamente el pasado 13 de julio,en esta oportunidad, la herramienta utilizada por los activistas, fue una carta entregada en la Oficina Provincial Aconcagua de la Seremi (Secretar\u00eda Regional Ministerial) de Salud, en la cual, solicitan informaci\u00f3n inmediata de los resultados que se obtuvieron de las pruebas que la misma autoridad sanitaria realiz\u00f3 en el principal afluente del R\u00edo Putaendo y en la entradas de la planta de Agua Potable Rural y Urbano de la comuna.<br \/>\nMarcela Zamora, integrante de la organizaci\u00f3n ambientalista putaendina, coment\u00f3 que el objetivo de la misiva es que las autoridades entreguen una respuesta formal al Pueblo de Putaendo, respecto de los \u00edndices contaminantes que est\u00e1n apareciendo en el recurso vital.<br \/>\n\u00abEstamos defendiendo el agua de nuestro valle, hemos venido a dejar una carta ac\u00e1 al Dpto. de Salud Provincial, para que ellos recuerden nuestro compromiso (\u2026) el Ministerio de Salud no solamente tiene que velar por atender enfermos, tambi\u00e9n debe prevenir las enfermedades. No queremos un Putaendo lleno de c\u00e1ncer por la contaminaci\u00f3n del agua, aqu\u00ed estamos defendiendo la vida de seres humanos, animales y plantas y las autoridades debieran estar ah\u00ed para defendernos\u00bb, afirm\u00f3 Zamora.<br \/>\nPero la gesti\u00f3n de los ambientalistas no termin\u00f3 ah\u00ed, y adem\u00e1s de visitar las dependencias de sanidad, se dirigieron al Cuartel de la Polic\u00eda de Investigaciones, PDI San Felipe, para estampar una denuncia contra quienes resulten responsables de estar contaminando el agua de Putaendo<br \/>\n\u00abQueremos que ellos tambi\u00e9n se hagan presentes en Putaendo, empiecen a fiscalizar, queremos que ellos se acerquen a nuestro pueblo y vean qu\u00e9 est\u00e1 pasando, qui\u00e9n est\u00e1 autorizando a que contaminen nuestra agua\u00bb, detall\u00f3 la ambientalista<br \/>\nZamora, es profesora y adem\u00e1s excandidata a concejal del Partido Radical en la comuna de Putaendo y asegura que ha tomado parte en esta lucha porque \u00abhoy en d\u00eda como que no se valora a la ciudadan\u00eda y no se le entregan respuestas formales, la autoridad sanitaria debe dar respuestas frente a esto, no solamente a nosotros a todo el pueblo (\u2026) ayer anduvo la Seremi del Medio Ambiente en la zona, nos ignora a nosotros como ciudadanos, entonces qu\u00e9 est\u00e1 pasando, la responsabilidad de las autoridades sobre lo que est\u00e1 sucediendo en Putaendo, no lo est\u00e1n tomando el peso, por eso queremos que quede constancia (\u2026) por eso tambi\u00e9n quisimos poner una denuncia a la secci\u00f3n de medio ambiente de la PDI\u00bb, detall\u00f3.<\/p>\n<p><strong>AUTORIDAD SANITARIA<\/strong><br \/>\nDurante horas de la tarde, Diario El Trabajo tom\u00f3 contacto con el Dr. Mario M\u00e9ndez, jefe de Oficina Provincial Aconcagua de la Seremi (Secretar\u00eda Regional Ministerial) de Salud, quien afirm\u00f3 que los resultados de las pruebas realizadas en el R\u00edo Roc\u00edn y en las entradas y salidas de las plantas de agua potable ser\u00e1n dados a conocer la pr\u00f3xima semana por parte del gobernador de la Provincia de San Felipe Eduardo Le\u00f3n Lazcano.<br \/>\n\u00abNuestro foco principal era el agua potable, pero tomamos muestra tambi\u00e9n de agua cruda. Hicimos prueba de un APR (Agua Potable Rural) importante que captura aguas del R\u00edo Roc\u00edn y tambi\u00e9n del APU (Agua Potable Urbano) esos resultados van a estar pronto. Despu\u00e9s desde la mesa t\u00e9cnica que se form\u00f3 desde la Gobernaci\u00f3n, se nos pidi\u00f3 que tom\u00e1ramos 3 muestras m\u00e1s. Por el momento, para tranquilidad de las personas, puedo adelantar que el agua est\u00e1 dentro de los par\u00e1metros normales, pero es el gobernador quien va a liberar la informaci\u00f3n\u00bb, asever\u00f3 el facultativo.<\/p>\n<figure id=\"attachment_72574\" aria-describedby=\"caption-attachment-72574\" style=\"width: 300px\" class=\"wp-caption alignleft\"><a href=\"http:\/\/www.eltrabajo.cl\/portal\/ambientalistas-exigen-saber-resultados-de-pruebas-de-agua-en-rio-rocin\/dr-mario-mendez-2\/\" rel=\"attachment wp-att-72574\"><img data-recalc-dims=\"1\" loading=\"lazy\" decoding=\"async\" class=\"size-medium wp-image-72574\" src=\"https:\/\/i0.wp.com\/www.eltrabajo.cl\/portal\/wp-content\/uploads\/2016\/08\/Dr.-Mario-Mendez-300x197.jpg?resize=300%2C197\" alt=\"Mario M\u00e9ndez, jefe provincial de la Oficina de la Seremi de Salud Aconcagua.\" width=\"300\" height=\"197\" srcset=\"https:\/\/i0.wp.com\/eltrabajo.cl\/portal\/wp-content\/uploads\/2016\/08\/Dr.-Mario-Mendez.jpg?resize=300%2C197&amp;ssl=1 300w, https:\/\/i0.wp.com\/eltrabajo.cl\/portal\/wp-content\/uploads\/2016\/08\/Dr.-Mario-Mendez.jpg?resize=200%2C131&amp;ssl=1 200w, https:\/\/i0.wp.com\/eltrabajo.cl\/portal\/wp-content\/uploads\/2016\/08\/Dr.-Mario-Mendez.jpg?resize=228%2C150&amp;ssl=1 228w, https:\/\/i0.wp.com\/eltrabajo.cl\/portal\/wp-content\/uploads\/2016\/08\/Dr.-Mario-Mendez.jpg?resize=400%2C263&amp;ssl=1 400w, https:\/\/i0.wp.com\/eltrabajo.cl\/portal\/wp-content\/uploads\/2016\/08\/Dr.-Mario-Mendez.jpg?w=530&amp;ssl=1 530w\" sizes=\"auto, (max-width: 300px) 100vw, 300px\" \/><\/a><figcaption id=\"caption-attachment-72574\" class=\"wp-caption-text\">Mario M\u00e9ndez, jefe provincial de la Oficina de la Seremi de Salud Aconcagua.<\/figcaption><\/figure>\n<figure id=\"attachment_72575\" aria-describedby=\"caption-attachment-72575\" style=\"width: 300px\" class=\"wp-caption alignleft\"><a href=\"http:\/\/www.eltrabajo.cl\/portal\/ambientalistas-exigen-saber-resultados-de-pruebas-de-agua-en-rio-rocin\/marcela-zamora\/\" rel=\"attachment wp-att-72575\"><img data-recalc-dims=\"1\" loading=\"lazy\" decoding=\"async\" class=\"size-medium wp-image-72575\" src=\"https:\/\/i0.wp.com\/www.eltrabajo.cl\/portal\/wp-content\/uploads\/2016\/08\/Marcela-Zamora-300x197.jpg?resize=300%2C197\" alt=\"Marcela Zamora, integrante de la Coordinaci\u00f3n ambientalista #Putaendo Resiste.\" width=\"300\" height=\"197\" srcset=\"https:\/\/i0.wp.com\/eltrabajo.cl\/portal\/wp-content\/uploads\/2016\/08\/Marcela-Zamora.jpg?resize=300%2C197&amp;ssl=1 300w, https:\/\/i0.wp.com\/eltrabajo.cl\/portal\/wp-content\/uploads\/2016\/08\/Marcela-Zamora.jpg?resize=200%2C131&amp;ssl=1 200w, https:\/\/i0.wp.com\/eltrabajo.cl\/portal\/wp-content\/uploads\/2016\/08\/Marcela-Zamora.jpg?resize=228%2C150&amp;ssl=1 228w, https:\/\/i0.wp.com\/eltrabajo.cl\/portal\/wp-content\/uploads\/2016\/08\/Marcela-Zamora.jpg?resize=400%2C263&amp;ssl=1 400w, https:\/\/i0.wp.com\/eltrabajo.cl\/portal\/wp-content\/uploads\/2016\/08\/Marcela-Zamora.jpg?w=530&amp;ssl=1 530w\" sizes=\"auto, (max-width: 300px) 100vw, 300px\" \/><\/a><figcaption id=\"caption-attachment-72575\" class=\"wp-caption-text\">Marcela Zamora, integrante de la Coordinaci\u00f3n ambientalista #Putaendo Resiste.<\/figcaption><\/figure>\n<figure id=\"attachment_72576\" aria-describedby=\"caption-attachment-72576\" style=\"width: 530px\" class=\"wp-caption alignleft\"><a href=\"http:\/\/www.eltrabajo.cl\/portal\/ambientalistas-exigen-saber-resultados-de-pruebas-de-agua-en-rio-rocin\/nuevas-caras-se-van-sumando-a-la-defensa-del-agua-en-putaendo\/\" rel=\"attachment wp-att-72576\"><img data-recalc-dims=\"1\" loading=\"lazy\" decoding=\"async\" class=\"size-full wp-image-72576\" src=\"https:\/\/i0.wp.com\/www.eltrabajo.cl\/portal\/wp-content\/uploads\/2016\/08\/Nuevas-caras-se-van-sumando-a-la-defensa-del-Agua-en-Putaendo.jpg?resize=530%2C350\" alt=\"Nuevas caras se van sumando a la defensa del Agua en Putaendo.\" width=\"530\" height=\"350\" srcset=\"https:\/\/i0.wp.com\/eltrabajo.cl\/portal\/wp-content\/uploads\/2016\/08\/Nuevas-caras-se-van-sumando-a-la-defensa-del-Agua-en-Putaendo.jpg?w=530&amp;ssl=1 530w, https:\/\/i0.wp.com\/eltrabajo.cl\/portal\/wp-content\/uploads\/2016\/08\/Nuevas-caras-se-van-sumando-a-la-defensa-del-Agua-en-Putaendo.jpg?resize=200%2C132&amp;ssl=1 200w, https:\/\/i0.wp.com\/eltrabajo.cl\/portal\/wp-content\/uploads\/2016\/08\/Nuevas-caras-se-van-sumando-a-la-defensa-del-Agua-en-Putaendo.jpg?resize=300%2C198&amp;ssl=1 300w, https:\/\/i0.wp.com\/eltrabajo.cl\/portal\/wp-content\/uploads\/2016\/08\/Nuevas-caras-se-van-sumando-a-la-defensa-del-Agua-en-Putaendo.jpg?resize=227%2C150&amp;ssl=1 227w, https:\/\/i0.wp.com\/eltrabajo.cl\/portal\/wp-content\/uploads\/2016\/08\/Nuevas-caras-se-van-sumando-a-la-defensa-del-Agua-en-Putaendo.jpg?resize=400%2C264&amp;ssl=1 400w\" sizes=\"auto, (max-width: 530px) 100vw, 530px\" \/><\/a><figcaption id=\"caption-attachment-72576\" class=\"wp-caption-text\">Nuevas caras se van sumando a la defensa del Agua en Putaendo.<\/figcaption><\/figure>\n","protected":false},"excerpt":{"rendered":"<p>Entregan carta a Seremi Salud y ponen denuncia en PDI:\u00a0Jefe Autoridad Sanitaria asegur\u00f3 que gobernador en los pr\u00f3ximos d\u00edas dar\u00e1 a conocer resultados de muestras, aunque adelant\u00f3 que el agua potable es&#8230;<\/p>\n","protected":false},"author":1,"featured_media":72576,"comment_status":"open","ping_status":"open","sticky":false,"template":"","format":"standard","meta":{"advanced_seo_description":"","jetpack_seo_html_title":"","jetpack_seo_noindex":false,"_jetpack_memberships_contains_paid_content":false,"footnotes":""},"categories":[1],"tags":[],"class_list":["post-72573","post","type-post","status-publish","format-standard","has-post-thumbnail","hentry","category-cronica"],"jetpack_featured_media_url":"https:\/\/i0.wp.com\/eltrabajo.cl\/portal\/wp-content\/uploads\/2016\/08\/Nuevas-caras-se-van-sumando-a-la-defensa-del-Agua-en-Putaendo.jpg?fit=530%2C350&ssl=1","jetpack_sharing_enabled":true,"jetpack_likes_enabled":true,"jetpack-related-posts":[],"_links":{"self":[{"href":"https:\/\/eltrabajo.cl\/portal\/wp-json\/wp\/v2\/posts\/72573","targetHints":{"allow":["GET"]}}],"collection":[{"href":"https:\/\/eltrabajo.cl\/portal\/wp-json\/wp\/v2\/posts"}],"about":[{"href":"https:\/\/eltrabajo.cl\/portal\/wp-json\/wp\/v2\/types\/post"}],"author":[{"embeddable":true,"href":"https:\/\/eltrabajo.cl\/portal\/wp-json\/wp\/v2\/users\/1"}],"replies":[{"embeddable":true,"href":"https:\/\/eltrabajo.cl\/portal\/wp-json\/wp\/v2\/comments?post=72573"}],"version-history":[{"count":0,"href":"https:\/\/eltrabajo.cl\/portal\/wp-json\/wp\/v2\/posts\/72573\/revisions"}],"wp:featuredmedia":[{"embeddable":true,"href":"https:\/\/eltrabajo.cl\/portal\/wp-json\/wp\/v2\/media\/72576"}],"wp:attachment":[{"href":"https:\/\/eltrabajo.cl\/portal\/wp-json\/wp\/v2\/media?parent=72573"}],"wp:term":[{"taxonomy":"category","embeddable":true,"href":"https:\/\/eltrabajo.cl\/portal\/wp-json\/wp\/v2\/categories?post=72573"},{"taxonomy":"post_tag","embeddable":true,"href":"https:\/\/eltrabajo.cl\/portal\/wp-json\/wp\/v2\/tags?post=72573"}],"curies":[{"name":"wp","href":"https:\/\/api.w.org\/{rel}","templated":true}]}}