{"id":72579,"date":"2016-08-05T09:23:16","date_gmt":"2016-08-05T13:23:16","guid":{"rendered":"http:\/\/www.eltrabajo.cl\/portal\/?p=72579"},"modified":"2016-08-05T09:23:16","modified_gmt":"2016-08-05T13:23:16","slug":"san-felipe-ocupa-tercer-lugar-regional-en-delitos-de-robo-por-sorpresa","status":"publish","type":"post","link":"https:\/\/eltrabajo.cl\/portal\/san-felipe-ocupa-tercer-lugar-regional-en-delitos-de-robo-por-sorpresa\/","title":{"rendered":"San Felipe ocupa tercer lugar regional en delitos de robo por sorpresa"},"content":{"rendered":"<ul>\n<li><strong><span style=\"color: #ff0000;\">Fiscal\u00eda da inicio\u00a0a Sistema de An\u00e1lisis Criminal y Foco Investigativo:<\/span>\u00a0Unidad especializada del Ministerio P\u00fablico lanz\u00f3 programa piloto a nivel nacional para\u00a0disminuir este tipo de delitos en el damero central de San Felipe.<\/strong><\/li>\n<\/ul>\n<p>La Fiscal\u00eda de San Felipe, ya cuenta oficialmente con una unidad especializada para fortalecer la investigaci\u00f3n de los delitos de mayor connotaci\u00f3n social y contra la propiedad. Se trata del Sistema de An\u00e1lisis Criminal y Foco Investigativo en la macro zona cordillera, que comprende las provincias de San Felipe, Los Andes y Petorca.<br \/>\nPrecisamente en un acto solemne este mi\u00e9rcoles, el fiscal que encabeza esta \u00e1rea, Benjam\u00edn Santib\u00e1\u00f1ez Contreras, explic\u00f3 en su discurso a la alta jefatura de Carabineros, Polic\u00eda de Investigaciones como tambi\u00e9n al gobernador provincial de San Felipe y el coordinador del Plan de Seguridad P\u00fablica, qu\u00e9 es en definitiva el Sistema de An\u00e1lisis Criminal, argumentando que se trata de un m\u00e9todo de estudio de los datos e informaci\u00f3n asociados a un delito.<br \/>\nParticularmente San Felipe se posiciona en el tercer lugar a nivel regional en cuanto a la tasa delictual de delitos por robo por sorpresa, cometidos s\u00f3lo dentro del per\u00edmetro de las cuatros alamedas, liderando este listado Valpara\u00edso y Vi\u00f1a del Mar, seg\u00fan las cifras de la Fiscal\u00eda.<br \/>\nDentro de los objetivos de este fortalecimiento, que ya comenz\u00f3 sus operaciones en la Fiscal\u00eda de San Felipe, significar\u00e1 disminuir como resultados el n\u00famero de imputados desconocidos que cometen este tipo de delitos como robo por sorpresa, robo con violencia e intimidaci\u00f3n partiendo como plan piloto precisamente el damero central de esta comuna.<br \/>\nA su vez se pretende mejorar las respuestas que se da a las v\u00edctimas y testigos de estos delitos; fortalecer la labor de direcci\u00f3n de la investigaci\u00f3n que le corresponde a la Fiscal\u00eda para mejorar la percepci\u00f3n de la comunidad sobre la labor del Ministerio P\u00fablico en materia de persecuci\u00f3n penal, as\u00ed lo explic\u00f3 a Diario El Trabajo, el fiscal Benjam\u00edn Santib\u00e1\u00f1ez Gonz\u00e1lez.<br \/>\n\u201cEn definitiva estamos dando a conocer ante las autoridades de la provincia de San Felipe, porque en la macro zona, el primer foco investigativo que se est\u00e1 trabajando es precisamente en San Felipe entre las cuatro alamedas, por delitos de robo con violencia, robos con intimidaci\u00f3n y robos por sorpresa. Es el primer lanzamiento que se hace a nivel nacional del Sistema de An\u00e1lisis Criminal y se eligi\u00f3 precisamente San Felipe por la importancia que a nosotros nos genera\u201d.<br \/>\nSantib\u00e1\u00f1ez afirm\u00f3 que para este tipo de trabajo se necesita priorizar cu\u00e1les son los delitos para analizar a trav\u00e9s de la unidad de foco por instrucci\u00f3n del Fiscal Nacional: \u201cy eso se determin\u00f3 que iban a ser los delitos de robos con violencia, robos con intimidaci\u00f3n, robo en lugar habitado, robo por sorpresa y robo en lugar no habitado. El foco de las cuatro alamedas va atacar tres tipos de delitos: robo con violencia, robo con intimidaci\u00f3n y robo por sorpresa. Este \u00faltimo porque dobla la tasa regional en lo que se refiere a este tipo de delitos, por lo tanto es un tema preocupante, ac\u00e1 dentro las cuatro alamedas no est\u00e1 solamente la gente de ac\u00e1 sino que viene gente de otras comunas a hacer tr\u00e1mites que resultan ser v\u00edctimas de estos delitos\u201d.<br \/>\nEl persecutor destac\u00f3 que la labor que se implant\u00f3 en marcha blanca, desde comienzos de este a\u00f1o en San Felipe, es determinar qui\u00e9nes son estos sujetos que est\u00e1n cometiendo este tipo de delitos, y a su vez disminuir este n\u00famero de delitos para aumentar la sensaci\u00f3n de seguridad en forma real.<br \/>\n\u201cEn cuanto a la tasa delictual de delitos por robo por sorpresa, San Felipe ocupa la tercera ubicaci\u00f3n de ocurrencia de delitos de robo por sorpresa en el per\u00edmetros de las cuatros alamedas, liderando el listado Valpara\u00edso y Vi\u00f1a del Mar\u201d.<br \/>\nSantib\u00e1\u00f1ez concluy\u00f3 refiri\u00e9ndose que dentro de las pol\u00edticas del Ministerio P\u00fablico, los Fiscales deben ser cercanos a la comunidad que resulta ser importante para un trabajo mancomunado: \u201cEsa cercan\u00eda es muy importante para nosotros, la idea es reunirnos con organismos comunitarios que nos puedan aportar antecedentes para atacar focos o para determinar cu\u00e1les son los sectores m\u00e1s afectados. Personalmente he estado en varias reuniones en Santa Mar\u00eda, Catemu, Los Andes, Calle Larga y Llay Llay, con organizaciones comunitarias. El objetivo es trabajar fen\u00f3menos delictuales y no el caso a caso, pero estamos abiertos a cualquier organizaci\u00f3n comunitaria que requiera de nuestra presencia, ah\u00ed estaremos\u201d.<br \/>\nPor su parte el gobernador provincial, Eduardo Le\u00f3n, destac\u00f3 esta nueva implementaci\u00f3n de la Fiscal\u00eda que aportar\u00e1 significativamente a la comuna, haciendo un llamado adem\u00e1s a la prevenci\u00f3n del delito: \u201cNosotros lo hemos dicho en varios contextos, el delito es un fen\u00f3meno m\u00f3vil que hay que cambiar constantemente de estrategias, as\u00ed que hemos estado en varias reuniones con el Fiscal y hoy d\u00eda la Fiscal\u00eda inaugura a nivel nacional esta nueva metodolog\u00eda, f\u00edsicamente parte desde el territorio, se\u00f1alado en las cuatro alamedas. Vamos a seguir trabajando de manera conjunta porque esa es la manera de enfrentar y no s\u00f3lo la persecuci\u00f3n del delito, sino tambi\u00e9n el tema preventivo, vamos a ver el resultado y esperamos que vamos a tener excelentes resultados\u201d.<br \/>\n<strong>Pablo Salinas Sald\u00edas<\/strong><\/p>\n<figure id=\"attachment_72581\" aria-describedby=\"caption-attachment-72581\" style=\"width: 530px\" class=\"wp-caption alignleft\"><a href=\"http:\/\/www.eltrabajo.cl\/portal\/san-felipe-ocupa-tercer-lugar-regional-en-delitos-de-robo-por-sorpresa\/charla-1\/\" rel=\"attachment wp-att-72581\"><img data-recalc-dims=\"1\" loading=\"lazy\" decoding=\"async\" class=\"size-full wp-image-72581\" src=\"https:\/\/i0.wp.com\/www.eltrabajo.cl\/portal\/wp-content\/uploads\/2016\/08\/CHARLA-1.jpg?resize=530%2C350\" alt=\"En dependencias de las Fiscal\u00eda de San Felipe se dio el vamos a nivel nacional, la Unidad An\u00e1lisis Criminal y Foco Investigativo en San Felipe.\" width=\"530\" height=\"350\" srcset=\"https:\/\/i0.wp.com\/eltrabajo.cl\/portal\/wp-content\/uploads\/2016\/08\/CHARLA-1.jpg?w=530&amp;ssl=1 530w, https:\/\/i0.wp.com\/eltrabajo.cl\/portal\/wp-content\/uploads\/2016\/08\/CHARLA-1.jpg?resize=200%2C132&amp;ssl=1 200w, https:\/\/i0.wp.com\/eltrabajo.cl\/portal\/wp-content\/uploads\/2016\/08\/CHARLA-1.jpg?resize=300%2C198&amp;ssl=1 300w, https:\/\/i0.wp.com\/eltrabajo.cl\/portal\/wp-content\/uploads\/2016\/08\/CHARLA-1.jpg?resize=227%2C150&amp;ssl=1 227w, https:\/\/i0.wp.com\/eltrabajo.cl\/portal\/wp-content\/uploads\/2016\/08\/CHARLA-1.jpg?resize=400%2C264&amp;ssl=1 400w\" sizes=\"auto, (max-width: 530px) 100vw, 530px\" \/><\/a><figcaption id=\"caption-attachment-72581\" class=\"wp-caption-text\">En dependencias de las Fiscal\u00eda de San Felipe se dio el vamos a nivel nacional, la Unidad An\u00e1lisis Criminal y Foco Investigativo en San Felipe.<\/figcaption><\/figure>\n<figure id=\"attachment_72582\" aria-describedby=\"caption-attachment-72582\" style=\"width: 300px\" class=\"wp-caption alignleft\"><a href=\"http:\/\/www.eltrabajo.cl\/portal\/san-felipe-ocupa-tercer-lugar-regional-en-delitos-de-robo-por-sorpresa\/sdr-5\/\" rel=\"attachment wp-att-72582\"><img data-recalc-dims=\"1\" loading=\"lazy\" decoding=\"async\" class=\"size-medium wp-image-72582\" src=\"https:\/\/i0.wp.com\/www.eltrabajo.cl\/portal\/wp-content\/uploads\/2016\/08\/FISCAL-SANTIBANEZ-300x197.jpg?resize=300%2C197\" alt=\"Fiscal Benjam\u00edn Santib\u00e1\u00f1ez Gonz\u00e1lez.\" width=\"300\" height=\"197\" srcset=\"https:\/\/i0.wp.com\/eltrabajo.cl\/portal\/wp-content\/uploads\/2016\/08\/FISCAL-SANTIBANEZ.jpg?resize=300%2C197&amp;ssl=1 300w, https:\/\/i0.wp.com\/eltrabajo.cl\/portal\/wp-content\/uploads\/2016\/08\/FISCAL-SANTIBANEZ.jpg?resize=200%2C131&amp;ssl=1 200w, https:\/\/i0.wp.com\/eltrabajo.cl\/portal\/wp-content\/uploads\/2016\/08\/FISCAL-SANTIBANEZ.jpg?resize=228%2C150&amp;ssl=1 228w, https:\/\/i0.wp.com\/eltrabajo.cl\/portal\/wp-content\/uploads\/2016\/08\/FISCAL-SANTIBANEZ.jpg?resize=400%2C263&amp;ssl=1 400w, https:\/\/i0.wp.com\/eltrabajo.cl\/portal\/wp-content\/uploads\/2016\/08\/FISCAL-SANTIBANEZ.jpg?w=530&amp;ssl=1 530w\" sizes=\"auto, (max-width: 300px) 100vw, 300px\" \/><\/a><figcaption id=\"caption-attachment-72582\" class=\"wp-caption-text\">Fiscal Benjam\u00edn Santib\u00e1\u00f1ez Gonz\u00e1lez.<\/figcaption><\/figure>\n<figure id=\"attachment_72583\" aria-describedby=\"caption-attachment-72583\" style=\"width: 300px\" class=\"wp-caption alignleft\"><a href=\"http:\/\/www.eltrabajo.cl\/portal\/san-felipe-ocupa-tercer-lugar-regional-en-delitos-de-robo-por-sorpresa\/gob-invitacion-cabildo\/\" rel=\"attachment wp-att-72583\"><img data-recalc-dims=\"1\" loading=\"lazy\" decoding=\"async\" class=\"size-medium wp-image-72583\" src=\"https:\/\/i0.wp.com\/www.eltrabajo.cl\/portal\/wp-content\/uploads\/2016\/08\/GOB-INVITACION-CABILDO-300x198.jpg?resize=300%2C198\" alt=\"Gobernador de San Felipe, Eduardo Le\u00f3n Lazcano.\" width=\"300\" height=\"198\" srcset=\"https:\/\/i0.wp.com\/eltrabajo.cl\/portal\/wp-content\/uploads\/2016\/08\/GOB-INVITACION-CABILDO.jpg?resize=300%2C198&amp;ssl=1 300w, https:\/\/i0.wp.com\/eltrabajo.cl\/portal\/wp-content\/uploads\/2016\/08\/GOB-INVITACION-CABILDO.jpg?resize=200%2C132&amp;ssl=1 200w, https:\/\/i0.wp.com\/eltrabajo.cl\/portal\/wp-content\/uploads\/2016\/08\/GOB-INVITACION-CABILDO.jpg?resize=227%2C150&amp;ssl=1 227w, https:\/\/i0.wp.com\/eltrabajo.cl\/portal\/wp-content\/uploads\/2016\/08\/GOB-INVITACION-CABILDO.jpg?resize=400%2C264&amp;ssl=1 400w, https:\/\/i0.wp.com\/eltrabajo.cl\/portal\/wp-content\/uploads\/2016\/08\/GOB-INVITACION-CABILDO.jpg?w=530&amp;ssl=1 530w\" sizes=\"auto, (max-width: 300px) 100vw, 300px\" \/><\/a><figcaption id=\"caption-attachment-72583\" class=\"wp-caption-text\">Gobernador de San Felipe, Eduardo Le\u00f3n Lazcano.<\/figcaption><\/figure>\n","protected":false},"excerpt":{"rendered":"<p>Fiscal\u00eda da inicio\u00a0a Sistema de An\u00e1lisis Criminal y Foco Investigativo:\u00a0Unidad especializada del Ministerio P\u00fablico lanz\u00f3 programa piloto a nivel nacional para\u00a0disminuir este tipo de delitos en el damero central de San Felipe&#8230;.<\/p>\n","protected":false},"author":1,"featured_media":72581,"comment_status":"open","ping_status":"open","sticky":false,"template":"","format":"standard","meta":{"advanced_seo_description":"","jetpack_seo_html_title":"","jetpack_seo_noindex":false,"_jetpack_memberships_contains_paid_content":false,"footnotes":""},"categories":[21],"tags":[],"class_list":["post-72579","post","type-post","status-publish","format-standard","has-post-thumbnail","hentry","category-policial"],"jetpack_featured_media_url":"https:\/\/i0.wp.com\/eltrabajo.cl\/portal\/wp-content\/uploads\/2016\/08\/CHARLA-1.jpg?fit=530%2C350&ssl=1","jetpack_sharing_enabled":true,"jetpack_likes_enabled":true,"jetpack-related-posts":[],"_links":{"self":[{"href":"https:\/\/eltrabajo.cl\/portal\/wp-json\/wp\/v2\/posts\/72579","targetHints":{"allow":["GET"]}}],"collection":[{"href":"https:\/\/eltrabajo.cl\/portal\/wp-json\/wp\/v2\/posts"}],"about":[{"href":"https:\/\/eltrabajo.cl\/portal\/wp-json\/wp\/v2\/types\/post"}],"author":[{"embeddable":true,"href":"https:\/\/eltrabajo.cl\/portal\/wp-json\/wp\/v2\/users\/1"}],"replies":[{"embeddable":true,"href":"https:\/\/eltrabajo.cl\/portal\/wp-json\/wp\/v2\/comments?post=72579"}],"version-history":[{"count":0,"href":"https:\/\/eltrabajo.cl\/portal\/wp-json\/wp\/v2\/posts\/72579\/revisions"}],"wp:featuredmedia":[{"embeddable":true,"href":"https:\/\/eltrabajo.cl\/portal\/wp-json\/wp\/v2\/media\/72581"}],"wp:attachment":[{"href":"https:\/\/eltrabajo.cl\/portal\/wp-json\/wp\/v2\/media?parent=72579"}],"wp:term":[{"taxonomy":"category","embeddable":true,"href":"https:\/\/eltrabajo.cl\/portal\/wp-json\/wp\/v2\/categories?post=72579"},{"taxonomy":"post_tag","embeddable":true,"href":"https:\/\/eltrabajo.cl\/portal\/wp-json\/wp\/v2\/tags?post=72579"}],"curies":[{"name":"wp","href":"https:\/\/api.w.org\/{rel}","templated":true}]}}