{"id":72589,"date":"2016-08-08T08:52:14","date_gmt":"2016-08-08T12:52:14","guid":{"rendered":"http:\/\/www.eltrabajo.cl\/portal\/?p=72589"},"modified":"2016-08-08T08:52:14","modified_gmt":"2016-08-08T12:52:14","slug":"mamitas-sanfelipenas-celebraron-semana-mundial-de-lactancia-materna","status":"publish","type":"post","link":"https:\/\/eltrabajo.cl\/portal\/mamitas-sanfelipenas-celebraron-semana-mundial-de-lactancia-materna\/","title":{"rendered":"Mamitas sanfelipe\u00f1as celebraron Semana Mundial de Lactancia Materna"},"content":{"rendered":"<ul>\n<li><strong>Cesfam de la comuna cierran hoy con actividades especiales:<\/strong><\/li>\n<\/ul>\n<p>Desde este lunes comenz\u00f3 la Semana Mundial de la Lactancia Materna, por lo que este jueves y hasta el viernes, se estuvieron celebrando en nuestra comuna, y tambi\u00e9n en todo el mundo, actividades relacionadas a esta importante etapa del ni\u00f1o en su desarrollo, ya que la leche materna ayuda con el desarrollo cognitivo y emocional del reci\u00e9n nacido, y genera un lazo \u00fanico entre la madre y el beb\u00e9, incluso despu\u00e9s de que esta vuelva a trabajar.<\/p>\n<p><strong>LAS ACTIVIDADES<\/strong><br \/>\nFue as\u00ed que tambi\u00e9n la Direcci\u00f3n de Salud Municipal de nuestra comuna tambi\u00e9n desarroll\u00f3 varias actividades en sus diferentes Cesfam, por ejemplo, las c\u00e1maras de Diario El Trabajo visitaron ayer jueves el Cesfam Segismundo Iturra, en donde nuestro medio habl\u00f3 con Estefan\u00eda Aros, nutricionista y coordinadora del Comit\u00e9 de Lactancia Materna del Cesfam Segismundo Iturra, quien nos explic\u00f3 que \u00abnosotros esta semana con nuestro equipo multidisciplinario, hablo de nutricionistas, matronas, m\u00e9dicos, enfermeras, asistentes sociales y administrativos, quienes estamos fomentando la lactancia materna como \u00fanico alimento para los beb\u00e9s hasta sus seis meses de vida, por lo que esta semana recibimos a muchas mamitas con sus beb\u00e9s\u00bb, dijo la profesional.<br \/>\nTambi\u00e9n Aros hizo hincapi\u00e9 en que la leche materna es mucho m\u00e1s que un sustento necesario durante los primeros seis meses de vida, pues este alimento cumple un rol fundamental en la nutrici\u00f3n, desarrollo y crecimiento de los beb\u00e9s, como tambi\u00e9n en el fortalecimiento de la relaci\u00f3n entre madre e hijo.<br \/>\n\u00abHicimos varios talleres educativos; les pintamos la guatita a las embarazadas; tambi\u00e9n premiamos a las madres que amamantaron por m\u00e1s de seis meses a sus guaguas, pues sabemos que su leche es el mejor alimento en esta etapa de crecimiento, mejor que la leche artificial en polvo o de caja\u00bb, agreg\u00f3 Estefan\u00eda.<\/p>\n<p><strong>\u00abLO QUE APREND\u00cd\u00bb<\/strong><br \/>\nDiario El Trabajo habl\u00f3 con una de las madres que participaron en estas actividades, en el tercer piso del Segismundo Iturra.<br \/>\n\u00abAprend\u00ed mucho sobre el apego de mi hijo y sobre el calostro, sobre la importancia que debo darle a esta etapa especial de mi guagua, ahora s\u00e9 que mi beb\u00e9 s\u00f3lo tiene el llanto para comunicarse con la vida, s\u00e9 que cuando llora no siempre es que est\u00e9 en peligro, sino que debo aprender a identificar sus necesidades\u00bb, dijo Camila Toro de 18 a\u00f1os, madre de un beb\u00e9 de apenas cuatro meses y medio.<\/p>\n<p><strong>EN CURIM\u00d3N<\/strong><br \/>\nDiario El Trabajo tom\u00f3 registro del cierre de esta especial semana, propiamente en las actividades realizadas en el Cesfam Curim\u00f3n el d\u00eda viernes, en donde la nutricionista Carolina Zelaya y su equipo de trabajo agasajaron a las mamitas embarazadas y en lactancia.<br \/>\n\u00abNuestras mamitas recibieron reflexolog\u00eda en sus pies, masoterapia y todo aquello que les ayude a desestresarse en esta etapa de su maternidad, han acudido al menos unas 50 madres a la actividad\u00bb, dijo Zelaya.<br \/>\n<strong>Roberto Gonz\u00e1lez Short<\/strong><\/p>\n<figure id=\"attachment_72590\" aria-describedby=\"caption-attachment-72590\" style=\"width: 530px\" class=\"wp-caption alignleft\"><a href=\"http:\/\/www.eltrabajo.cl\/portal\/mamitas-sanfelipenas-celebraron-semana-mundial-de-lactancia-materna\/bellas-mamitas-curimon\/\" rel=\"attachment wp-att-72590\"><img data-recalc-dims=\"1\" loading=\"lazy\" decoding=\"async\" class=\"size-full wp-image-72590\" src=\"https:\/\/i0.wp.com\/www.eltrabajo.cl\/portal\/wp-content\/uploads\/2016\/08\/bellas-mamitas-curimon.jpg?resize=530%2C349\" alt=\"BELLAS MAMITAS.- Ellas son las mamitas de Curim\u00f3n, quienes durante toda la semana fueron regaloneadas en el Cesfam de ese sector.\" width=\"530\" height=\"349\" srcset=\"https:\/\/i0.wp.com\/eltrabajo.cl\/portal\/wp-content\/uploads\/2016\/08\/bellas-mamitas-curimon.jpg?w=530&amp;ssl=1 530w, https:\/\/i0.wp.com\/eltrabajo.cl\/portal\/wp-content\/uploads\/2016\/08\/bellas-mamitas-curimon.jpg?resize=200%2C132&amp;ssl=1 200w, https:\/\/i0.wp.com\/eltrabajo.cl\/portal\/wp-content\/uploads\/2016\/08\/bellas-mamitas-curimon.jpg?resize=300%2C198&amp;ssl=1 300w, https:\/\/i0.wp.com\/eltrabajo.cl\/portal\/wp-content\/uploads\/2016\/08\/bellas-mamitas-curimon.jpg?resize=228%2C150&amp;ssl=1 228w, https:\/\/i0.wp.com\/eltrabajo.cl\/portal\/wp-content\/uploads\/2016\/08\/bellas-mamitas-curimon.jpg?resize=400%2C263&amp;ssl=1 400w\" sizes=\"auto, (max-width: 530px) 100vw, 530px\" \/><\/a><figcaption id=\"caption-attachment-72590\" class=\"wp-caption-text\">BELLAS MAMITAS.- Ellas son las mamitas de Curim\u00f3n, quienes durante toda la semana fueron regaloneadas en el Cesfam de ese sector.<\/figcaption><\/figure>\n<figure id=\"attachment_72591\" aria-describedby=\"caption-attachment-72591\" style=\"width: 530px\" class=\"wp-caption alignleft\"><a href=\"http:\/\/www.eltrabajo.cl\/portal\/mamitas-sanfelipenas-celebraron-semana-mundial-de-lactancia-materna\/bien-regaloneadas\/\" rel=\"attachment wp-att-72591\"><img data-recalc-dims=\"1\" loading=\"lazy\" decoding=\"async\" class=\"size-full wp-image-72591\" src=\"https:\/\/i0.wp.com\/www.eltrabajo.cl\/portal\/wp-content\/uploads\/2016\/08\/bien-regaloneadas.jpg?resize=530%2C348\" alt=\"BIEN REGALONEADAS.- Estas monitoras y enfermeras, dibujaban ayer en la guatita de do\u00f1a Maira Alarc\u00f3n, durante las actividades del Segismundo Iturra.\" width=\"530\" height=\"348\" srcset=\"https:\/\/i0.wp.com\/eltrabajo.cl\/portal\/wp-content\/uploads\/2016\/08\/bien-regaloneadas.jpg?w=530&amp;ssl=1 530w, https:\/\/i0.wp.com\/eltrabajo.cl\/portal\/wp-content\/uploads\/2016\/08\/bien-regaloneadas.jpg?resize=200%2C131&amp;ssl=1 200w, https:\/\/i0.wp.com\/eltrabajo.cl\/portal\/wp-content\/uploads\/2016\/08\/bien-regaloneadas.jpg?resize=300%2C197&amp;ssl=1 300w, https:\/\/i0.wp.com\/eltrabajo.cl\/portal\/wp-content\/uploads\/2016\/08\/bien-regaloneadas.jpg?resize=228%2C150&amp;ssl=1 228w, https:\/\/i0.wp.com\/eltrabajo.cl\/portal\/wp-content\/uploads\/2016\/08\/bien-regaloneadas.jpg?resize=400%2C263&amp;ssl=1 400w\" sizes=\"auto, (max-width: 530px) 100vw, 530px\" \/><\/a><figcaption id=\"caption-attachment-72591\" class=\"wp-caption-text\">BIEN REGALONEADAS.- Estas monitoras y enfermeras, dibujaban ayer en la guatita de do\u00f1a Maira Alarc\u00f3n, durante las actividades del Segismundo Iturra.<\/figcaption><\/figure>\n<figure id=\"attachment_72592\" aria-describedby=\"caption-attachment-72592\" style=\"width: 300px\" class=\"wp-caption alignleft\"><a href=\"http:\/\/www.eltrabajo.cl\/portal\/mamitas-sanfelipenas-celebraron-semana-mundial-de-lactancia-materna\/camila-toro\/\" rel=\"attachment wp-att-72592\"><img data-recalc-dims=\"1\" loading=\"lazy\" decoding=\"async\" class=\"size-medium wp-image-72592\" src=\"https:\/\/i0.wp.com\/www.eltrabajo.cl\/portal\/wp-content\/uploads\/2016\/08\/Camila-Toro-300x198.jpg?resize=300%2C198\" alt=\"Camila Toro de 18 a\u00f1os, madre de un beb\u00e9 de apenas cuatro meses y medio.\" width=\"300\" height=\"198\" srcset=\"https:\/\/i0.wp.com\/eltrabajo.cl\/portal\/wp-content\/uploads\/2016\/08\/Camila-Toro.jpg?resize=300%2C198&amp;ssl=1 300w, https:\/\/i0.wp.com\/eltrabajo.cl\/portal\/wp-content\/uploads\/2016\/08\/Camila-Toro.jpg?resize=200%2C132&amp;ssl=1 200w, https:\/\/i0.wp.com\/eltrabajo.cl\/portal\/wp-content\/uploads\/2016\/08\/Camila-Toro.jpg?resize=228%2C150&amp;ssl=1 228w, https:\/\/i0.wp.com\/eltrabajo.cl\/portal\/wp-content\/uploads\/2016\/08\/Camila-Toro.jpg?resize=400%2C263&amp;ssl=1 400w, https:\/\/i0.wp.com\/eltrabajo.cl\/portal\/wp-content\/uploads\/2016\/08\/Camila-Toro.jpg?w=530&amp;ssl=1 530w\" sizes=\"auto, (max-width: 300px) 100vw, 300px\" \/><\/a><figcaption id=\"caption-attachment-72592\" class=\"wp-caption-text\">Camila Toro de 18 a\u00f1os, madre de un beb\u00e9 de apenas cuatro meses y medio.<\/figcaption><\/figure>\n<figure id=\"attachment_72593\" aria-describedby=\"caption-attachment-72593\" style=\"width: 300px\" class=\"wp-caption alignleft\"><a href=\"http:\/\/www.eltrabajo.cl\/portal\/mamitas-sanfelipenas-celebraron-semana-mundial-de-lactancia-materna\/carolina-zelaya\/\" rel=\"attachment wp-att-72593\"><img data-recalc-dims=\"1\" loading=\"lazy\" decoding=\"async\" class=\"size-medium wp-image-72593\" src=\"https:\/\/i0.wp.com\/www.eltrabajo.cl\/portal\/wp-content\/uploads\/2016\/08\/Carolina-Zelaya-300x198.jpg?resize=300%2C198\" alt=\"Nutricionista Carolina Zelaya.\" width=\"300\" height=\"198\" srcset=\"https:\/\/i0.wp.com\/eltrabajo.cl\/portal\/wp-content\/uploads\/2016\/08\/Carolina-Zelaya.jpg?resize=300%2C198&amp;ssl=1 300w, https:\/\/i0.wp.com\/eltrabajo.cl\/portal\/wp-content\/uploads\/2016\/08\/Carolina-Zelaya.jpg?resize=200%2C132&amp;ssl=1 200w, https:\/\/i0.wp.com\/eltrabajo.cl\/portal\/wp-content\/uploads\/2016\/08\/Carolina-Zelaya.jpg?resize=228%2C150&amp;ssl=1 228w, https:\/\/i0.wp.com\/eltrabajo.cl\/portal\/wp-content\/uploads\/2016\/08\/Carolina-Zelaya.jpg?resize=400%2C263&amp;ssl=1 400w, https:\/\/i0.wp.com\/eltrabajo.cl\/portal\/wp-content\/uploads\/2016\/08\/Carolina-Zelaya.jpg?w=530&amp;ssl=1 530w\" sizes=\"auto, (max-width: 300px) 100vw, 300px\" \/><\/a><figcaption id=\"caption-attachment-72593\" class=\"wp-caption-text\">Nutricionista Carolina Zelaya.<\/figcaption><\/figure>\n<figure id=\"attachment_72594\" aria-describedby=\"caption-attachment-72594\" style=\"width: 530px\" class=\"wp-caption alignleft\"><a href=\"http:\/\/www.eltrabajo.cl\/portal\/mamitas-sanfelipenas-celebraron-semana-mundial-de-lactancia-materna\/dulce-semana\/\" rel=\"attachment wp-att-72594\"><img data-recalc-dims=\"1\" loading=\"lazy\" decoding=\"async\" class=\"size-full wp-image-72594\" src=\"https:\/\/i0.wp.com\/www.eltrabajo.cl\/portal\/wp-content\/uploads\/2016\/08\/dulce-semana.jpg?resize=530%2C349\" alt=\"DULCE SEMANA.- En Curim\u00f3n, las mamitas tambi\u00e9n disfrutaron de excelentes y nutritivos flanes, as\u00ed fue el cierre de la actividad.\" width=\"530\" height=\"349\" srcset=\"https:\/\/i0.wp.com\/eltrabajo.cl\/portal\/wp-content\/uploads\/2016\/08\/dulce-semana.jpg?w=530&amp;ssl=1 530w, https:\/\/i0.wp.com\/eltrabajo.cl\/portal\/wp-content\/uploads\/2016\/08\/dulce-semana.jpg?resize=200%2C132&amp;ssl=1 200w, https:\/\/i0.wp.com\/eltrabajo.cl\/portal\/wp-content\/uploads\/2016\/08\/dulce-semana.jpg?resize=300%2C198&amp;ssl=1 300w, https:\/\/i0.wp.com\/eltrabajo.cl\/portal\/wp-content\/uploads\/2016\/08\/dulce-semana.jpg?resize=228%2C150&amp;ssl=1 228w, https:\/\/i0.wp.com\/eltrabajo.cl\/portal\/wp-content\/uploads\/2016\/08\/dulce-semana.jpg?resize=400%2C263&amp;ssl=1 400w\" sizes=\"auto, (max-width: 530px) 100vw, 530px\" \/><\/a><figcaption id=\"caption-attachment-72594\" class=\"wp-caption-text\">DULCE SEMANA.- En Curim\u00f3n, las mamitas tambi\u00e9n disfrutaron de excelentes y nutritivos flanes, as\u00ed fue el cierre de la actividad.<\/figcaption><\/figure>\n<figure id=\"attachment_72595\" aria-describedby=\"caption-attachment-72595\" style=\"width: 300px\" class=\"wp-caption alignleft\"><a href=\"http:\/\/www.eltrabajo.cl\/portal\/mamitas-sanfelipenas-celebraron-semana-mundial-de-lactancia-materna\/estefania-aros\/\" rel=\"attachment wp-att-72595\"><img data-recalc-dims=\"1\" loading=\"lazy\" decoding=\"async\" class=\"size-medium wp-image-72595\" src=\"https:\/\/i0.wp.com\/www.eltrabajo.cl\/portal\/wp-content\/uploads\/2016\/08\/Estefania-Aros-300x198.jpg?resize=300%2C198\" alt=\"Estefan\u00eda Aros, nutricionista y coordinadora Comit\u00e9 Lactancia Materna Cesfam Segismundo Iturra.\" width=\"300\" height=\"198\" srcset=\"https:\/\/i0.wp.com\/eltrabajo.cl\/portal\/wp-content\/uploads\/2016\/08\/Estefania-Aros.jpg?resize=300%2C198&amp;ssl=1 300w, https:\/\/i0.wp.com\/eltrabajo.cl\/portal\/wp-content\/uploads\/2016\/08\/Estefania-Aros.jpg?resize=200%2C132&amp;ssl=1 200w, https:\/\/i0.wp.com\/eltrabajo.cl\/portal\/wp-content\/uploads\/2016\/08\/Estefania-Aros.jpg?resize=228%2C150&amp;ssl=1 228w, https:\/\/i0.wp.com\/eltrabajo.cl\/portal\/wp-content\/uploads\/2016\/08\/Estefania-Aros.jpg?resize=400%2C263&amp;ssl=1 400w, https:\/\/i0.wp.com\/eltrabajo.cl\/portal\/wp-content\/uploads\/2016\/08\/Estefania-Aros.jpg?w=530&amp;ssl=1 530w\" sizes=\"auto, (max-width: 300px) 100vw, 300px\" \/><\/a><figcaption id=\"caption-attachment-72595\" class=\"wp-caption-text\">Estefan\u00eda Aros, nutricionista y coordinadora Comit\u00e9 Lactancia Materna Cesfam Segismundo Iturra.<\/figcaption><\/figure>\n<figure id=\"attachment_72596\" aria-describedby=\"caption-attachment-72596\" style=\"width: 530px\" class=\"wp-caption alignleft\"><a href=\"http:\/\/www.eltrabajo.cl\/portal\/mamitas-sanfelipenas-celebraron-semana-mundial-de-lactancia-materna\/karen-muzat\/\" rel=\"attachment wp-att-72596\"><img data-recalc-dims=\"1\" loading=\"lazy\" decoding=\"async\" class=\"size-full wp-image-72596\" src=\"https:\/\/i0.wp.com\/www.eltrabajo.cl\/portal\/wp-content\/uploads\/2016\/08\/Karen-Muzat.jpg?resize=530%2C349\" alt=\"DANDO PAPITA.- As\u00ed como lo muestran las c\u00e1maras de Diario El Trabajo, Karen Muzat daba ayer de amamantar a su hijo Jos\u00e9 Lobos.\" width=\"530\" height=\"349\" srcset=\"https:\/\/i0.wp.com\/eltrabajo.cl\/portal\/wp-content\/uploads\/2016\/08\/Karen-Muzat.jpg?w=530&amp;ssl=1 530w, https:\/\/i0.wp.com\/eltrabajo.cl\/portal\/wp-content\/uploads\/2016\/08\/Karen-Muzat.jpg?resize=200%2C132&amp;ssl=1 200w, https:\/\/i0.wp.com\/eltrabajo.cl\/portal\/wp-content\/uploads\/2016\/08\/Karen-Muzat.jpg?resize=300%2C198&amp;ssl=1 300w, https:\/\/i0.wp.com\/eltrabajo.cl\/portal\/wp-content\/uploads\/2016\/08\/Karen-Muzat.jpg?resize=228%2C150&amp;ssl=1 228w, https:\/\/i0.wp.com\/eltrabajo.cl\/portal\/wp-content\/uploads\/2016\/08\/Karen-Muzat.jpg?resize=400%2C263&amp;ssl=1 400w\" sizes=\"auto, (max-width: 530px) 100vw, 530px\" \/><\/a><figcaption id=\"caption-attachment-72596\" class=\"wp-caption-text\">DANDO PAPITA.- As\u00ed como lo muestran las c\u00e1maras de Diario El Trabajo, Karen Muzat daba ayer de amamantar a su hijo Jos\u00e9 Lobos.<\/figcaption><\/figure>\n<figure id=\"attachment_72597\" aria-describedby=\"caption-attachment-72597\" style=\"width: 530px\" class=\"wp-caption alignleft\"><a href=\"http:\/\/www.eltrabajo.cl\/portal\/mamitas-sanfelipenas-celebraron-semana-mundial-de-lactancia-materna\/mamitas-embarazadas\/\" rel=\"attachment wp-att-72597\"><img data-recalc-dims=\"1\" loading=\"lazy\" decoding=\"async\" class=\"size-full wp-image-72597\" src=\"https:\/\/i0.wp.com\/www.eltrabajo.cl\/portal\/wp-content\/uploads\/2016\/08\/Mamitas-embarazadas.jpg?resize=530%2C348\" alt=\"EMBARAZADAS.- Aqu\u00ed tenemos a mamitas sanfelipe\u00f1as, quienes recibieron miles de atenciones en esta semana especial para ellas y sus beb\u00e9s en camino.\" width=\"530\" height=\"348\" srcset=\"https:\/\/i0.wp.com\/eltrabajo.cl\/portal\/wp-content\/uploads\/2016\/08\/Mamitas-embarazadas.jpg?w=530&amp;ssl=1 530w, https:\/\/i0.wp.com\/eltrabajo.cl\/portal\/wp-content\/uploads\/2016\/08\/Mamitas-embarazadas.jpg?resize=200%2C131&amp;ssl=1 200w, https:\/\/i0.wp.com\/eltrabajo.cl\/portal\/wp-content\/uploads\/2016\/08\/Mamitas-embarazadas.jpg?resize=300%2C197&amp;ssl=1 300w, https:\/\/i0.wp.com\/eltrabajo.cl\/portal\/wp-content\/uploads\/2016\/08\/Mamitas-embarazadas.jpg?resize=228%2C150&amp;ssl=1 228w, https:\/\/i0.wp.com\/eltrabajo.cl\/portal\/wp-content\/uploads\/2016\/08\/Mamitas-embarazadas.jpg?resize=400%2C263&amp;ssl=1 400w\" sizes=\"auto, (max-width: 530px) 100vw, 530px\" \/><\/a><figcaption id=\"caption-attachment-72597\" class=\"wp-caption-text\">EMBARAZADAS.- Aqu\u00ed tenemos a mamitas sanfelipe\u00f1as, quienes recibieron miles de atenciones en esta semana especial para ellas y sus beb\u00e9s en camino.<\/figcaption><\/figure>\n","protected":false},"excerpt":{"rendered":"<p>Cesfam de la comuna cierran hoy con actividades especiales: Desde este lunes comenz\u00f3 la Semana Mundial de la Lactancia Materna, por lo que este jueves y hasta el viernes, se estuvieron celebrando&#8230;<\/p>\n","protected":false},"author":1,"featured_media":72597,"comment_status":"open","ping_status":"open","sticky":false,"template":"","format":"standard","meta":{"advanced_seo_description":"","jetpack_seo_html_title":"","jetpack_seo_noindex":false,"_jetpack_memberships_contains_paid_content":false,"footnotes":""},"categories":[1],"tags":[],"class_list":["post-72589","post","type-post","status-publish","format-standard","has-post-thumbnail","hentry","category-cronica"],"jetpack_featured_media_url":"https:\/\/i0.wp.com\/eltrabajo.cl\/portal\/wp-content\/uploads\/2016\/08\/Mamitas-embarazadas.jpg?fit=530%2C348&ssl=1","jetpack_sharing_enabled":true,"jetpack_likes_enabled":true,"jetpack-related-posts":[],"_links":{"self":[{"href":"https:\/\/eltrabajo.cl\/portal\/wp-json\/wp\/v2\/posts\/72589","targetHints":{"allow":["GET"]}}],"collection":[{"href":"https:\/\/eltrabajo.cl\/portal\/wp-json\/wp\/v2\/posts"}],"about":[{"href":"https:\/\/eltrabajo.cl\/portal\/wp-json\/wp\/v2\/types\/post"}],"author":[{"embeddable":true,"href":"https:\/\/eltrabajo.cl\/portal\/wp-json\/wp\/v2\/users\/1"}],"replies":[{"embeddable":true,"href":"https:\/\/eltrabajo.cl\/portal\/wp-json\/wp\/v2\/comments?post=72589"}],"version-history":[{"count":0,"href":"https:\/\/eltrabajo.cl\/portal\/wp-json\/wp\/v2\/posts\/72589\/revisions"}],"wp:featuredmedia":[{"embeddable":true,"href":"https:\/\/eltrabajo.cl\/portal\/wp-json\/wp\/v2\/media\/72597"}],"wp:attachment":[{"href":"https:\/\/eltrabajo.cl\/portal\/wp-json\/wp\/v2\/media?parent=72589"}],"wp:term":[{"taxonomy":"category","embeddable":true,"href":"https:\/\/eltrabajo.cl\/portal\/wp-json\/wp\/v2\/categories?post=72589"},{"taxonomy":"post_tag","embeddable":true,"href":"https:\/\/eltrabajo.cl\/portal\/wp-json\/wp\/v2\/tags?post=72589"}],"curies":[{"name":"wp","href":"https:\/\/api.w.org\/{rel}","templated":true}]}}