{"id":72604,"date":"2016-08-08T08:57:07","date_gmt":"2016-08-08T12:57:07","guid":{"rendered":"http:\/\/www.eltrabajo.cl\/portal\/?p=72604"},"modified":"2016-08-08T08:57:07","modified_gmt":"2016-08-08T12:57:07","slug":"detienen-a-joven-por-cultivo-indoor-de-marihuana-en-su-departamento","status":"publish","type":"post","link":"https:\/\/eltrabajo.cl\/portal\/detienen-a-joven-por-cultivo-indoor-de-marihuana-en-su-departamento\/","title":{"rendered":"Detienen a joven por &#8216;Cultivo Indoor&#8217; de marihuana en su departamento"},"content":{"rendered":"<ul>\n<li><strong>Fue condenado a 541 d\u00edas de presidio con pena remitida al aceptar responsabilidad en los hechos.<\/strong><\/li>\n<\/ul>\n<p><strong>LOS ANDES.-<\/strong> Una diligencia efectuada en el marco de la recuperaci\u00f3n de especies robadas permiti\u00f3 a detectives de la Brigada de Robos de la PDI descubrir una plantaci\u00f3n Indoor de marihuana al interior de un departamento de la Villa Alto Aconcagua.<br \/>\nLa diligencia se desarroll\u00f3 la ma\u00f1ana del viernes pasado, cuando detectives de esa unidad llegaron hasta un departamento ubicado en el pasaje Creso Torres, donde manten\u00edan antecedentes que se guardaban especies robadas.<br \/>\nLos polic\u00edas se entrevistaron con el due\u00f1o del inmueble y al revisar el interior hallaron en una de las habitaciones, un cultivo Indoor de marihuana con 28 plantas de cannabis sativa de entre 12 y 45 cent\u00edmetros en sus respectivas macetas.<br \/>\nLas plantas estaban al interior de una carpa y contaban con reflectores de luz, generadores, extractor de aire y tambi\u00e9n un hidr\u00f3metro, lo que daban cuenta de la meticulosidad que hab\u00eda empleado su propietario para cultivarlas.<br \/>\nSi bien en el departamento no se encontraron especies robadas, su propietario identificado como V.M.M.A., de 28 a\u00f1os, fue detenido y puesto a disposici\u00f3n del Tribunal de Garant\u00eda de Los Andes.<br \/>\nTras ser formalizado por cultivo ilegal de marihuana, el joven acept\u00f3 su responsabilidad en los hechos en la misma audiencia, por lo que se realiz\u00f3 un juicio abreviado siendo condenado a 541 d\u00edas de presidio y el pago de una multa de 5 UTM.<br \/>\nPor carecer de antecedentes penales anteriores se hizo acreedor al beneficio de la remisi\u00f3n condicional de la pena.<\/p>\n<figure id=\"attachment_72605\" aria-describedby=\"caption-attachment-72605\" style=\"width: 530px\" class=\"wp-caption alignleft\"><a href=\"http:\/\/www.eltrabajo.cl\/portal\/detienen-a-joven-por-cultivo-indoor-de-marihuana-en-su-departamento\/marihuana_indoor\/\" rel=\"attachment wp-att-72605\"><img data-recalc-dims=\"1\" loading=\"lazy\" decoding=\"async\" class=\"size-full wp-image-72605\" src=\"https:\/\/i0.wp.com\/www.eltrabajo.cl\/portal\/wp-content\/uploads\/2016\/08\/marihuana_indoor.jpg?resize=530%2C349\" alt=\"Buscando recuperar especies robadas se logr\u00f3 dar con un Cultivo  Indoor de 28 plantas de cannabis sativa de entre 12 y 45 cent\u00edmetros en sus respectivas macetas.\" width=\"530\" height=\"349\" srcset=\"https:\/\/i0.wp.com\/eltrabajo.cl\/portal\/wp-content\/uploads\/2016\/08\/marihuana_indoor.jpg?w=530&amp;ssl=1 530w, https:\/\/i0.wp.com\/eltrabajo.cl\/portal\/wp-content\/uploads\/2016\/08\/marihuana_indoor.jpg?resize=200%2C132&amp;ssl=1 200w, https:\/\/i0.wp.com\/eltrabajo.cl\/portal\/wp-content\/uploads\/2016\/08\/marihuana_indoor.jpg?resize=300%2C198&amp;ssl=1 300w, https:\/\/i0.wp.com\/eltrabajo.cl\/portal\/wp-content\/uploads\/2016\/08\/marihuana_indoor.jpg?resize=228%2C150&amp;ssl=1 228w, https:\/\/i0.wp.com\/eltrabajo.cl\/portal\/wp-content\/uploads\/2016\/08\/marihuana_indoor.jpg?resize=400%2C263&amp;ssl=1 400w\" sizes=\"auto, (max-width: 530px) 100vw, 530px\" \/><\/a><figcaption id=\"caption-attachment-72605\" class=\"wp-caption-text\">Buscando recuperar especies robadas se logr\u00f3 dar con un Cultivo Indoor de 28 plantas de cannabis sativa de entre 12 y 45 cent\u00edmetros en sus respectivas macetas.<\/figcaption><\/figure>\n","protected":false},"excerpt":{"rendered":"<p>Fue condenado a 541 d\u00edas de presidio con pena remitida al aceptar responsabilidad en los hechos. LOS ANDES.- Una diligencia efectuada en el marco de la recuperaci\u00f3n de especies robadas permiti\u00f3 a&#8230;<\/p>\n","protected":false},"author":1,"featured_media":72605,"comment_status":"open","ping_status":"open","sticky":false,"template":"","format":"standard","meta":{"advanced_seo_description":"","jetpack_seo_html_title":"","jetpack_seo_noindex":false,"_jetpack_memberships_contains_paid_content":false,"footnotes":""},"categories":[21],"tags":[],"class_list":["post-72604","post","type-post","status-publish","format-standard","has-post-thumbnail","hentry","category-policial"],"jetpack_featured_media_url":"https:\/\/i0.wp.com\/eltrabajo.cl\/portal\/wp-content\/uploads\/2016\/08\/marihuana_indoor.jpg?fit=530%2C349&ssl=1","jetpack_sharing_enabled":true,"jetpack_likes_enabled":true,"jetpack-related-posts":[],"_links":{"self":[{"href":"https:\/\/eltrabajo.cl\/portal\/wp-json\/wp\/v2\/posts\/72604","targetHints":{"allow":["GET"]}}],"collection":[{"href":"https:\/\/eltrabajo.cl\/portal\/wp-json\/wp\/v2\/posts"}],"about":[{"href":"https:\/\/eltrabajo.cl\/portal\/wp-json\/wp\/v2\/types\/post"}],"author":[{"embeddable":true,"href":"https:\/\/eltrabajo.cl\/portal\/wp-json\/wp\/v2\/users\/1"}],"replies":[{"embeddable":true,"href":"https:\/\/eltrabajo.cl\/portal\/wp-json\/wp\/v2\/comments?post=72604"}],"version-history":[{"count":0,"href":"https:\/\/eltrabajo.cl\/portal\/wp-json\/wp\/v2\/posts\/72604\/revisions"}],"wp:featuredmedia":[{"embeddable":true,"href":"https:\/\/eltrabajo.cl\/portal\/wp-json\/wp\/v2\/media\/72605"}],"wp:attachment":[{"href":"https:\/\/eltrabajo.cl\/portal\/wp-json\/wp\/v2\/media?parent=72604"}],"wp:term":[{"taxonomy":"category","embeddable":true,"href":"https:\/\/eltrabajo.cl\/portal\/wp-json\/wp\/v2\/categories?post=72604"},{"taxonomy":"post_tag","embeddable":true,"href":"https:\/\/eltrabajo.cl\/portal\/wp-json\/wp\/v2\/tags?post=72604"}],"curies":[{"name":"wp","href":"https:\/\/api.w.org\/{rel}","templated":true}]}}