{"id":72608,"date":"2016-08-08T08:58:22","date_gmt":"2016-08-08T12:58:22","guid":{"rendered":"http:\/\/www.eltrabajo.cl\/portal\/?p=72608"},"modified":"2016-08-08T08:58:22","modified_gmt":"2016-08-08T12:58:22","slug":"el-viernes-12-de-agosto-competira-natalia-duco-en-los-juegos-de-rio","status":"publish","type":"post","link":"https:\/\/eltrabajo.cl\/portal\/el-viernes-12-de-agosto-competira-natalia-duco-en-los-juegos-de-rio\/","title":{"rendered":"El viernes 12 de agosto competir\u00e1 Natalia Duc\u00f3 en los Juegos de R\u00edo"},"content":{"rendered":"<p>La sanfelipe\u00f1a Natalia Duc\u00f3, una de las principales cartas, no solo del atletismo, si no que de toda la delegaci\u00f3n chilena en los Juegos Ol\u00edmpicos, tiene agendada su participaci\u00f3n en la cita de los cinco anillos para este viernes 12 de agosto, d\u00eda en el cual la balista aconcag\u00fcina en el estadio Ol\u00edmpico Engenhao, buscar\u00e1 otra final y superar los 18.80 metros que la posicionaron en el noveno lugar en las pasadas olimpiadas de Londres.<br \/>\nLa actuaci\u00f3n de la carta nacional, se producir\u00e1 a las 9 de la ma\u00f1ana con las series de clasificaci\u00f3n y si sale todo dentro de lo presupuestado, lo que significa pasar las series clasificatorias, a las 21 horas nuevamente ver\u00e1 acci\u00f3n cuando comience la serie final de la espacialidad.<br \/>\nLa balista, fue una de las pocas deportistas chilenas que consigui\u00f3 su clasificaci\u00f3n a la fiesta de los cinco anillos en Rio de Janeiro con mucha anticipaci\u00f3n, ya que lo hizo hace doce meses atr\u00e1s en los Juegos Panamericanos de Toronto, donde hizo un lanzamiento de 18.01 metros que tambi\u00e9n le valieron una presea de bronce.<br \/>\nEsta ser\u00e1 la tercera participaci\u00f3n consecutiva de la excampeona del mundo a nivel juvenil en unas olimpiadas, el 2008 lo hizo en Beij\u00edn (17.40 metros) y Londres.<\/p>\n<figure id=\"attachment_72609\" aria-describedby=\"caption-attachment-72609\" style=\"width: 530px\" class=\"wp-caption alignleft\"><a href=\"http:\/\/www.eltrabajo.cl\/portal\/el-viernes-12-de-agosto-competira-natalia-duco-en-los-juegos-de-rio\/natalia-duco-16\/\" rel=\"attachment wp-att-72609\"><img data-recalc-dims=\"1\" loading=\"lazy\" decoding=\"async\" class=\"size-full wp-image-72609\" src=\"https:\/\/i0.wp.com\/www.eltrabajo.cl\/portal\/wp-content\/uploads\/2016\/08\/natalia-duco.jpg?resize=530%2C350\" alt=\"Natalia Duc\u00f3 es una de las principales figuras de Chile en los Juegos Ol\u00edmpicos. \" width=\"530\" height=\"350\" srcset=\"https:\/\/i0.wp.com\/eltrabajo.cl\/portal\/wp-content\/uploads\/2016\/08\/natalia-duco.jpg?w=530&amp;ssl=1 530w, https:\/\/i0.wp.com\/eltrabajo.cl\/portal\/wp-content\/uploads\/2016\/08\/natalia-duco.jpg?resize=200%2C132&amp;ssl=1 200w, https:\/\/i0.wp.com\/eltrabajo.cl\/portal\/wp-content\/uploads\/2016\/08\/natalia-duco.jpg?resize=300%2C198&amp;ssl=1 300w, https:\/\/i0.wp.com\/eltrabajo.cl\/portal\/wp-content\/uploads\/2016\/08\/natalia-duco.jpg?resize=227%2C150&amp;ssl=1 227w, https:\/\/i0.wp.com\/eltrabajo.cl\/portal\/wp-content\/uploads\/2016\/08\/natalia-duco.jpg?resize=400%2C264&amp;ssl=1 400w\" sizes=\"auto, (max-width: 530px) 100vw, 530px\" \/><\/a><figcaption id=\"caption-attachment-72609\" class=\"wp-caption-text\">Natalia Duc\u00f3 es una de las principales figuras de Chile en los Juegos Ol\u00edmpicos.<\/figcaption><\/figure>\n","protected":false},"excerpt":{"rendered":"<p>La sanfelipe\u00f1a Natalia Duc\u00f3, una de las principales cartas, no solo del atletismo, si no que de toda la delegaci\u00f3n chilena en los Juegos Ol\u00edmpicos, tiene agendada su participaci\u00f3n en la cita&#8230;<\/p>\n","protected":false},"author":1,"featured_media":72609,"comment_status":"open","ping_status":"open","sticky":false,"template":"","format":"standard","meta":{"advanced_seo_description":"","jetpack_seo_html_title":"","jetpack_seo_noindex":false,"_jetpack_memberships_contains_paid_content":false,"footnotes":""},"categories":[19],"tags":[],"class_list":["post-72608","post","type-post","status-publish","format-standard","has-post-thumbnail","hentry","category-deportes"],"jetpack_featured_media_url":"https:\/\/i0.wp.com\/eltrabajo.cl\/portal\/wp-content\/uploads\/2016\/08\/natalia-duco.jpg?fit=530%2C350&ssl=1","jetpack_sharing_enabled":true,"jetpack_likes_enabled":true,"jetpack-related-posts":[],"_links":{"self":[{"href":"https:\/\/eltrabajo.cl\/portal\/wp-json\/wp\/v2\/posts\/72608","targetHints":{"allow":["GET"]}}],"collection":[{"href":"https:\/\/eltrabajo.cl\/portal\/wp-json\/wp\/v2\/posts"}],"about":[{"href":"https:\/\/eltrabajo.cl\/portal\/wp-json\/wp\/v2\/types\/post"}],"author":[{"embeddable":true,"href":"https:\/\/eltrabajo.cl\/portal\/wp-json\/wp\/v2\/users\/1"}],"replies":[{"embeddable":true,"href":"https:\/\/eltrabajo.cl\/portal\/wp-json\/wp\/v2\/comments?post=72608"}],"version-history":[{"count":0,"href":"https:\/\/eltrabajo.cl\/portal\/wp-json\/wp\/v2\/posts\/72608\/revisions"}],"wp:featuredmedia":[{"embeddable":true,"href":"https:\/\/eltrabajo.cl\/portal\/wp-json\/wp\/v2\/media\/72609"}],"wp:attachment":[{"href":"https:\/\/eltrabajo.cl\/portal\/wp-json\/wp\/v2\/media?parent=72608"}],"wp:term":[{"taxonomy":"category","embeddable":true,"href":"https:\/\/eltrabajo.cl\/portal\/wp-json\/wp\/v2\/categories?post=72608"},{"taxonomy":"post_tag","embeddable":true,"href":"https:\/\/eltrabajo.cl\/portal\/wp-json\/wp\/v2\/tags?post=72608"}],"curies":[{"name":"wp","href":"https:\/\/api.w.org\/{rel}","templated":true}]}}