{"id":72617,"date":"2016-08-08T09:02:41","date_gmt":"2016-08-08T13:02:41","guid":{"rendered":"http:\/\/www.eltrabajo.cl\/portal\/?p=72617"},"modified":"2016-08-08T09:02:41","modified_gmt":"2016-08-08T13:02:41","slug":"chicas-del-san-felipe-voley-u15-ganan-3a-fecha-de-campeonato-liname","status":"publish","type":"post","link":"https:\/\/eltrabajo.cl\/portal\/chicas-del-san-felipe-voley-u15-ganan-3a-fecha-de-campeonato-liname\/","title":{"rendered":"Chicas del San Felipe Voley U15 ganan 3\u00aa fecha de campeonato Liname"},"content":{"rendered":"<ul>\n<li><strong>Campeonato se jug\u00f3 en Curacaut\u00edn, 9\u00aa Regi\u00f3n:<\/strong><\/li>\n<\/ul>\n<p>El pasado fin de semana la categor\u00eda U15 del Club San Felipe Voley de nuestro valle, disput\u00f3 en la ciudad de Curacaut\u00edn, Novena Regi\u00f3n, la tercera fecha de Liname (Liga Nacional de Menores) de la categor\u00eda. Mostrando su mejor nivel y juego en equipo, las chicas sanfelipe\u00f1as lograron quedarse con el primer lugar de la fecha y coronarse l\u00edderes de la misma.<br \/>\n\u00abFue una fecha complicada, de alto nivel t\u00e9cnico y t\u00e1ctico de v\u00f3leibol. Estamos en una etapa en donde el equipo que menos equivocaciones comete ser\u00e1 el ganador\u00bb, coment\u00f3 a Diario El Trabajo el entrenador Ernesto S\u00e1nchez.<br \/>\nPor su parte Ariel Gonz\u00e1lez, tambi\u00e9n del equipo t\u00e9cnico, coment\u00f3 a nuestro medio que \u00abtercera fecha no apta para cardiacos. Sufrimos, luchamos y lloramos, pero todo ese esfuerzo de horas de entrenamiento tuvo su fruto y nos pudimos quedar con el tan anhelado primer lugar. Aprovecho de dar las gracias a los apoderados, por todo el esfuerzo y su apoyo incondicional y a la familia, por apoyar a la distancia y siempre confiar en nuestro trabajo. Esto es fruto de todos\u00bb.<br \/>\nLa jugadora del club, Gabriela Pozo, emocionada dijo que \u00abtuvimos mucha cabeza en esta fecha, pusimos mucho coraz\u00f3n y supimos mantener la calma en momentos que era muy necesario. Estamos contentas por este primer lugar, pero sabemos que debemos seguir entrenando para lograr el objetivo mayor y salir campeonas nacional de la liga\u00bb.<\/p>\n<p><strong>LOS PLAY OFF<\/strong><br \/>\nCon este primer lugar el Club San Felipe Voley reafirma y asegura su participaci\u00f3n en los Play Off del Grupo B de la Liga Nacional de Menores, clasific\u00e1ndose segundo a esta instancia final junto a Curacaut\u00edn, Linares y Club Deportivo Alem\u00e1n, de Concepci\u00f3n.<br \/>\n\u00abLos Play Off se jugar\u00e1n en una ciudad por determinar, esperamos sea en casa, para poder contar con el apoyo de los nuestros y as\u00ed dejar en lo m\u00e1s alto el nombre de San Felipe\u00bb, agreg\u00f3 Ariel Gonz\u00e1lez. Esta instancia final se llevar\u00e1 a cabo los d\u00edas 3 y 4 de septiembre. En Diario El Trabajo deseamos al Club San Felipe Voley; a sus jugadoras, cuerpo t\u00e9cnico y apoderados, el mejor de los \u00e9xitos.<br \/>\n<strong>Roberto Gonz\u00e1lez Short<\/strong><\/p>\n<figure id=\"attachment_72618\" aria-describedby=\"caption-attachment-72618\" style=\"width: 530px\" class=\"wp-caption alignleft\"><a href=\"http:\/\/www.eltrabajo.cl\/portal\/chicas-del-san-felipe-voley-u15-ganan-3a-fecha-de-campeonato-liname\/campeonas-u15-san-feliupe-voley\/\" rel=\"attachment wp-att-72618\"><img data-recalc-dims=\"1\" loading=\"lazy\" decoding=\"async\" class=\"size-full wp-image-72618\" src=\"https:\/\/i0.wp.com\/www.eltrabajo.cl\/portal\/wp-content\/uploads\/2016\/08\/Campeonas-U15-San-Feliupe-Voley.jpg?resize=530%2C349\" alt=\"NUESTRAS CAMPEONAS.- Aqu\u00ed tenemos a nuestras campeonas, ellas son las chicas U15 del Club San Felipe Voley de nuestro valle.\" width=\"530\" height=\"349\" srcset=\"https:\/\/i0.wp.com\/eltrabajo.cl\/portal\/wp-content\/uploads\/2016\/08\/Campeonas-U15-San-Feliupe-Voley.jpg?w=530&amp;ssl=1 530w, https:\/\/i0.wp.com\/eltrabajo.cl\/portal\/wp-content\/uploads\/2016\/08\/Campeonas-U15-San-Feliupe-Voley.jpg?resize=200%2C132&amp;ssl=1 200w, https:\/\/i0.wp.com\/eltrabajo.cl\/portal\/wp-content\/uploads\/2016\/08\/Campeonas-U15-San-Feliupe-Voley.jpg?resize=300%2C198&amp;ssl=1 300w, https:\/\/i0.wp.com\/eltrabajo.cl\/portal\/wp-content\/uploads\/2016\/08\/Campeonas-U15-San-Feliupe-Voley.jpg?resize=228%2C150&amp;ssl=1 228w, https:\/\/i0.wp.com\/eltrabajo.cl\/portal\/wp-content\/uploads\/2016\/08\/Campeonas-U15-San-Feliupe-Voley.jpg?resize=400%2C263&amp;ssl=1 400w\" sizes=\"auto, (max-width: 530px) 100vw, 530px\" \/><\/a><figcaption id=\"caption-attachment-72618\" class=\"wp-caption-text\">NUESTRAS CAMPEONAS.- Aqu\u00ed tenemos a nuestras campeonas, ellas son las chicas U15 del Club San Felipe Voley de nuestro valle.<\/figcaption><\/figure>\n","protected":false},"excerpt":{"rendered":"<p>Campeonato se jug\u00f3 en Curacaut\u00edn, 9\u00aa Regi\u00f3n: El pasado fin de semana la categor\u00eda U15 del Club San Felipe Voley de nuestro valle, disput\u00f3 en la ciudad de Curacaut\u00edn, Novena Regi\u00f3n, la&#8230;<\/p>\n","protected":false},"author":1,"featured_media":72618,"comment_status":"open","ping_status":"open","sticky":false,"template":"","format":"standard","meta":{"advanced_seo_description":"","jetpack_seo_html_title":"","jetpack_seo_noindex":false,"_jetpack_memberships_contains_paid_content":false,"footnotes":""},"categories":[19],"tags":[],"class_list":["post-72617","post","type-post","status-publish","format-standard","has-post-thumbnail","hentry","category-deportes"],"jetpack_featured_media_url":"https:\/\/i0.wp.com\/eltrabajo.cl\/portal\/wp-content\/uploads\/2016\/08\/Campeonas-U15-San-Feliupe-Voley.jpg?fit=530%2C349&ssl=1","jetpack_sharing_enabled":true,"jetpack_likes_enabled":true,"jetpack-related-posts":[],"_links":{"self":[{"href":"https:\/\/eltrabajo.cl\/portal\/wp-json\/wp\/v2\/posts\/72617","targetHints":{"allow":["GET"]}}],"collection":[{"href":"https:\/\/eltrabajo.cl\/portal\/wp-json\/wp\/v2\/posts"}],"about":[{"href":"https:\/\/eltrabajo.cl\/portal\/wp-json\/wp\/v2\/types\/post"}],"author":[{"embeddable":true,"href":"https:\/\/eltrabajo.cl\/portal\/wp-json\/wp\/v2\/users\/1"}],"replies":[{"embeddable":true,"href":"https:\/\/eltrabajo.cl\/portal\/wp-json\/wp\/v2\/comments?post=72617"}],"version-history":[{"count":0,"href":"https:\/\/eltrabajo.cl\/portal\/wp-json\/wp\/v2\/posts\/72617\/revisions"}],"wp:featuredmedia":[{"embeddable":true,"href":"https:\/\/eltrabajo.cl\/portal\/wp-json\/wp\/v2\/media\/72618"}],"wp:attachment":[{"href":"https:\/\/eltrabajo.cl\/portal\/wp-json\/wp\/v2\/media?parent=72617"}],"wp:term":[{"taxonomy":"category","embeddable":true,"href":"https:\/\/eltrabajo.cl\/portal\/wp-json\/wp\/v2\/categories?post=72617"},{"taxonomy":"post_tag","embeddable":true,"href":"https:\/\/eltrabajo.cl\/portal\/wp-json\/wp\/v2\/tags?post=72617"}],"curies":[{"name":"wp","href":"https:\/\/api.w.org\/{rel}","templated":true}]}}