{"id":72621,"date":"2016-08-08T09:04:36","date_gmt":"2016-08-08T13:04:36","guid":{"rendered":"http:\/\/www.eltrabajo.cl\/portal\/?p=72621"},"modified":"2016-08-08T09:04:36","modified_gmt":"2016-08-08T13:04:36","slug":"roban-computadores-y-tv-a-voluntarios-de-bomberos-en-21-de-mayo","status":"publish","type":"post","link":"https:\/\/eltrabajo.cl\/portal\/roban-computadores-y-tv-a-voluntarios-de-bomberos-en-21-de-mayo\/","title":{"rendered":"Roban computadores y TV a voluntarios de Bomberos en 21 de Mayo"},"content":{"rendered":"<ul>\n<li><strong><span style=\"color: #ff0000;\">Delincuentes irrumpieron por una ventana de la 7\u00aa Compa\u00f1\u00eda:<\/span>\u00a0Carabineros inici\u00f3 las primeras diligencias del caso, sin individualizar a los antisociales que perpetraron el robo durante la madrugada de ayer domingo.<\/strong><\/li>\n<\/ul>\n<p>Delincuentes desconocidos irrumpieron en la 7\u00aa Compa\u00f1\u00eda de Bomberos, ubicada en el sector 21 de Mayo de San Felipe, para apoderarse de dos computadores y un televisor led de 40 pulgadas avaluados en un mill\u00f3n de pesos.<br \/>\nEl superintendente de Bomberos, Julio Hardoy, junto con repudiar este hecho delictual, confirm\u00f3 que los sujetos a\u00fan no individualizados, destruyeron una ventana del cuartel para robar las especies que eran utilizadas por los mismos voluntarios y que conten\u00eda importante informaci\u00f3n de los procedimientos y fichas personales de los funcionarios.<br \/>\nEl delito qued\u00f3 al descubierto en horas de la ma\u00f1ana de ayer domingo, siendo denunciado a personal de Carabineros que inici\u00f3 las primeras diligencias del caso, encontrando el cuartel ubicado en calle Orilla El R\u00edo, con las puertas y ventanas abiertas forzadas por los antisociales faltando los computadores y el televisor.<br \/>\n\u201cNunca nos hab\u00eda ocurrido una situaci\u00f3n as\u00ed, s\u00f3lo que hab\u00edan robado en el campo de entrenamiento, rompieron una puerta y sustrajeron un lavamanos del ba\u00f1o d\u00edas atr\u00e1s, pero robo m\u00e1s importante no hab\u00eda sucedido. En los computadores estaba toda la informaci\u00f3n de la compa\u00f1\u00eda, hojas de vida de los voluntarios, entonces es bien complicado. Se revisaron las otras dependencias y afortunadamente no ocurri\u00f3 nada m\u00e1s que eso, no hubo destrucci\u00f3n a los carros y tambi\u00e9n hay una bodega con materiales bomberiles y afortunadamente no le sucedi\u00f3 nada\u201d precis\u00f3 Hardoy a Diario El Trabajo.<br \/>\nLos antecedentes del caso, quedaron evidenciados en Carabineros, para ser derivados a la Fiscal\u00eda de San Felipe por el delito de robo en lugar no habitado.<br \/>\n<strong>Pablo Salinas Sald\u00edas<\/strong><\/p>\n<figure id=\"attachment_72622\" aria-describedby=\"caption-attachment-72622\" style=\"width: 530px\" class=\"wp-caption alignleft\"><a href=\"http:\/\/www.eltrabajo.cl\/portal\/roban-computadores-y-tv-a-voluntarios-de-bomberos-en-21-de-mayo\/robo-bomberos-21-de-mayo\/\" rel=\"attachment wp-att-72622\"><img data-recalc-dims=\"1\" loading=\"lazy\" decoding=\"async\" class=\"size-full wp-image-72622\" src=\"https:\/\/i0.wp.com\/www.eltrabajo.cl\/portal\/wp-content\/uploads\/2016\/08\/robo-bomberos-21-de-mayo.jpg?resize=530%2C348\" alt=\"Los delincuentes irrumpieron al cuartel de la 7\u00aa compa\u00f1\u00eda de Bomberos para robar dos computadores y un televisor led en el sector 21 de Mayo.\" width=\"530\" height=\"348\" srcset=\"https:\/\/i0.wp.com\/eltrabajo.cl\/portal\/wp-content\/uploads\/2016\/08\/robo-bomberos-21-de-mayo.jpg?w=530&amp;ssl=1 530w, https:\/\/i0.wp.com\/eltrabajo.cl\/portal\/wp-content\/uploads\/2016\/08\/robo-bomberos-21-de-mayo.jpg?resize=200%2C131&amp;ssl=1 200w, https:\/\/i0.wp.com\/eltrabajo.cl\/portal\/wp-content\/uploads\/2016\/08\/robo-bomberos-21-de-mayo.jpg?resize=300%2C197&amp;ssl=1 300w, https:\/\/i0.wp.com\/eltrabajo.cl\/portal\/wp-content\/uploads\/2016\/08\/robo-bomberos-21-de-mayo.jpg?resize=228%2C150&amp;ssl=1 228w, https:\/\/i0.wp.com\/eltrabajo.cl\/portal\/wp-content\/uploads\/2016\/08\/robo-bomberos-21-de-mayo.jpg?resize=400%2C263&amp;ssl=1 400w\" sizes=\"auto, (max-width: 530px) 100vw, 530px\" \/><\/a><figcaption id=\"caption-attachment-72622\" class=\"wp-caption-text\">Los delincuentes irrumpieron al cuartel de la 7\u00aa compa\u00f1\u00eda de Bomberos para robar dos computadores y un televisor led en el sector 21 de Mayo.<\/figcaption><\/figure>\n","protected":false},"excerpt":{"rendered":"<p>Delincuentes irrumpieron por una ventana de la 7\u00aa Compa\u00f1\u00eda:\u00a0Carabineros inici\u00f3 las primeras diligencias del caso, sin individualizar a los antisociales que perpetraron el robo durante la madrugada de ayer domingo. Delincuentes desconocidos&#8230;<\/p>\n","protected":false},"author":1,"featured_media":72622,"comment_status":"open","ping_status":"open","sticky":false,"template":"","format":"standard","meta":{"advanced_seo_description":"","jetpack_seo_html_title":"","jetpack_seo_noindex":false,"_jetpack_memberships_contains_paid_content":false,"footnotes":""},"categories":[21],"tags":[],"class_list":["post-72621","post","type-post","status-publish","format-standard","has-post-thumbnail","hentry","category-policial"],"jetpack_featured_media_url":"https:\/\/i0.wp.com\/eltrabajo.cl\/portal\/wp-content\/uploads\/2016\/08\/robo-bomberos-21-de-mayo.jpg?fit=530%2C348&ssl=1","jetpack_sharing_enabled":true,"jetpack_likes_enabled":true,"jetpack-related-posts":[],"_links":{"self":[{"href":"https:\/\/eltrabajo.cl\/portal\/wp-json\/wp\/v2\/posts\/72621","targetHints":{"allow":["GET"]}}],"collection":[{"href":"https:\/\/eltrabajo.cl\/portal\/wp-json\/wp\/v2\/posts"}],"about":[{"href":"https:\/\/eltrabajo.cl\/portal\/wp-json\/wp\/v2\/types\/post"}],"author":[{"embeddable":true,"href":"https:\/\/eltrabajo.cl\/portal\/wp-json\/wp\/v2\/users\/1"}],"replies":[{"embeddable":true,"href":"https:\/\/eltrabajo.cl\/portal\/wp-json\/wp\/v2\/comments?post=72621"}],"version-history":[{"count":0,"href":"https:\/\/eltrabajo.cl\/portal\/wp-json\/wp\/v2\/posts\/72621\/revisions"}],"wp:featuredmedia":[{"embeddable":true,"href":"https:\/\/eltrabajo.cl\/portal\/wp-json\/wp\/v2\/media\/72622"}],"wp:attachment":[{"href":"https:\/\/eltrabajo.cl\/portal\/wp-json\/wp\/v2\/media?parent=72621"}],"wp:term":[{"taxonomy":"category","embeddable":true,"href":"https:\/\/eltrabajo.cl\/portal\/wp-json\/wp\/v2\/categories?post=72621"},{"taxonomy":"post_tag","embeddable":true,"href":"https:\/\/eltrabajo.cl\/portal\/wp-json\/wp\/v2\/tags?post=72621"}],"curies":[{"name":"wp","href":"https:\/\/api.w.org\/{rel}","templated":true}]}}