{"id":72625,"date":"2016-08-08T09:07:57","date_gmt":"2016-08-08T13:07:57","guid":{"rendered":"http:\/\/www.eltrabajo.cl\/portal\/?p=72625"},"modified":"2016-08-08T09:07:57","modified_gmt":"2016-08-08T13:07:57","slug":"atrapan-a-lanza-profesional-robando-vestuario-de-ninos-en-pleno-centro","status":"publish","type":"post","link":"https:\/\/eltrabajo.cl\/portal\/atrapan-a-lanza-profesional-robando-vestuario-de-ninos-en-pleno-centro\/","title":{"rendered":"Atrapan a lanza profesional robando vestuario de ni\u00f1os en pleno centro"},"content":{"rendered":"<ul>\n<li><strong><span style=\"color: #ff0000;\">Puerta giratoria sigue beneficiando a delincuentes:\u00a0<\/span>Qued\u00f3 libre pese a tener orden de aprehensi\u00f3n pendiente.<\/strong><\/li>\n<\/ul>\n<p>De manera flagrante Carabineros captur\u00f3 a un lanza profesional que segundos antes habr\u00eda cometido el robo de vestuario para ni\u00f1os en pleno centro de San Felipe, el que estaba siendo perseguido por la propia v\u00edctima a eso de las 14:00 horas del pasado jueves.<br \/>\nLos uniformados se percataron que el sujeto portaba entre sus manos las especies robadas, logrando ser reducido en calle Portus esquina Carlos Condell de San Felipe.<br \/>\nEl afectado se\u00f1al\u00f3 a Carabineros que el delincuente le arrebat\u00f3 de su local ambulante en calle Prat esquina Combate de Las Coimas, tres buzos y tres polerones de ni\u00f1o avaluados en la suma de $100.000 para luego huir con las especies, decidiendo ir en su captura.<br \/>\nAfortunadamente Carabineros, mientras realizaba patrullajes por el sector c\u00e9ntrico, se percat\u00f3 del delito observando al delincuente que hu\u00eda a toda velocidad, siendo detenido y esposado por el delito de robo por sorpresa.<br \/>\nLas diligencias policiales confirmaron que el detenido era requerido por la justicia por mantener vigente una orden de aprehensi\u00f3n emanada del Tribunal Mixto de Putaendo, por el delito de robo en lugar no habitado.<br \/>\nEl imputado fue individualizado como Felipe Gabriel N\u00fa\u00f1ez Moreno, quien fue derivado hasta el Juzgado de Garant\u00eda de San Felipe para ser formalizado por la Fiscal\u00eda por este delito. No obstante el Tribunal decidi\u00f3 aplicar m\u00ednimas cautelares contra el sujeto, como la prohibici\u00f3n de acercarse a la v\u00edctima y su trabajo por un plazo de 60 d\u00edas fijados para la investigaci\u00f3n del caso.<br \/>\nCabe mencionar que el imputado, el pasado 1 de mayo de este a\u00f1o, fue detenido tras ser sindicado como autor material del robo de dinero de una alcanc\u00eda de la Fundaci\u00f3n Las Rosas en un local del Espacio Urbano de Los Andes. En aquella ocasi\u00f3n el delincuente habr\u00eda escalado el cierre perimetral para dirigirse hasta el patio de comidas y robar el dinero.<br \/>\nNo obstante los guardias de seguridad lo sorprendieron, logrando ser reducido y entregado a Carabineros. Sin embargo de la misma forma como ahora en San Feipe, en su paso por el Tribunal andino, la puerta giratoria lo benefici\u00f3 dej\u00e1ndolo en libertad, quedando citado a una pr\u00f3xima audiencia para aceptar o no su responsabilidad en los hechos en un procedimiento simplificado.<br \/>\nTal como lo informamos en nuestra edici\u00f3n del pasado viernes 5 de agosto, San Felipe es la tercera comuna a nivel regional que lidera la comisi\u00f3n de delitos de robo por sorpresa en el per\u00edmetro central. No obstante debido a estas cr\u00edticas estad\u00edsticas, la Fiscal\u00eda implement\u00f3 una Unidad de Sistema de An\u00e1lisis Criminal y Foco Investigativo, fortaleciendo la labor del Ministerio P\u00fablico con un plan piloto enfocado en las cuatro alamedas de San Felipe.<br \/>\n<strong>Pablo Salinas Sald\u00edas<\/strong><\/p>\n<figure id=\"attachment_72626\" aria-describedby=\"caption-attachment-72626\" style=\"width: 530px\" class=\"wp-caption alignleft\"><a href=\"http:\/\/www.eltrabajo.cl\/portal\/atrapan-a-lanza-profesional-robando-vestuario-de-ninos-en-pleno-centro\/vestuario-robado\/\" rel=\"attachment wp-att-72626\"><img data-recalc-dims=\"1\" loading=\"lazy\" decoding=\"async\" class=\"size-full wp-image-72626\" src=\"https:\/\/i0.wp.com\/www.eltrabajo.cl\/portal\/wp-content\/uploads\/2016\/08\/vestuario-robado.jpg?resize=530%2C348\" alt=\"El antisocial fue capturado portando este vestuario para ni\u00f1os, robado desde el centro de la comuna de San Felipe.\" width=\"530\" height=\"348\" srcset=\"https:\/\/i0.wp.com\/eltrabajo.cl\/portal\/wp-content\/uploads\/2016\/08\/vestuario-robado.jpg?w=530&amp;ssl=1 530w, https:\/\/i0.wp.com\/eltrabajo.cl\/portal\/wp-content\/uploads\/2016\/08\/vestuario-robado.jpg?resize=200%2C131&amp;ssl=1 200w, https:\/\/i0.wp.com\/eltrabajo.cl\/portal\/wp-content\/uploads\/2016\/08\/vestuario-robado.jpg?resize=300%2C197&amp;ssl=1 300w, https:\/\/i0.wp.com\/eltrabajo.cl\/portal\/wp-content\/uploads\/2016\/08\/vestuario-robado.jpg?resize=228%2C150&amp;ssl=1 228w, https:\/\/i0.wp.com\/eltrabajo.cl\/portal\/wp-content\/uploads\/2016\/08\/vestuario-robado.jpg?resize=400%2C263&amp;ssl=1 400w\" sizes=\"auto, (max-width: 530px) 100vw, 530px\" \/><\/a><figcaption id=\"caption-attachment-72626\" class=\"wp-caption-text\">El antisocial fue capturado portando este vestuario para ni\u00f1os, robado desde el centro de la comuna de San Felipe.<\/figcaption><\/figure>\n","protected":false},"excerpt":{"rendered":"<p>Puerta giratoria sigue beneficiando a delincuentes:\u00a0Qued\u00f3 libre pese a tener orden de aprehensi\u00f3n pendiente. De manera flagrante Carabineros captur\u00f3 a un lanza profesional que segundos antes habr\u00eda cometido el robo de vestuario&#8230;<\/p>\n","protected":false},"author":1,"featured_media":72626,"comment_status":"open","ping_status":"open","sticky":false,"template":"","format":"standard","meta":{"advanced_seo_description":"","jetpack_seo_html_title":"","jetpack_seo_noindex":false,"_jetpack_memberships_contains_paid_content":false,"footnotes":""},"categories":[21],"tags":[],"class_list":["post-72625","post","type-post","status-publish","format-standard","has-post-thumbnail","hentry","category-policial"],"jetpack_featured_media_url":"https:\/\/i0.wp.com\/eltrabajo.cl\/portal\/wp-content\/uploads\/2016\/08\/vestuario-robado.jpg?fit=530%2C348&ssl=1","jetpack_sharing_enabled":true,"jetpack_likes_enabled":true,"jetpack-related-posts":[],"_links":{"self":[{"href":"https:\/\/eltrabajo.cl\/portal\/wp-json\/wp\/v2\/posts\/72625","targetHints":{"allow":["GET"]}}],"collection":[{"href":"https:\/\/eltrabajo.cl\/portal\/wp-json\/wp\/v2\/posts"}],"about":[{"href":"https:\/\/eltrabajo.cl\/portal\/wp-json\/wp\/v2\/types\/post"}],"author":[{"embeddable":true,"href":"https:\/\/eltrabajo.cl\/portal\/wp-json\/wp\/v2\/users\/1"}],"replies":[{"embeddable":true,"href":"https:\/\/eltrabajo.cl\/portal\/wp-json\/wp\/v2\/comments?post=72625"}],"version-history":[{"count":0,"href":"https:\/\/eltrabajo.cl\/portal\/wp-json\/wp\/v2\/posts\/72625\/revisions"}],"wp:featuredmedia":[{"embeddable":true,"href":"https:\/\/eltrabajo.cl\/portal\/wp-json\/wp\/v2\/media\/72626"}],"wp:attachment":[{"href":"https:\/\/eltrabajo.cl\/portal\/wp-json\/wp\/v2\/media?parent=72625"}],"wp:term":[{"taxonomy":"category","embeddable":true,"href":"https:\/\/eltrabajo.cl\/portal\/wp-json\/wp\/v2\/categories?post=72625"},{"taxonomy":"post_tag","embeddable":true,"href":"https:\/\/eltrabajo.cl\/portal\/wp-json\/wp\/v2\/tags?post=72625"}],"curies":[{"name":"wp","href":"https:\/\/api.w.org\/{rel}","templated":true}]}}