{"id":72629,"date":"2016-08-08T09:12:53","date_gmt":"2016-08-08T13:12:53","guid":{"rendered":"http:\/\/www.eltrabajo.cl\/portal\/?p=72629"},"modified":"2016-08-08T09:12:53","modified_gmt":"2016-08-08T13:12:53","slug":"karateka-marco-carreno-gano-a-puno-limpio-la-i-copa-diario-el-trabajo","status":"publish","type":"post","link":"https:\/\/eltrabajo.cl\/portal\/karateka-marco-carreno-gano-a-puno-limpio-la-i-copa-diario-el-trabajo\/","title":{"rendered":"Karateka Marco Carre\u00f1o gan\u00f3 a pu\u00f1o limpio la I Copa Diario El Trabajo"},"content":{"rendered":"<ul>\n<li><strong>Locura en San Felipe por conquistar el enorme trofeo:<\/strong><\/li>\n<\/ul>\n<p>En un ambiente m\u00e1s que competitivo y en el que ninguno de los participantes daba espacio al error, fue en el que se disput\u00f3 ayer domingo la I Copa de Artes Marciales Diario El Trabajo 2016, campeonato que se realiz\u00f3 tambi\u00e9n dentro del marco del 276\u00ba aniversario de San Felipe y del mismo Campeonato San Felipe El Real, que anualmente organiza el Sensei V\u00edctor Caballero Astudillo, con el apoyo del Municipio y otras instituciones de nuestra comuna.<br \/>\nPara pelear por esta copa, llegaron a nuestra comuna karatekas de La Ligua, Santiago, Valpara\u00edso y de otras partes del pa\u00eds.<\/p>\n<p><strong>LA PRESENTACI\u00d3N<\/strong><br \/>\nPara presentar nuestra copa a los presentes, se aperson\u00f3 tambi\u00e9n en el gimnasio del Roberto Humeres, el alcalde Patricio Freire, quien recibi\u00f3 de manos de don Luis \u2018Lalito\u2019 C\u00e1rcamo el trofeo principal, disfrut\u00f3 por horas de los fieros combates, hab\u00edan ni\u00f1as, jovencitos y adultos de ambos sexos y todas las edades.<br \/>\nContinental Fighter; Fedamchi; Toty Contreras; Tau Chuan Kung Fu; Club Deportivo Dinast\u00eda Sun Tzu y el Hodori Karate entre otras, fueron las escuelas y federaciones de Artes Marciales involucrados en esta importante cita deportiva.<br \/>\nTambi\u00e9n El Club Deportivo Marcela Sabaj fue parte del equipo organizador, as\u00ed como el Departamento de Deportes del Municipio, entidades que siempre est\u00e1n activas y generando m\u00faltiples competencias deportivas dentro y fuera del Valle de Aconcagua.<\/p>\n<p><strong>LOS COMBATES<\/strong><br \/>\nAunque fueron al menos 200 karatekas del pa\u00eds los que acudieron a esta colosal jornada deportiva, fueron s\u00f3lo los m\u00e1s experimentados, los cinturones negros, los que pudieron disputar la anhelada copa.<br \/>\nFinalmente y tras varias rondas de combates Al Punto (s\u00f3lo golpear y retirar el pu\u00f1o o el pie, para no causar da\u00f1o), los tres finalistas que lograron recibir premios fueron: tercer lugar Ignacio Fr\u00edas; segundo lugar Crist\u00f3bal Fuentes y Marco Carre\u00f1o, quien tras dar y recibir bastantes golpes, conquist\u00f3 sus miedos e hizo morder el polvo a sus adversarios, ganando la I Copa Diario El Trabajo.<br \/>\n\u00abFue muy duro vencer a los contrincantes, todos muy buenos, me dieron una potente patada que me sac\u00f3 volando del domo, a\u00fan as\u00ed logr\u00e9 reponerme y quedarme con la copa, agradezco a don V\u00edctor y a Diario El Trabajo, por apoyar tanto a nosotros los deportistas\u00bb, dijo el actual campe\u00f3n y vecino de Quilicura, Santiago, Marco Carre\u00f1o.<br \/>\nLa pr\u00f3xima copa deportiva de Diario El Trabajo se disputar\u00e1 en ajedrez, y ser\u00e1 la pr\u00f3xima semana en la Escuela Jos\u00e9 de San Mart\u00edn, organizada por la escuela y a cargo del profesor Guillermo Quijanes.<br \/>\n<strong>Roberto Gonz\u00e1lez Short<\/strong><\/p>\n<figure id=\"attachment_72630\" aria-describedby=\"caption-attachment-72630\" style=\"width: 530px\" class=\"wp-caption alignleft\"><a href=\"http:\/\/www.eltrabajo.cl\/portal\/karateka-marco-carreno-gano-a-puno-limpio-la-i-copa-diario-el-trabajo\/arbitraje28\/\" rel=\"attachment wp-att-72630\"><img data-recalc-dims=\"1\" loading=\"lazy\" decoding=\"async\" class=\"size-full wp-image-72630\" src=\"https:\/\/i0.wp.com\/www.eltrabajo.cl\/portal\/wp-content\/uploads\/2016\/08\/Arbitraje28.jpg?resize=530%2C350\" alt=\"\u00c1RBITROS DE LUJO.- El arbitraje fue justo, equilibrado y diligente, al final gan\u00f3 el mejor.\" width=\"530\" height=\"350\" srcset=\"https:\/\/i0.wp.com\/eltrabajo.cl\/portal\/wp-content\/uploads\/2016\/08\/Arbitraje28.jpg?w=530&amp;ssl=1 530w, https:\/\/i0.wp.com\/eltrabajo.cl\/portal\/wp-content\/uploads\/2016\/08\/Arbitraje28.jpg?resize=200%2C132&amp;ssl=1 200w, https:\/\/i0.wp.com\/eltrabajo.cl\/portal\/wp-content\/uploads\/2016\/08\/Arbitraje28.jpg?resize=300%2C198&amp;ssl=1 300w, https:\/\/i0.wp.com\/eltrabajo.cl\/portal\/wp-content\/uploads\/2016\/08\/Arbitraje28.jpg?resize=227%2C150&amp;ssl=1 227w, https:\/\/i0.wp.com\/eltrabajo.cl\/portal\/wp-content\/uploads\/2016\/08\/Arbitraje28.jpg?resize=400%2C264&amp;ssl=1 400w\" sizes=\"auto, (max-width: 530px) 100vw, 530px\" \/><\/a><figcaption id=\"caption-attachment-72630\" class=\"wp-caption-text\">\u00c1RBITROS DE LUJO.- El arbitraje fue justo, equilibrado y diligente, al final gan\u00f3 el mejor.<\/figcaption><\/figure>\n<figure id=\"attachment_72631\" aria-describedby=\"caption-attachment-72631\" style=\"width: 530px\" class=\"wp-caption alignleft\"><a href=\"http:\/\/www.eltrabajo.cl\/portal\/karateka-marco-carreno-gano-a-puno-limpio-la-i-copa-diario-el-trabajo\/campeon33\/\" rel=\"attachment wp-att-72631\"><img data-recalc-dims=\"1\" loading=\"lazy\" decoding=\"async\" class=\"size-full wp-image-72631\" src=\"https:\/\/i0.wp.com\/www.eltrabajo.cl\/portal\/wp-content\/uploads\/2016\/08\/Campeon33.jpg?resize=530%2C349\" alt=\"SANTIAGUINO GAN\u00d3 NUESTRA COPA.- Aqu\u00ed tenemos al ganador de la I Copa de Karate Diario El Trabajo, Marco Carre\u00f1o, levant\u00e1ndose victorioso en este espectacular torneo de Artes Marciales, organizado por el Club Deportivo Marcela Sabaj; Municipalidad de San Felipe; Joyer\u00eda \u2018Donde Lalito\u2019 y don V\u00edctor Caballero.\" width=\"530\" height=\"349\" srcset=\"https:\/\/i0.wp.com\/eltrabajo.cl\/portal\/wp-content\/uploads\/2016\/08\/Campeon33.jpg?w=530&amp;ssl=1 530w, https:\/\/i0.wp.com\/eltrabajo.cl\/portal\/wp-content\/uploads\/2016\/08\/Campeon33.jpg?resize=200%2C132&amp;ssl=1 200w, https:\/\/i0.wp.com\/eltrabajo.cl\/portal\/wp-content\/uploads\/2016\/08\/Campeon33.jpg?resize=300%2C198&amp;ssl=1 300w, https:\/\/i0.wp.com\/eltrabajo.cl\/portal\/wp-content\/uploads\/2016\/08\/Campeon33.jpg?resize=228%2C150&amp;ssl=1 228w, https:\/\/i0.wp.com\/eltrabajo.cl\/portal\/wp-content\/uploads\/2016\/08\/Campeon33.jpg?resize=400%2C263&amp;ssl=1 400w\" sizes=\"auto, (max-width: 530px) 100vw, 530px\" \/><\/a><figcaption id=\"caption-attachment-72631\" class=\"wp-caption-text\">SANTIAGUINO GAN\u00d3 NUESTRA COPA.- Aqu\u00ed tenemos al ganador de la I Copa de Karate Diario El Trabajo, Marco Carre\u00f1o, levant\u00e1ndose victorioso en este espectacular torneo de Artes Marciales, organizado por el Club Deportivo Marcela Sabaj; Municipalidad de San Felipe; Joyer\u00eda \u2018Donde Lalito\u2019 y don V\u00edctor Caballero.<\/figcaption><\/figure>\n<figure id=\"attachment_72632\" aria-describedby=\"caption-attachment-72632\" style=\"width: 530px\" class=\"wp-caption alignleft\"><a href=\"http:\/\/www.eltrabajo.cl\/portal\/karateka-marco-carreno-gano-a-puno-limpio-la-i-copa-diario-el-trabajo\/carnaval33\/\" rel=\"attachment wp-att-72632\"><img data-recalc-dims=\"1\" loading=\"lazy\" decoding=\"async\" class=\"size-full wp-image-72632\" src=\"https:\/\/i0.wp.com\/www.eltrabajo.cl\/portal\/wp-content\/uploads\/2016\/08\/Carnaval33.jpg?resize=530%2C350\" alt=\"LEONES CHINOS.- Todo un colorido carnaval con leones chinos y bazucada oriental fue lo que se vivi\u00f3 para arrancar con esta jornada de Artes Marciales.\" width=\"530\" height=\"350\" srcset=\"https:\/\/i0.wp.com\/eltrabajo.cl\/portal\/wp-content\/uploads\/2016\/08\/Carnaval33.jpg?w=530&amp;ssl=1 530w, https:\/\/i0.wp.com\/eltrabajo.cl\/portal\/wp-content\/uploads\/2016\/08\/Carnaval33.jpg?resize=200%2C132&amp;ssl=1 200w, https:\/\/i0.wp.com\/eltrabajo.cl\/portal\/wp-content\/uploads\/2016\/08\/Carnaval33.jpg?resize=300%2C198&amp;ssl=1 300w, https:\/\/i0.wp.com\/eltrabajo.cl\/portal\/wp-content\/uploads\/2016\/08\/Carnaval33.jpg?resize=227%2C150&amp;ssl=1 227w, https:\/\/i0.wp.com\/eltrabajo.cl\/portal\/wp-content\/uploads\/2016\/08\/Carnaval33.jpg?resize=400%2C264&amp;ssl=1 400w\" sizes=\"auto, (max-width: 530px) 100vw, 530px\" \/><\/a><figcaption id=\"caption-attachment-72632\" class=\"wp-caption-text\">LEONES CHINOS.- Todo un colorido carnaval con leones chinos y bazucada oriental fue lo que se vivi\u00f3 para arrancar con esta jornada de Artes Marciales.<\/figcaption><\/figure>\n<figure id=\"attachment_72633\" aria-describedby=\"caption-attachment-72633\" style=\"width: 530px\" class=\"wp-caption alignleft\"><a href=\"http:\/\/www.eltrabajo.cl\/portal\/karateka-marco-carreno-gano-a-puno-limpio-la-i-copa-diario-el-trabajo\/carreno28\/\" rel=\"attachment wp-att-72633\"><img data-recalc-dims=\"1\" loading=\"lazy\" decoding=\"async\" class=\"size-full wp-image-72633\" src=\"https:\/\/i0.wp.com\/www.eltrabajo.cl\/portal\/wp-content\/uploads\/2016\/08\/Carreno28.jpg?resize=530%2C349\" alt=\"ELECTRIZANTE.- Marco Carre\u00f1o no la tuvo f\u00e1cil, debi\u00f3 enfrentar a fieros del combate Al Punto, quienes no lograron al final derrotarlo.\" width=\"530\" height=\"349\" srcset=\"https:\/\/i0.wp.com\/eltrabajo.cl\/portal\/wp-content\/uploads\/2016\/08\/Carreno28.jpg?w=530&amp;ssl=1 530w, https:\/\/i0.wp.com\/eltrabajo.cl\/portal\/wp-content\/uploads\/2016\/08\/Carreno28.jpg?resize=200%2C132&amp;ssl=1 200w, https:\/\/i0.wp.com\/eltrabajo.cl\/portal\/wp-content\/uploads\/2016\/08\/Carreno28.jpg?resize=300%2C198&amp;ssl=1 300w, https:\/\/i0.wp.com\/eltrabajo.cl\/portal\/wp-content\/uploads\/2016\/08\/Carreno28.jpg?resize=228%2C150&amp;ssl=1 228w, https:\/\/i0.wp.com\/eltrabajo.cl\/portal\/wp-content\/uploads\/2016\/08\/Carreno28.jpg?resize=400%2C263&amp;ssl=1 400w\" sizes=\"auto, (max-width: 530px) 100vw, 530px\" \/><\/a><figcaption id=\"caption-attachment-72633\" class=\"wp-caption-text\">ELECTRIZANTE.- Marco Carre\u00f1o no la tuvo f\u00e1cil, debi\u00f3 enfrentar a fieros del combate Al Punto, quienes no lograron al final derrotarlo.<\/figcaption><\/figure>\n<figure id=\"attachment_72634\" aria-describedby=\"caption-attachment-72634\" style=\"width: 530px\" class=\"wp-caption alignleft\"><a href=\"http:\/\/www.eltrabajo.cl\/portal\/karateka-marco-carreno-gano-a-puno-limpio-la-i-copa-diario-el-trabajo\/maestros33\/\" rel=\"attachment wp-att-72634\"><img data-recalc-dims=\"1\" loading=\"lazy\" decoding=\"async\" class=\"size-full wp-image-72634\" src=\"https:\/\/i0.wp.com\/www.eltrabajo.cl\/portal\/wp-content\/uploads\/2016\/08\/Maestros33.jpg?resize=530%2C350\" alt=\"Alrededor de 30 Maestros , tambi\u00e9n fueron premiados por los organizadores del torneo.\" width=\"530\" height=\"350\" srcset=\"https:\/\/i0.wp.com\/eltrabajo.cl\/portal\/wp-content\/uploads\/2016\/08\/Maestros33.jpg?w=530&amp;ssl=1 530w, https:\/\/i0.wp.com\/eltrabajo.cl\/portal\/wp-content\/uploads\/2016\/08\/Maestros33.jpg?resize=200%2C132&amp;ssl=1 200w, https:\/\/i0.wp.com\/eltrabajo.cl\/portal\/wp-content\/uploads\/2016\/08\/Maestros33.jpg?resize=300%2C198&amp;ssl=1 300w, https:\/\/i0.wp.com\/eltrabajo.cl\/portal\/wp-content\/uploads\/2016\/08\/Maestros33.jpg?resize=227%2C150&amp;ssl=1 227w, https:\/\/i0.wp.com\/eltrabajo.cl\/portal\/wp-content\/uploads\/2016\/08\/Maestros33.jpg?resize=400%2C264&amp;ssl=1 400w\" sizes=\"auto, (max-width: 530px) 100vw, 530px\" \/><\/a><figcaption id=\"caption-attachment-72634\" class=\"wp-caption-text\">Alrededor de 30 Maestros , tambi\u00e9n fueron premiados por los organizadores del torneo.<\/figcaption><\/figure>\n<figure id=\"attachment_72635\" aria-describedby=\"caption-attachment-72635\" style=\"width: 530px\" class=\"wp-caption alignleft\"><a href=\"http:\/\/www.eltrabajo.cl\/portal\/karateka-marco-carreno-gano-a-puno-limpio-la-i-copa-diario-el-trabajo\/paliza33\/\" rel=\"attachment wp-att-72635\"><img data-recalc-dims=\"1\" loading=\"lazy\" decoding=\"async\" class=\"size-full wp-image-72635\" src=\"https:\/\/i0.wp.com\/www.eltrabajo.cl\/portal\/wp-content\/uploads\/2016\/08\/Paliza33.jpg?resize=530%2C349\" alt=\"TODO POR NUESTRA COPA.- M\u00e1s que una paliza, la potencia de pelea de estos cinturones negros fue m\u00e1s que profesional, pues las ganas de ganar la copa pod\u00eda m\u00e1s que el mismo reglamento.\" width=\"530\" height=\"349\" srcset=\"https:\/\/i0.wp.com\/eltrabajo.cl\/portal\/wp-content\/uploads\/2016\/08\/Paliza33.jpg?w=530&amp;ssl=1 530w, https:\/\/i0.wp.com\/eltrabajo.cl\/portal\/wp-content\/uploads\/2016\/08\/Paliza33.jpg?resize=200%2C132&amp;ssl=1 200w, https:\/\/i0.wp.com\/eltrabajo.cl\/portal\/wp-content\/uploads\/2016\/08\/Paliza33.jpg?resize=300%2C198&amp;ssl=1 300w, https:\/\/i0.wp.com\/eltrabajo.cl\/portal\/wp-content\/uploads\/2016\/08\/Paliza33.jpg?resize=228%2C150&amp;ssl=1 228w, https:\/\/i0.wp.com\/eltrabajo.cl\/portal\/wp-content\/uploads\/2016\/08\/Paliza33.jpg?resize=400%2C263&amp;ssl=1 400w\" sizes=\"auto, (max-width: 530px) 100vw, 530px\" \/><\/a><figcaption id=\"caption-attachment-72635\" class=\"wp-caption-text\">TODO POR NUESTRA COPA.- M\u00e1s que una paliza, la potencia de pelea de estos cinturones negros fue m\u00e1s que profesional, pues las ganas de ganar la copa pod\u00eda m\u00e1s que el mismo reglamento.<\/figcaption><\/figure>\n<figure id=\"attachment_72636\" aria-describedby=\"caption-attachment-72636\" style=\"width: 530px\" class=\"wp-caption alignleft\"><a href=\"http:\/\/www.eltrabajo.cl\/portal\/karateka-marco-carreno-gano-a-puno-limpio-la-i-copa-diario-el-trabajo\/presentacion33\/\" rel=\"attachment wp-att-72636\"><img data-recalc-dims=\"1\" loading=\"lazy\" decoding=\"async\" class=\"size-full wp-image-72636\" src=\"https:\/\/i0.wp.com\/www.eltrabajo.cl\/portal\/wp-content\/uploads\/2016\/08\/Presentacion33.jpg?resize=530%2C349\" alt=\"CON HONORES.- \u2018Lalito\u2019 C\u00e1rcamo; seisei V\u00edctor Caballero; el alcalde Patricio Freire y el presidente del Club Marcela Sabaj, Carlos Gallardo, presentan la copa de Diario El Trabajo.\" width=\"530\" height=\"349\" srcset=\"https:\/\/i0.wp.com\/eltrabajo.cl\/portal\/wp-content\/uploads\/2016\/08\/Presentacion33.jpg?w=530&amp;ssl=1 530w, https:\/\/i0.wp.com\/eltrabajo.cl\/portal\/wp-content\/uploads\/2016\/08\/Presentacion33.jpg?resize=200%2C132&amp;ssl=1 200w, https:\/\/i0.wp.com\/eltrabajo.cl\/portal\/wp-content\/uploads\/2016\/08\/Presentacion33.jpg?resize=300%2C198&amp;ssl=1 300w, https:\/\/i0.wp.com\/eltrabajo.cl\/portal\/wp-content\/uploads\/2016\/08\/Presentacion33.jpg?resize=228%2C150&amp;ssl=1 228w, https:\/\/i0.wp.com\/eltrabajo.cl\/portal\/wp-content\/uploads\/2016\/08\/Presentacion33.jpg?resize=400%2C263&amp;ssl=1 400w\" sizes=\"auto, (max-width: 530px) 100vw, 530px\" \/><\/a><figcaption id=\"caption-attachment-72636\" class=\"wp-caption-text\">CON HONORES.- \u2018Lalito\u2019 C\u00e1rcamo; seisei V\u00edctor Caballero; el alcalde Patricio Freire y el presidente del Club Marcela Sabaj, Carlos Gallardo, presentan la copa de Diario El Trabajo.<\/figcaption><\/figure>\n<figure id=\"attachment_72637\" aria-describedby=\"caption-attachment-72637\" style=\"width: 530px\" class=\"wp-caption alignleft\"><a href=\"http:\/\/www.eltrabajo.cl\/portal\/karateka-marco-carreno-gano-a-puno-limpio-la-i-copa-diario-el-trabajo\/victor-caballero-3\/\" rel=\"attachment wp-att-72637\"><img data-recalc-dims=\"1\" loading=\"lazy\" decoding=\"async\" class=\"size-full wp-image-72637\" src=\"https:\/\/i0.wp.com\/www.eltrabajo.cl\/portal\/wp-content\/uploads\/2016\/08\/Victor-Caballero-1.jpg?resize=530%2C349\" alt=\"V\u00edctor Caballero, organizador del torneo nacional de Artes Marciales que ayer se disput\u00f3 en San Felipe.\" width=\"530\" height=\"349\" srcset=\"https:\/\/i0.wp.com\/eltrabajo.cl\/portal\/wp-content\/uploads\/2016\/08\/Victor-Caballero-1.jpg?w=530&amp;ssl=1 530w, https:\/\/i0.wp.com\/eltrabajo.cl\/portal\/wp-content\/uploads\/2016\/08\/Victor-Caballero-1.jpg?resize=200%2C132&amp;ssl=1 200w, https:\/\/i0.wp.com\/eltrabajo.cl\/portal\/wp-content\/uploads\/2016\/08\/Victor-Caballero-1.jpg?resize=300%2C198&amp;ssl=1 300w, https:\/\/i0.wp.com\/eltrabajo.cl\/portal\/wp-content\/uploads\/2016\/08\/Victor-Caballero-1.jpg?resize=228%2C150&amp;ssl=1 228w, https:\/\/i0.wp.com\/eltrabajo.cl\/portal\/wp-content\/uploads\/2016\/08\/Victor-Caballero-1.jpg?resize=400%2C263&amp;ssl=1 400w\" sizes=\"auto, (max-width: 530px) 100vw, 530px\" \/><\/a><figcaption id=\"caption-attachment-72637\" class=\"wp-caption-text\">V\u00edctor Caballero, organizador del torneo nacional de Artes Marciales que ayer se disput\u00f3 en San Felipe.<\/figcaption><\/figure>\n","protected":false},"excerpt":{"rendered":"<p>Locura en San Felipe por conquistar el enorme trofeo: En un ambiente m\u00e1s que competitivo y en el que ninguno de los participantes daba espacio al error, fue en el que se&#8230;<\/p>\n","protected":false},"author":1,"featured_media":72631,"comment_status":"open","ping_status":"open","sticky":false,"template":"","format":"standard","meta":{"advanced_seo_description":"","jetpack_seo_html_title":"","jetpack_seo_noindex":false,"_jetpack_memberships_contains_paid_content":false,"footnotes":""},"categories":[15],"tags":[],"class_list":["post-72629","post","type-post","status-publish","format-standard","has-post-thumbnail","hentry","category-comunidad"],"jetpack_featured_media_url":"https:\/\/i0.wp.com\/eltrabajo.cl\/portal\/wp-content\/uploads\/2016\/08\/Campeon33.jpg?fit=530%2C349&ssl=1","jetpack_sharing_enabled":true,"jetpack_likes_enabled":true,"jetpack-related-posts":[],"_links":{"self":[{"href":"https:\/\/eltrabajo.cl\/portal\/wp-json\/wp\/v2\/posts\/72629","targetHints":{"allow":["GET"]}}],"collection":[{"href":"https:\/\/eltrabajo.cl\/portal\/wp-json\/wp\/v2\/posts"}],"about":[{"href":"https:\/\/eltrabajo.cl\/portal\/wp-json\/wp\/v2\/types\/post"}],"author":[{"embeddable":true,"href":"https:\/\/eltrabajo.cl\/portal\/wp-json\/wp\/v2\/users\/1"}],"replies":[{"embeddable":true,"href":"https:\/\/eltrabajo.cl\/portal\/wp-json\/wp\/v2\/comments?post=72629"}],"version-history":[{"count":0,"href":"https:\/\/eltrabajo.cl\/portal\/wp-json\/wp\/v2\/posts\/72629\/revisions"}],"wp:featuredmedia":[{"embeddable":true,"href":"https:\/\/eltrabajo.cl\/portal\/wp-json\/wp\/v2\/media\/72631"}],"wp:attachment":[{"href":"https:\/\/eltrabajo.cl\/portal\/wp-json\/wp\/v2\/media?parent=72629"}],"wp:term":[{"taxonomy":"category","embeddable":true,"href":"https:\/\/eltrabajo.cl\/portal\/wp-json\/wp\/v2\/categories?post=72629"},{"taxonomy":"post_tag","embeddable":true,"href":"https:\/\/eltrabajo.cl\/portal\/wp-json\/wp\/v2\/tags?post=72629"}],"curies":[{"name":"wp","href":"https:\/\/api.w.org\/{rel}","templated":true}]}}