{"id":72640,"date":"2016-08-08T09:14:42","date_gmt":"2016-08-08T13:14:42","guid":{"rendered":"http:\/\/www.eltrabajo.cl\/portal\/?p=72640"},"modified":"2016-08-08T09:14:42","modified_gmt":"2016-08-08T13:14:42","slug":"joven-de-20-anos-muere-asesinado-de-multiples-punaladas-en-llay-llay","status":"publish","type":"post","link":"https:\/\/eltrabajo.cl\/portal\/joven-de-20-anos-muere-asesinado-de-multiples-punaladas-en-llay-llay\/","title":{"rendered":"Joven de 20 a\u00f1os muere asesinado de m\u00faltiples pu\u00f1aladas en Llay Llay"},"content":{"rendered":"<ul>\n<li><strong><span style=\"color: #ff0000;\">PDI detiene a un sujeto apodado \u2018El Gato\u2019 como presunto homicida:<\/span>\u00a0El crimen se origin\u00f3 por rencillas anteriores entre v\u00edctima y victimario la madrugada de ayer domingo en la poblaci\u00f3n El Sauce de Llay Llay. El herido falleci\u00f3 en el Hospital San Camilo por las heridas mortales mientras que el autor confeso ser\u00e1 formalizado en tribunales el d\u00eda de hoy.<\/strong><\/li>\n<\/ul>\n<p>V\u00edctima de diversas estocadas en su cuerpo falleci\u00f3 un joven de 20 a\u00f1os de edad, identificado como Mario Mena Sandoval, quien a eso de las 05:00 de la madrugada de ayer domingo, sostuvo una ri\u00f1a con su presunto homicida apodado \u2018El Gato\u2019, quien lo habr\u00eda apu\u00f1alado con un cuchillo por rencillas anteriores en la comuna de Llay Llay.<br \/>\nLa Brigada de Homicidios de la Polic\u00eda de Investigaciones de Los Andes, confirm\u00f3 que los hechos habr\u00edan ocurrido en horas de la madrugada, en circunstancias que la v\u00edctima habr\u00eda concurrido hasta los departamentos de la poblaci\u00f3n El Sauce de Llay Llay, donde se origin\u00f3 una reyerta con su agresor de iniciales B.H.D. apodado \u2018El Gato\u2019, quien utilizando un arma blanca apu\u00f1al\u00f3 al joven en reiteradas oportunidades en medio de una reyerta por cuentas pendientes entre ambos.<br \/>\nLa v\u00edctima, tras las m\u00faltiples lesiones de gravedad recibidas, fue derivado hasta el servicio de urgencias del Hospital San Camilo de San Felipe, falleciendo minutos m\u00e1s tarde.<br \/>\nInmediatamente las diligencias policiales en el sitio del suceso, permitieron la captura del homicida, recuperando de esta forma el arma blanca y la declaraci\u00f3n de testigos que confirmaron la identidad del presunto asesino.<br \/>\nAs\u00ed lo indic\u00f3 el Comisario de la PDI, Gino Guti\u00e9rrez C\u00e1ceres: \u00abLas diligencias han permitido la detenci\u00f3n del autor material de este il\u00edcito que se encuentra en dependencias del cuartel institucional. Los hechos ocurren en la poblaci\u00f3n El Sauce de Llay Llay, donde accede la v\u00edctima y el autor material de este il\u00edcito premunido de un arma cortante, con la cual agrede en reiteradas ocasiones en diferentes partes del cuerpo a la v\u00edctima que posteriormente es trasladada al Hospital San Camilo, falleciendo a ra\u00edz de las lesiones recibidas\u00bb.<br \/>\nEl oficial reiter\u00f3 que tanto v\u00edctima como victimario se conoc\u00edan y que los motivos del crimen ser\u00edan rencillas anteriores, argumentando que el imputado confes\u00f3 los hechos a la polic\u00eda, proporcionando m\u00e1s antecedentes del crimen que ser\u00e1n entregados a la Fiscal\u00eda: \u00abQueda esclarecido debido a que mantenemos el arma homicida empleada, testigos presenciales del hecho, el imputado y otro detenido que dice relaci\u00f3n con este mismo hecho que estuvo en el lugar, pero manten\u00eda una orden de detenci\u00f3n pendiente\u00bb, afirm\u00f3 Guti\u00e9rrez.<br \/>\nEl imputado ser\u00e1 formalizado por el delito de homicidio simple en el Juzgado de Garant\u00eda de San Felipe durante la ma\u00f1ana de hoy lunes por la Fiscal\u00eda que formular\u00e1 los cargos de la investigaci\u00f3n.<br \/>\n<strong>Pablo Salinas Sald\u00edas<\/strong><\/p>\n<figure id=\"attachment_72641\" aria-describedby=\"caption-attachment-72641\" style=\"width: 530px\" class=\"wp-caption alignleft\"><a href=\"http:\/\/www.eltrabajo.cl\/portal\/joven-de-20-anos-muere-asesinado-de-multiples-punaladas-en-llay-llay\/mario-mena-sandoval\/\" rel=\"attachment wp-att-72641\"><img data-recalc-dims=\"1\" loading=\"lazy\" decoding=\"async\" class=\"size-full wp-image-72641\" src=\"https:\/\/i0.wp.com\/www.eltrabajo.cl\/portal\/wp-content\/uploads\/2016\/08\/MARIO-MENA-SANDOVAL.jpg?resize=530%2C350\" alt=\"Mario Mena Sandoval, con 20 a\u00f1os de edad, muri\u00f3 apu\u00f1alado la madrugada de ayer domingo tras una ri\u00f1a con su agresor conocido como \u2018El Gato\u2019 en la comuna de Llay Llay.\" width=\"530\" height=\"350\" srcset=\"https:\/\/i0.wp.com\/eltrabajo.cl\/portal\/wp-content\/uploads\/2016\/08\/MARIO-MENA-SANDOVAL.jpg?w=530&amp;ssl=1 530w, https:\/\/i0.wp.com\/eltrabajo.cl\/portal\/wp-content\/uploads\/2016\/08\/MARIO-MENA-SANDOVAL.jpg?resize=200%2C132&amp;ssl=1 200w, https:\/\/i0.wp.com\/eltrabajo.cl\/portal\/wp-content\/uploads\/2016\/08\/MARIO-MENA-SANDOVAL.jpg?resize=300%2C198&amp;ssl=1 300w, https:\/\/i0.wp.com\/eltrabajo.cl\/portal\/wp-content\/uploads\/2016\/08\/MARIO-MENA-SANDOVAL.jpg?resize=227%2C150&amp;ssl=1 227w, https:\/\/i0.wp.com\/eltrabajo.cl\/portal\/wp-content\/uploads\/2016\/08\/MARIO-MENA-SANDOVAL.jpg?resize=400%2C264&amp;ssl=1 400w\" sizes=\"auto, (max-width: 530px) 100vw, 530px\" \/><\/a><figcaption id=\"caption-attachment-72641\" class=\"wp-caption-text\">Mario Mena Sandoval, con 20 a\u00f1os de edad, muri\u00f3 apu\u00f1alado la madrugada de ayer domingo tras una ri\u00f1a con su agresor conocido como \u2018El Gato\u2019 en la comuna de Llay Llay.<\/figcaption><\/figure>\n","protected":false},"excerpt":{"rendered":"<p>PDI detiene a un sujeto apodado \u2018El Gato\u2019 como presunto homicida:\u00a0El crimen se origin\u00f3 por rencillas anteriores entre v\u00edctima y victimario la madrugada de ayer domingo en la poblaci\u00f3n El Sauce de&#8230;<\/p>\n","protected":false},"author":1,"featured_media":72641,"comment_status":"open","ping_status":"open","sticky":false,"template":"","format":"standard","meta":{"advanced_seo_description":"","jetpack_seo_html_title":"","jetpack_seo_noindex":false,"_jetpack_memberships_contains_paid_content":false,"footnotes":""},"categories":[21],"tags":[],"class_list":["post-72640","post","type-post","status-publish","format-standard","has-post-thumbnail","hentry","category-policial"],"jetpack_featured_media_url":"https:\/\/i0.wp.com\/eltrabajo.cl\/portal\/wp-content\/uploads\/2016\/08\/MARIO-MENA-SANDOVAL.jpg?fit=530%2C350&ssl=1","jetpack_sharing_enabled":true,"jetpack_likes_enabled":true,"jetpack-related-posts":[],"_links":{"self":[{"href":"https:\/\/eltrabajo.cl\/portal\/wp-json\/wp\/v2\/posts\/72640","targetHints":{"allow":["GET"]}}],"collection":[{"href":"https:\/\/eltrabajo.cl\/portal\/wp-json\/wp\/v2\/posts"}],"about":[{"href":"https:\/\/eltrabajo.cl\/portal\/wp-json\/wp\/v2\/types\/post"}],"author":[{"embeddable":true,"href":"https:\/\/eltrabajo.cl\/portal\/wp-json\/wp\/v2\/users\/1"}],"replies":[{"embeddable":true,"href":"https:\/\/eltrabajo.cl\/portal\/wp-json\/wp\/v2\/comments?post=72640"}],"version-history":[{"count":0,"href":"https:\/\/eltrabajo.cl\/portal\/wp-json\/wp\/v2\/posts\/72640\/revisions"}],"wp:featuredmedia":[{"embeddable":true,"href":"https:\/\/eltrabajo.cl\/portal\/wp-json\/wp\/v2\/media\/72641"}],"wp:attachment":[{"href":"https:\/\/eltrabajo.cl\/portal\/wp-json\/wp\/v2\/media?parent=72640"}],"wp:term":[{"taxonomy":"category","embeddable":true,"href":"https:\/\/eltrabajo.cl\/portal\/wp-json\/wp\/v2\/categories?post=72640"},{"taxonomy":"post_tag","embeddable":true,"href":"https:\/\/eltrabajo.cl\/portal\/wp-json\/wp\/v2\/tags?post=72640"}],"curies":[{"name":"wp","href":"https:\/\/api.w.org\/{rel}","templated":true}]}}