{"id":72650,"date":"2016-08-09T09:12:28","date_gmt":"2016-08-09T13:12:28","guid":{"rendered":"http:\/\/www.eltrabajo.cl\/portal\/?p=72650"},"modified":"2016-08-09T09:12:28","modified_gmt":"2016-08-09T13:12:28","slug":"aconcagua-vibra-mas-fuerte-ya-tiene-a-sus-5-mejores-exponentes","status":"publish","type":"post","link":"https:\/\/eltrabajo.cl\/portal\/aconcagua-vibra-mas-fuerte-ya-tiene-a-sus-5-mejores-exponentes\/","title":{"rendered":"\u2018Aconcagua vibra m\u00e1s Fuerte\u2019 ya tiene a sus 5 mejores exponentes"},"content":{"rendered":"<ul>\n<li><strong><span style=\"color: #ff0000;\">I Concurso de Bandas Musicales vivir\u00e1 este s\u00e1bado desde las 18.30 horas su jornada final:<\/span>\u00a0Gia (Catemu), Proyecto Prana (San Esteban), Blackcat (San Felipe), Aconc\u00e1\u00f1amo (San Felipe) y La Cayetano (San Felipe), componen el selecto grupo de finalistas, que intentar\u00e1n alzarse con el premio al mejor grupo musical del valle.<\/strong><\/li>\n<\/ul>\n<p>Este s\u00e1bado 13 de Agosto, a partir de las 18.30 horas, frente a la plaza c\u00edvica de San Felipe, se desarrollar\u00e1 la final del I Concurso de Bandas \u2018Aconcagua Vibra m\u00e1s Fuerte\u2019, instancia en la cual, adem\u00e1s de conmemorar el D\u00eda Internacional de la Juventud, 5 agrupaciones musicales del Valle de Aconcagua disputar\u00e1n la posibilidad de poder grabar, mezclar y masterizar algunos de sus trabajos en el Estudio Profesional MonoSound.<\/p>\n<figure id=\"attachment_72651\" aria-describedby=\"caption-attachment-72651\" style=\"width: 300px\" class=\"wp-caption alignleft\"><a href=\"http:\/\/www.eltrabajo.cl\/portal\/aconcagua-vibra-mas-fuerte-ya-tiene-a-sus-5-mejores-exponentes\/nicolas-villaseca\/\" rel=\"attachment wp-att-72651\"><img data-recalc-dims=\"1\" loading=\"lazy\" decoding=\"async\" class=\"size-medium wp-image-72651\" src=\"https:\/\/i0.wp.com\/www.eltrabajo.cl\/portal\/wp-content\/uploads\/2016\/08\/Nicol%C3%A1s-Villaseca-300x197.jpg?resize=300%2C197\" alt=\"Nicol\u00e1s Villaseca, encargado de la Oficina municipal de la Juventud de San Felipe.\" width=\"300\" height=\"197\" srcset=\"https:\/\/i0.wp.com\/eltrabajo.cl\/portal\/wp-content\/uploads\/2016\/08\/Nicol%C3%A1s-Villaseca.jpg?resize=300%2C197&amp;ssl=1 300w, https:\/\/i0.wp.com\/eltrabajo.cl\/portal\/wp-content\/uploads\/2016\/08\/Nicol%C3%A1s-Villaseca.jpg?resize=200%2C131&amp;ssl=1 200w, https:\/\/i0.wp.com\/eltrabajo.cl\/portal\/wp-content\/uploads\/2016\/08\/Nicol%C3%A1s-Villaseca.jpg?resize=228%2C150&amp;ssl=1 228w, https:\/\/i0.wp.com\/eltrabajo.cl\/portal\/wp-content\/uploads\/2016\/08\/Nicol%C3%A1s-Villaseca.jpg?resize=400%2C263&amp;ssl=1 400w, https:\/\/i0.wp.com\/eltrabajo.cl\/portal\/wp-content\/uploads\/2016\/08\/Nicol%C3%A1s-Villaseca.jpg?w=530&amp;ssl=1 530w\" sizes=\"auto, (max-width: 300px) 100vw, 300px\" \/><\/a><figcaption id=\"caption-attachment-72651\" class=\"wp-caption-text\">Nicol\u00e1s Villaseca, encargado de la Oficina municipal de la Juventud de San Felipe.<\/figcaption><\/figure>\n<p>La inscripci\u00f3n de las bandas musicales se realiz\u00f3 en la p\u00e1gina www.munisanfelipe.cl hasta el 25 de julio pasado, proceso que llevaron a cabo medio centenar de grupos, los cuales, debieron cumplir rigurosamente con las exigencias establecidas en las bases del concurso, entre las cuales destacaban: la obligaci\u00f3n de pertenecer a una de las 10 comunas de las Provincias de San Felipe y Los Andes y la presentaci\u00f3n de un demo en un canal de YouTube.<br \/>\nA partir del cumplimiento de las bases, el jurado evalu\u00f3 cada una de las postulaciones y seleccion\u00f3 a 20 grupos que debieron audicionar en el Teatro Municipal de San Felipe, el pasado 28 de julio, hecho que finalmente permiti\u00f3 que los jueces definieran cu\u00e1les son las 5 mejores propuestas musicales del momento en Aconcagua.<br \/>\nAs\u00ed, la banda Gia de la comuna de Catemu; el grupo sanestebino Proyecto Prana y las agrupaciones Blackcat, Aconc\u00e1\u00f1amo y La Cayetano, de San Felipe, componen el selecto grupo de finalistas, que seg\u00fan Nicol\u00e1s Villaseca, encargado de la Oficina municipal de la Juventud de San Felipe, presentar\u00e1n una diversidad musical que har\u00e1 muy dif\u00edcil la decisi\u00f3n del Jurado.<br \/>\n\u201cBlackcat es una banda de Hard Rock bien armada, que lleva harto tiempo; G\u00eda es un poco m\u00e1s alternativa; La Cayetano es una conocida agrupaci\u00f3n de blues, Aconc\u00e1\u00f1amo tiene su cumbia-reggae bien pachanguera y Proyecto Prana que es un poco de Hip-Hop con una propuesta bien interesante, que finalmente tendr\u00e1 que resolver el jurado quien se queda con el primer lugar\u201d, detall\u00f3 Villaseca.<br \/>\nAl mismo tiempo, el joven personero municipal, asegur\u00f3 que el concurso super\u00f3 ampliamente las expectativas, argumentando que \u201cel nivel de profesionalismo con el que se presentaron las bandas y con la seriedad que se lo han tomado, ha sido extraordinario. Todos muy preocupados, algunos que llevan harto tiempo en esto de la m\u00fasica y que est\u00e1n nerviosos por lo que va a ocurrir el d\u00eda de la final\u201d, expuso.<br \/>\nCabe mencionar que durante la jornada de audici\u00f3n, el cuerpo de jueces que defini\u00f3 a los finalistas de este concurso, estuvo compuesto por: Rodrigo Astudillo, productor musical; Benjam\u00edn Lechuga, director del estudio MonoSound, (donde se grabar\u00e1n los premios a los 2 primeros lugares) y Ricardo Ruiz, encargado del Departamento de Cultura de la Municipalidad de San Felipe. A ellos, para la evaluaci\u00f3n final, se sumar\u00e1 Nicol\u00e1s Quinteros, m\u00fasico del programa de canal 13 The Voice, \u2018Don Rorro\u2019, vocalista del Grupo Sinergia y otro integrante de este reconocido grupo nacional.<br \/>\nEs oportuno precisar que el ganador del concurso \u2018Aconcagua Vibra m\u00e1s Fuerte\u2019, acceder\u00e1 a la grabaci\u00f3n, mezcla y masterizaci\u00f3n de tres de sus mejores temas; el segundo lugar, grabaci\u00f3n, mezcla y masterizaci\u00f3n de dos canciones y el tercer lugar ir\u00e1 por una interfaz semiprofesional.<br \/>\nEl mismo d\u00eda s\u00e1bado, durante la presentaci\u00f3n de las bandas finalistas, tocar\u00e1 para el p\u00fablico presente el Grupo chileno Delta y una vez que ya se conozca a los ganadores y se haya realizado la respectiva premiaci\u00f3n, la encargada de bajar el tel\u00f3n a la jornada, ser\u00e1 la reconocida agrupaci\u00f3n chilena Sinergia.<\/p>\n","protected":false},"excerpt":{"rendered":"<p>I Concurso de Bandas Musicales vivir\u00e1 este s\u00e1bado desde las 18.30 horas su jornada final:\u00a0Gia (Catemu), Proyecto Prana (San Esteban), Blackcat (San Felipe), Aconc\u00e1\u00f1amo (San Felipe) y La Cayetano (San Felipe), componen&#8230;<\/p>\n","protected":false},"author":1,"featured_media":72651,"comment_status":"open","ping_status":"open","sticky":false,"template":"","format":"standard","meta":{"advanced_seo_description":"","jetpack_seo_html_title":"","jetpack_seo_noindex":false,"_jetpack_memberships_contains_paid_content":false,"footnotes":""},"categories":[1],"tags":[],"class_list":["post-72650","post","type-post","status-publish","format-standard","has-post-thumbnail","hentry","category-cronica"],"jetpack_featured_media_url":"https:\/\/i0.wp.com\/eltrabajo.cl\/portal\/wp-content\/uploads\/2016\/08\/Nicol%C3%A1s-Villaseca.jpg?fit=530%2C348&ssl=1","jetpack_sharing_enabled":true,"jetpack_likes_enabled":true,"jetpack-related-posts":[],"_links":{"self":[{"href":"https:\/\/eltrabajo.cl\/portal\/wp-json\/wp\/v2\/posts\/72650","targetHints":{"allow":["GET"]}}],"collection":[{"href":"https:\/\/eltrabajo.cl\/portal\/wp-json\/wp\/v2\/posts"}],"about":[{"href":"https:\/\/eltrabajo.cl\/portal\/wp-json\/wp\/v2\/types\/post"}],"author":[{"embeddable":true,"href":"https:\/\/eltrabajo.cl\/portal\/wp-json\/wp\/v2\/users\/1"}],"replies":[{"embeddable":true,"href":"https:\/\/eltrabajo.cl\/portal\/wp-json\/wp\/v2\/comments?post=72650"}],"version-history":[{"count":0,"href":"https:\/\/eltrabajo.cl\/portal\/wp-json\/wp\/v2\/posts\/72650\/revisions"}],"wp:featuredmedia":[{"embeddable":true,"href":"https:\/\/eltrabajo.cl\/portal\/wp-json\/wp\/v2\/media\/72651"}],"wp:attachment":[{"href":"https:\/\/eltrabajo.cl\/portal\/wp-json\/wp\/v2\/media?parent=72650"}],"wp:term":[{"taxonomy":"category","embeddable":true,"href":"https:\/\/eltrabajo.cl\/portal\/wp-json\/wp\/v2\/categories?post=72650"},{"taxonomy":"post_tag","embeddable":true,"href":"https:\/\/eltrabajo.cl\/portal\/wp-json\/wp\/v2\/tags?post=72650"}],"curies":[{"name":"wp","href":"https:\/\/api.w.org\/{rel}","templated":true}]}}