{"id":72658,"date":"2016-08-09T09:17:28","date_gmt":"2016-08-09T13:17:28","guid":{"rendered":"http:\/\/www.eltrabajo.cl\/portal\/?p=72658"},"modified":"2016-08-09T09:17:28","modified_gmt":"2016-08-09T13:17:28","slug":"vecinos-de-san-felipe-disfrutaron-de-carruajes-patrimoniales-en-la-plaza-de-armas","status":"publish","type":"post","link":"https:\/\/eltrabajo.cl\/portal\/vecinos-de-san-felipe-disfrutaron-de-carruajes-patrimoniales-en-la-plaza-de-armas\/","title":{"rendered":"Vecinos de San Felipe disfrutaron de carruajes patrimoniales en la Plaza de Armas"},"content":{"rendered":"<ul>\n<li><strong><span style=\"color: #ff0000;\">Oficina de Patrimonio y Turismo, organiz\u00f3 el evento:<\/span>\u00a0Iniciativa de la Municipalidad rescata esta tradici\u00f3n.<\/strong><\/li>\n<\/ul>\n<p>El pasado domingo, las familias que transitaban por la Plaza de Armas de la ciudad de San Felipe, se encontraron con una sorpresa: cuatro carruajes patrimoniales invitaban a los asistentes a dar un paseo por la ciudad.<br \/>\nLa iniciativa correspondi\u00f3 a la Municipalidad de San Felipe, que a trav\u00e9s de su Oficina de Patrimonio y Turismo, organiz\u00f3 el evento.<br \/>\nLos carruajes, propiedad de la familia Estay, han sido fruto de largos a\u00f1os de b\u00fasqueda, conservaci\u00f3n y mantenci\u00f3n y su due\u00f1o, adem\u00e1s, los ofrece para eventos especiales como matrimonios.<br \/>\nEn esta oportunidad, los visitantes que aceptaron la invitaci\u00f3n, fueron acompa\u00f1ados por gu\u00edas tur\u00edsticos, quienes relataban detalles de la historia sanfelipe\u00f1a a medida que segu\u00edan la ruta.<br \/>\n\u201cEl alcalde Patricio Freire, quiso entregar este regalo a la comunidad, rescatando este tradicional medio de transporte. Esta iniciativa fue acogida de muy buena forma por la gente, lo cual nos alienta a evaluar su futura incorporaci\u00f3n como un producto permanente\u201d, coment\u00f3 Manuel Z\u00fa\u00f1iga, coordinador de Patrimonio y Turismo municipal.<\/p>\n<figure id=\"attachment_72659\" aria-describedby=\"caption-attachment-72659\" style=\"width: 530px\" class=\"wp-caption alignleft\"><a href=\"http:\/\/www.eltrabajo.cl\/portal\/vecinos-de-san-felipe-disfrutaron-de-carruajes-patrimoniales-en-la-plaza-de-armas\/carros-3\/\" rel=\"attachment wp-att-72659\"><img data-recalc-dims=\"1\" loading=\"lazy\" decoding=\"async\" class=\"size-full wp-image-72659\" src=\"https:\/\/i0.wp.com\/www.eltrabajo.cl\/portal\/wp-content\/uploads\/2016\/08\/carros-3.jpg?resize=530%2C349\" alt=\"La iniciativa correspondi\u00f3 a la Municipalidad de San Felipe, que a trav\u00e9s de su Oficina de Patrimonio y Turismo, organiz\u00f3 el evento.\" width=\"530\" height=\"349\" srcset=\"https:\/\/i0.wp.com\/eltrabajo.cl\/portal\/wp-content\/uploads\/2016\/08\/carros-3.jpg?w=530&amp;ssl=1 530w, https:\/\/i0.wp.com\/eltrabajo.cl\/portal\/wp-content\/uploads\/2016\/08\/carros-3.jpg?resize=200%2C132&amp;ssl=1 200w, https:\/\/i0.wp.com\/eltrabajo.cl\/portal\/wp-content\/uploads\/2016\/08\/carros-3.jpg?resize=300%2C198&amp;ssl=1 300w, https:\/\/i0.wp.com\/eltrabajo.cl\/portal\/wp-content\/uploads\/2016\/08\/carros-3.jpg?resize=228%2C150&amp;ssl=1 228w, https:\/\/i0.wp.com\/eltrabajo.cl\/portal\/wp-content\/uploads\/2016\/08\/carros-3.jpg?resize=400%2C263&amp;ssl=1 400w\" sizes=\"auto, (max-width: 530px) 100vw, 530px\" \/><\/a><figcaption id=\"caption-attachment-72659\" class=\"wp-caption-text\">La iniciativa correspondi\u00f3 a la Municipalidad de San Felipe, que a trav\u00e9s de su Oficina de Patrimonio y Turismo, organiz\u00f3 el evento.<\/figcaption><\/figure>\n<figure id=\"attachment_72660\" aria-describedby=\"caption-attachment-72660\" style=\"width: 530px\" class=\"wp-caption alignleft\"><a href=\"http:\/\/www.eltrabajo.cl\/portal\/vecinos-de-san-felipe-disfrutaron-de-carruajes-patrimoniales-en-la-plaza-de-armas\/carros-4\/\" rel=\"attachment wp-att-72660\"><img data-recalc-dims=\"1\" loading=\"lazy\" decoding=\"async\" class=\"size-full wp-image-72660\" src=\"https:\/\/i0.wp.com\/www.eltrabajo.cl\/portal\/wp-content\/uploads\/2016\/08\/carros-4.jpg?resize=530%2C349\" alt=\"Cuatro carruajes patrimoniales, invitaban a los asistentes a la Plaza de Armas a dar un paseo por la  ciudad.\" width=\"530\" height=\"349\" srcset=\"https:\/\/i0.wp.com\/eltrabajo.cl\/portal\/wp-content\/uploads\/2016\/08\/carros-4.jpg?w=530&amp;ssl=1 530w, https:\/\/i0.wp.com\/eltrabajo.cl\/portal\/wp-content\/uploads\/2016\/08\/carros-4.jpg?resize=200%2C132&amp;ssl=1 200w, https:\/\/i0.wp.com\/eltrabajo.cl\/portal\/wp-content\/uploads\/2016\/08\/carros-4.jpg?resize=300%2C198&amp;ssl=1 300w, https:\/\/i0.wp.com\/eltrabajo.cl\/portal\/wp-content\/uploads\/2016\/08\/carros-4.jpg?resize=228%2C150&amp;ssl=1 228w, https:\/\/i0.wp.com\/eltrabajo.cl\/portal\/wp-content\/uploads\/2016\/08\/carros-4.jpg?resize=400%2C263&amp;ssl=1 400w\" sizes=\"auto, (max-width: 530px) 100vw, 530px\" \/><\/a><figcaption id=\"caption-attachment-72660\" class=\"wp-caption-text\">Cuatro carruajes patrimoniales, invitaban a los asistentes a la Plaza de Armas a dar un paseo por la ciudad.<\/figcaption><\/figure>\n","protected":false},"excerpt":{"rendered":"<p>Oficina de Patrimonio y Turismo, organiz\u00f3 el evento:\u00a0Iniciativa de la Municipalidad rescata esta tradici\u00f3n. El pasado domingo, las familias que transitaban por la Plaza de Armas de la ciudad de San Felipe,&#8230;<\/p>\n","protected":false},"author":1,"featured_media":72660,"comment_status":"open","ping_status":"open","sticky":false,"template":"","format":"standard","meta":{"advanced_seo_description":"","jetpack_seo_html_title":"","jetpack_seo_noindex":false,"_jetpack_memberships_contains_paid_content":false,"footnotes":""},"categories":[15],"tags":[],"class_list":["post-72658","post","type-post","status-publish","format-standard","has-post-thumbnail","hentry","category-comunidad"],"jetpack_featured_media_url":"https:\/\/i0.wp.com\/eltrabajo.cl\/portal\/wp-content\/uploads\/2016\/08\/carros-4.jpg?fit=530%2C349&ssl=1","jetpack_sharing_enabled":true,"jetpack_likes_enabled":true,"jetpack-related-posts":[],"_links":{"self":[{"href":"https:\/\/eltrabajo.cl\/portal\/wp-json\/wp\/v2\/posts\/72658","targetHints":{"allow":["GET"]}}],"collection":[{"href":"https:\/\/eltrabajo.cl\/portal\/wp-json\/wp\/v2\/posts"}],"about":[{"href":"https:\/\/eltrabajo.cl\/portal\/wp-json\/wp\/v2\/types\/post"}],"author":[{"embeddable":true,"href":"https:\/\/eltrabajo.cl\/portal\/wp-json\/wp\/v2\/users\/1"}],"replies":[{"embeddable":true,"href":"https:\/\/eltrabajo.cl\/portal\/wp-json\/wp\/v2\/comments?post=72658"}],"version-history":[{"count":0,"href":"https:\/\/eltrabajo.cl\/portal\/wp-json\/wp\/v2\/posts\/72658\/revisions"}],"wp:featuredmedia":[{"embeddable":true,"href":"https:\/\/eltrabajo.cl\/portal\/wp-json\/wp\/v2\/media\/72660"}],"wp:attachment":[{"href":"https:\/\/eltrabajo.cl\/portal\/wp-json\/wp\/v2\/media?parent=72658"}],"wp:term":[{"taxonomy":"category","embeddable":true,"href":"https:\/\/eltrabajo.cl\/portal\/wp-json\/wp\/v2\/categories?post=72658"},{"taxonomy":"post_tag","embeddable":true,"href":"https:\/\/eltrabajo.cl\/portal\/wp-json\/wp\/v2\/tags?post=72658"}],"curies":[{"name":"wp","href":"https:\/\/api.w.org\/{rel}","templated":true}]}}