{"id":72663,"date":"2016-08-09T09:21:11","date_gmt":"2016-08-09T13:21:11","guid":{"rendered":"http:\/\/www.eltrabajo.cl\/portal\/?p=72663"},"modified":"2016-08-09T09:21:11","modified_gmt":"2016-08-09T13:21:11","slug":"jugueteros-del-pais-en-la-segunda-expotoys-sanfelipena-de-2016","status":"publish","type":"post","link":"https:\/\/eltrabajo.cl\/portal\/jugueteros-del-pais-en-la-segunda-expotoys-sanfelipena-de-2016\/","title":{"rendered":"Jugueteros del pa\u00eds en la segunda ExpoToys sanfelipe\u00f1a de 2016"},"content":{"rendered":"<p>Organizada por Alejandro Cordero de Custoys Chile, este domingo se realiz\u00f3 en el teatro municipal la III ExpoToys San Felipe 2016 (la primera anterior fue en febrero). Esta jornada de entretenidos pasajes al pasado, a trav\u00e9s de los juguetes de personajes que nos hicieron so\u00f1ar durante las d\u00e9cadas de los ochentas, noventas y 2000, simplemente estuvo a pedir de boca.<\/p>\n<p><strong>LA JUGUETADA<\/strong><br \/>\nDiario El Trabajo realiz\u00f3 un recorrido por la Expo, nuestras c\u00e1maras pillaron a personas disfrazadas como sus s\u00faper h\u00e9roes de infancia; mu\u00f1ecas monstruosas y decenas de \u00edconos del cine de entretenimiento en maquetas de cart\u00f3n y pl\u00e1stico. La actividad inici\u00f3 a las 12:00 horas y finaliz\u00f3 a las 19:00 horas, fueron al menos unos diez exponentes los que participaron y a la feria lleg\u00f3 gente de todas partes de la V Regi\u00f3n.<br \/>\n<strong>Roberto Gonz\u00e1lez Short<\/strong><\/p>\n<figure id=\"attachment_72664\" aria-describedby=\"caption-attachment-72664\" style=\"width: 530px\" class=\"wp-caption alignleft\"><a href=\"http:\/\/www.eltrabajo.cl\/portal\/jugueteros-del-pais-en-la-segunda-expotoys-sanfelipena-de-2016\/campanita33\/\" rel=\"attachment wp-att-72664\"><img data-recalc-dims=\"1\" loading=\"lazy\" decoding=\"async\" class=\"size-full wp-image-72664\" src=\"https:\/\/i0.wp.com\/www.eltrabajo.cl\/portal\/wp-content\/uploads\/2016\/08\/Campanita33.jpg?resize=530%2C348\" alt=\"BELLAS JUGUETERAS.- Ellas son Tamara Mu\u00f1oz y Fernanda Cordero, present\u00e1ndonos a Wall-E y a Campanita.\" width=\"530\" height=\"348\" srcset=\"https:\/\/i0.wp.com\/eltrabajo.cl\/portal\/wp-content\/uploads\/2016\/08\/Campanita33.jpg?w=530&amp;ssl=1 530w, https:\/\/i0.wp.com\/eltrabajo.cl\/portal\/wp-content\/uploads\/2016\/08\/Campanita33.jpg?resize=200%2C131&amp;ssl=1 200w, https:\/\/i0.wp.com\/eltrabajo.cl\/portal\/wp-content\/uploads\/2016\/08\/Campanita33.jpg?resize=300%2C197&amp;ssl=1 300w, https:\/\/i0.wp.com\/eltrabajo.cl\/portal\/wp-content\/uploads\/2016\/08\/Campanita33.jpg?resize=228%2C150&amp;ssl=1 228w, https:\/\/i0.wp.com\/eltrabajo.cl\/portal\/wp-content\/uploads\/2016\/08\/Campanita33.jpg?resize=400%2C263&amp;ssl=1 400w\" sizes=\"auto, (max-width: 530px) 100vw, 530px\" \/><\/a><figcaption id=\"caption-attachment-72664\" class=\"wp-caption-text\">BELLAS JUGUETERAS.- Ellas son Tamara Mu\u00f1oz y Fernanda Cordero, present\u00e1ndonos a Wall-E y a Campanita.<\/figcaption><\/figure>\n<figure id=\"attachment_72665\" aria-describedby=\"caption-attachment-72665\" style=\"width: 530px\" class=\"wp-caption alignleft\"><a href=\"http:\/\/www.eltrabajo.cl\/portal\/jugueteros-del-pais-en-la-segunda-expotoys-sanfelipena-de-2016\/gundams33\/\" rel=\"attachment wp-att-72665\"><img data-recalc-dims=\"1\" loading=\"lazy\" decoding=\"async\" class=\"size-full wp-image-72665\" src=\"https:\/\/i0.wp.com\/www.eltrabajo.cl\/portal\/wp-content\/uploads\/2016\/08\/Gundams33.jpg?resize=530%2C348\" alt=\"LOS GUNDAMS.- Esta es la colecci\u00f3n de Gundam japon\u00e9s, algo parecido a los Transformers, al fondo, su juguetero Luis Carvajal, de Quillota.\" width=\"530\" height=\"348\" srcset=\"https:\/\/i0.wp.com\/eltrabajo.cl\/portal\/wp-content\/uploads\/2016\/08\/Gundams33.jpg?w=530&amp;ssl=1 530w, https:\/\/i0.wp.com\/eltrabajo.cl\/portal\/wp-content\/uploads\/2016\/08\/Gundams33.jpg?resize=200%2C131&amp;ssl=1 200w, https:\/\/i0.wp.com\/eltrabajo.cl\/portal\/wp-content\/uploads\/2016\/08\/Gundams33.jpg?resize=300%2C197&amp;ssl=1 300w, https:\/\/i0.wp.com\/eltrabajo.cl\/portal\/wp-content\/uploads\/2016\/08\/Gundams33.jpg?resize=228%2C150&amp;ssl=1 228w, https:\/\/i0.wp.com\/eltrabajo.cl\/portal\/wp-content\/uploads\/2016\/08\/Gundams33.jpg?resize=400%2C263&amp;ssl=1 400w\" sizes=\"auto, (max-width: 530px) 100vw, 530px\" \/><\/a><figcaption id=\"caption-attachment-72665\" class=\"wp-caption-text\">LOS GUNDAMS.- Esta es la colecci\u00f3n de Gundam japon\u00e9s, algo parecido a los Transformers, al fondo, su juguetero Luis Carvajal, de Quillota.<\/figcaption><\/figure>\n<figure id=\"attachment_72666\" aria-describedby=\"caption-attachment-72666\" style=\"width: 530px\" class=\"wp-caption alignleft\"><a href=\"http:\/\/www.eltrabajo.cl\/portal\/jugueteros-del-pais-en-la-segunda-expotoys-sanfelipena-de-2016\/raul-garrido\/\" rel=\"attachment wp-att-72666\"><img data-recalc-dims=\"1\" loading=\"lazy\" decoding=\"async\" class=\"size-full wp-image-72666\" src=\"https:\/\/i0.wp.com\/www.eltrabajo.cl\/portal\/wp-content\/uploads\/2016\/08\/Raul-Garrido.jpg?resize=530%2C350\" alt=\"EXPERTO EN TORTUGAS.- Ra\u00fal Garrido muestra a Diario El Trabajo su colecci\u00f3n de las Tortugas Ninjas.\" width=\"530\" height=\"350\" srcset=\"https:\/\/i0.wp.com\/eltrabajo.cl\/portal\/wp-content\/uploads\/2016\/08\/Raul-Garrido.jpg?w=530&amp;ssl=1 530w, https:\/\/i0.wp.com\/eltrabajo.cl\/portal\/wp-content\/uploads\/2016\/08\/Raul-Garrido.jpg?resize=200%2C132&amp;ssl=1 200w, https:\/\/i0.wp.com\/eltrabajo.cl\/portal\/wp-content\/uploads\/2016\/08\/Raul-Garrido.jpg?resize=300%2C198&amp;ssl=1 300w, https:\/\/i0.wp.com\/eltrabajo.cl\/portal\/wp-content\/uploads\/2016\/08\/Raul-Garrido.jpg?resize=227%2C150&amp;ssl=1 227w, https:\/\/i0.wp.com\/eltrabajo.cl\/portal\/wp-content\/uploads\/2016\/08\/Raul-Garrido.jpg?resize=400%2C264&amp;ssl=1 400w\" sizes=\"auto, (max-width: 530px) 100vw, 530px\" \/><\/a><figcaption id=\"caption-attachment-72666\" class=\"wp-caption-text\">EXPERTO EN TORTUGAS.- Ra\u00fal Garrido muestra a Diario El Trabajo su colecci\u00f3n de las Tortugas Ninjas.<\/figcaption><\/figure>\n<figure id=\"attachment_72667\" aria-describedby=\"caption-attachment-72667\" style=\"width: 530px\" class=\"wp-caption alignleft\"><a href=\"http:\/\/www.eltrabajo.cl\/portal\/jugueteros-del-pais-en-la-segunda-expotoys-sanfelipena-de-2016\/tortus28\/\" rel=\"attachment wp-att-72667\"><img data-recalc-dims=\"1\" loading=\"lazy\" decoding=\"async\" class=\"size-full wp-image-72667\" src=\"https:\/\/i0.wp.com\/www.eltrabajo.cl\/portal\/wp-content\/uploads\/2016\/08\/Tortus28.jpg?resize=530%2C350\" alt=\"SIEMPRE VIGENTES.- Aqu\u00ed tenemos a los personajes principales de esta colecci\u00f3n especial de juguetes.\" width=\"530\" height=\"350\" srcset=\"https:\/\/i0.wp.com\/eltrabajo.cl\/portal\/wp-content\/uploads\/2016\/08\/Tortus28.jpg?w=530&amp;ssl=1 530w, https:\/\/i0.wp.com\/eltrabajo.cl\/portal\/wp-content\/uploads\/2016\/08\/Tortus28.jpg?resize=200%2C132&amp;ssl=1 200w, https:\/\/i0.wp.com\/eltrabajo.cl\/portal\/wp-content\/uploads\/2016\/08\/Tortus28.jpg?resize=300%2C198&amp;ssl=1 300w, https:\/\/i0.wp.com\/eltrabajo.cl\/portal\/wp-content\/uploads\/2016\/08\/Tortus28.jpg?resize=227%2C150&amp;ssl=1 227w, https:\/\/i0.wp.com\/eltrabajo.cl\/portal\/wp-content\/uploads\/2016\/08\/Tortus28.jpg?resize=400%2C264&amp;ssl=1 400w\" sizes=\"auto, (max-width: 530px) 100vw, 530px\" \/><\/a><figcaption id=\"caption-attachment-72667\" class=\"wp-caption-text\">SIEMPRE VIGENTES.- Aqu\u00ed tenemos a los personajes principales de esta colecci\u00f3n especial de juguetes.<\/figcaption><\/figure>\n","protected":false},"excerpt":{"rendered":"<p>Organizada por Alejandro Cordero de Custoys Chile, este domingo se realiz\u00f3 en el teatro municipal la III ExpoToys San Felipe 2016 (la primera anterior fue en febrero). Esta jornada de entretenidos pasajes&#8230;<\/p>\n","protected":false},"author":1,"featured_media":72664,"comment_status":"open","ping_status":"open","sticky":false,"template":"","format":"standard","meta":{"advanced_seo_description":"","jetpack_seo_html_title":"","jetpack_seo_noindex":false,"_jetpack_memberships_contains_paid_content":false,"footnotes":""},"categories":[15],"tags":[],"class_list":["post-72663","post","type-post","status-publish","format-standard","has-post-thumbnail","hentry","category-comunidad"],"jetpack_featured_media_url":"https:\/\/i0.wp.com\/eltrabajo.cl\/portal\/wp-content\/uploads\/2016\/08\/Campanita33.jpg?fit=530%2C348&ssl=1","jetpack_sharing_enabled":true,"jetpack_likes_enabled":true,"jetpack-related-posts":[],"_links":{"self":[{"href":"https:\/\/eltrabajo.cl\/portal\/wp-json\/wp\/v2\/posts\/72663","targetHints":{"allow":["GET"]}}],"collection":[{"href":"https:\/\/eltrabajo.cl\/portal\/wp-json\/wp\/v2\/posts"}],"about":[{"href":"https:\/\/eltrabajo.cl\/portal\/wp-json\/wp\/v2\/types\/post"}],"author":[{"embeddable":true,"href":"https:\/\/eltrabajo.cl\/portal\/wp-json\/wp\/v2\/users\/1"}],"replies":[{"embeddable":true,"href":"https:\/\/eltrabajo.cl\/portal\/wp-json\/wp\/v2\/comments?post=72663"}],"version-history":[{"count":0,"href":"https:\/\/eltrabajo.cl\/portal\/wp-json\/wp\/v2\/posts\/72663\/revisions"}],"wp:featuredmedia":[{"embeddable":true,"href":"https:\/\/eltrabajo.cl\/portal\/wp-json\/wp\/v2\/media\/72664"}],"wp:attachment":[{"href":"https:\/\/eltrabajo.cl\/portal\/wp-json\/wp\/v2\/media?parent=72663"}],"wp:term":[{"taxonomy":"category","embeddable":true,"href":"https:\/\/eltrabajo.cl\/portal\/wp-json\/wp\/v2\/categories?post=72663"},{"taxonomy":"post_tag","embeddable":true,"href":"https:\/\/eltrabajo.cl\/portal\/wp-json\/wp\/v2\/tags?post=72663"}],"curies":[{"name":"wp","href":"https:\/\/api.w.org\/{rel}","templated":true}]}}