{"id":72670,"date":"2016-08-09T09:31:50","date_gmt":"2016-08-09T13:31:50","guid":{"rendered":"http:\/\/www.eltrabajo.cl\/portal\/?p=72670"},"modified":"2016-08-09T09:31:50","modified_gmt":"2016-08-09T13:31:50","slug":"recluso-creo-pagina-web-para-que-reos-vendan-sus-productos-artesanales","status":"publish","type":"post","link":"https:\/\/eltrabajo.cl\/portal\/recluso-creo-pagina-web-para-que-reos-vendan-sus-productos-artesanales\/","title":{"rendered":"Recluso cre\u00f3 p\u00e1gina Web para que reos vendan sus productos artesanales"},"content":{"rendered":"<ul>\n<li><strong>Producci\u00f3n en cuero, madera y metal se fabrica en talleres de la c\u00e1rcel:<\/strong><\/li>\n<\/ul>\n<p>No solamente estar privado de su libertad es una tortura psicol\u00f3gica, tambi\u00e9n lo es para quienes buscan superarse y sobrevivir en una prisi\u00f3n, el invertir tiempo y dinero en la fabricaci\u00f3n de artesan\u00edas y productos de cuero y metal, pero sin poder venderlos, pues no tienen c\u00f3mo ofrecerlos al mundo exterior.<br \/>\nPues bien, ese es el problema que los 70 internos del CCP San Felipe integrados a los talleres de trabajo, han venido enfrentando a\u00f1o tras a\u00f1o, el de tener excelente producci\u00f3n, no la pod\u00edan vender, pues el mundo exterior muchas veces no quiere saber que ellos existen.<\/p>\n<figure id=\"attachment_72672\" aria-describedby=\"caption-attachment-72672\" style=\"width: 300px\" class=\"wp-caption alignleft\"><a href=\"http:\/\/www.eltrabajo.cl\/portal\/recluso-creo-pagina-web-para-que-reos-vendan-sus-productos-artesanales\/cristopher28\/\" rel=\"attachment wp-att-72672\"><img data-recalc-dims=\"1\" loading=\"lazy\" decoding=\"async\" class=\"size-medium wp-image-72672\" src=\"https:\/\/i0.wp.com\/www.eltrabajo.cl\/portal\/wp-content\/uploads\/2016\/08\/Cristopher28-300x197.jpg?resize=300%2C197\" alt=\"CRE\u00d3 UNA WEB.- Cristopher Nicholas Schott Fabregas, est\u00e1 recluido por reincidencia de conducir en estado de ebriedad.\" width=\"300\" height=\"197\" srcset=\"https:\/\/i0.wp.com\/eltrabajo.cl\/portal\/wp-content\/uploads\/2016\/08\/Cristopher28.jpg?resize=300%2C197&amp;ssl=1 300w, https:\/\/i0.wp.com\/eltrabajo.cl\/portal\/wp-content\/uploads\/2016\/08\/Cristopher28.jpg?resize=200%2C131&amp;ssl=1 200w, https:\/\/i0.wp.com\/eltrabajo.cl\/portal\/wp-content\/uploads\/2016\/08\/Cristopher28.jpg?resize=228%2C150&amp;ssl=1 228w, https:\/\/i0.wp.com\/eltrabajo.cl\/portal\/wp-content\/uploads\/2016\/08\/Cristopher28.jpg?resize=400%2C263&amp;ssl=1 400w, https:\/\/i0.wp.com\/eltrabajo.cl\/portal\/wp-content\/uploads\/2016\/08\/Cristopher28.jpg?w=530&amp;ssl=1 530w\" sizes=\"auto, (max-width: 300px) 100vw, 300px\" \/><\/a><figcaption id=\"caption-attachment-72672\" class=\"wp-caption-text\">CRE\u00d3 UNA WEB.- Cristopher Nicholas Schott Fabregas, est\u00e1 recluido por reincidencia de conducir en estado de ebriedad.<\/figcaption><\/figure>\n<p>Fue viendo esta necesidad y tambi\u00e9n porque la viv\u00eda en carne propia, que un interno, el ingeniero en inform\u00e1tica Cristopher Nicholas Schott Fabregas, quien est\u00e1 recluido por reincidencia de conducir en estado de ebriedad, que ide\u00f3 presentar un proyecto a las autoridades de Gendarmer\u00eda, proyecto que instaurar\u00eda el funcionamiento de una p\u00e1gina Web para que todos los internos puedan promocionar sus productos en Internet.<\/p>\n<p><strong>VALIOSO APORTE<\/strong><br \/>\nDiario El Trabajo habl\u00f3 de manera exclusiva con este recluso, y con las autoridades que le permitieron ayudar a sus iguales.<\/p>\n<figure id=\"attachment_72671\" aria-describedby=\"caption-attachment-72671\" style=\"width: 300px\" class=\"wp-caption alignleft\"><a href=\"http:\/\/www.eltrabajo.cl\/portal\/recluso-creo-pagina-web-para-que-reos-vendan-sus-productos-artesanales\/andrea-sepulveda-2\/\" rel=\"attachment wp-att-72671\"><img data-recalc-dims=\"1\" loading=\"lazy\" decoding=\"async\" class=\"size-medium wp-image-72671\" src=\"https:\/\/i0.wp.com\/www.eltrabajo.cl\/portal\/wp-content\/uploads\/2016\/08\/Andrea-Sepulveda-300x197.jpg?resize=300%2C197\" alt=\"Andrea Sep\u00falveda, psic\u00f3loga y jefa del \u00c1rea T\u00e9cnica del CCP San Felipe.\" width=\"300\" height=\"197\" srcset=\"https:\/\/i0.wp.com\/eltrabajo.cl\/portal\/wp-content\/uploads\/2016\/08\/Andrea-Sepulveda.jpg?resize=300%2C197&amp;ssl=1 300w, https:\/\/i0.wp.com\/eltrabajo.cl\/portal\/wp-content\/uploads\/2016\/08\/Andrea-Sepulveda.jpg?resize=200%2C131&amp;ssl=1 200w, https:\/\/i0.wp.com\/eltrabajo.cl\/portal\/wp-content\/uploads\/2016\/08\/Andrea-Sepulveda.jpg?resize=228%2C150&amp;ssl=1 228w, https:\/\/i0.wp.com\/eltrabajo.cl\/portal\/wp-content\/uploads\/2016\/08\/Andrea-Sepulveda.jpg?resize=400%2C263&amp;ssl=1 400w, https:\/\/i0.wp.com\/eltrabajo.cl\/portal\/wp-content\/uploads\/2016\/08\/Andrea-Sepulveda.jpg?w=530&amp;ssl=1 530w\" sizes=\"auto, (max-width: 300px) 100vw, 300px\" \/><\/a><figcaption id=\"caption-attachment-72671\" class=\"wp-caption-text\">Andrea Sep\u00falveda, psic\u00f3loga y jefa del \u00c1rea T\u00e9cnica del CCP San Felipe.<\/figcaption><\/figure>\n<p>\u00abSiempre los internos han tenido dificultades para comercializar los productos artesanales que generan en los talleres, as\u00ed, aunque se fabriquen buenos zapatos, bolsos de cuero; tapicer\u00eda de sillones y otros trabajos en metal por ejemplo, a veces pasan hasta seis meses sin poder venderlos. Fue as\u00ed que un interno, Cristopher Nicholas Schott Fabregas, quien tiene conocimientos en inform\u00e1tica, nos propuso que de manera supervisada le permiti\u00e9ramos dise\u00f1ar una p\u00e1gina Web, as\u00ed, una vez terminada, la Web fue habilitada y en ella se ofrecen los productos que se fabrican en este centro penitenciario, un gran aporte para la poblaci\u00f3n penal\u00bb, explic\u00f3 Andrea Sep\u00falveda, psic\u00f3loga y jefa del \u00c1rea T\u00e9cnica del CCP San Felipe a Diario El Trabajo.<br \/>\nNuestro medio, visit\u00f3 el taller donde se fabrican productos de cuero entre otras iniciativas, de manera Exclusiva pudimos fotografiar el esfuerzo y las ilusiones de estas personas, quienes con humildad mostraron sus talentos y sus productos. As\u00ed nos habl\u00f3 Cristopher Schott.<br \/>\n<strong>&#8211; \u00bfQui\u00e9n eres y c\u00f3mo es que est\u00e1s preso?<\/strong><br \/>\n&#8211; \u201cSoy ingeniero en inform\u00e1tica. Vivo en Los Andes desde hace muchos a\u00f1os. Fui condenado a 18 meses de prisi\u00f3n por Conducci\u00f3n en estado de ebriedad y estoy muy arrepentido por mi error, aunque no atropell\u00e9 a nadie, puse en peligro a los dem\u00e1s manejando en ese estado\u201d.<br \/>\n<strong>&#8211; \u00bfC\u00f3mo se te ocurri\u00f3 la idea de crear esta p\u00e1gina Web?<\/strong><br \/>\n&#8211; \u201cCuando llegu\u00e9 a esta c\u00e1rcel me incorpor\u00e9 a los talleres, aprend\u00ed a trabajar en cuero y vi tambi\u00e9n que aunque se produce bastante, de muy poco sirve, pues no se puede vender, ya que la gente no viene o no sabe que aqu\u00ed hay trabajos a la venta\u201d.<br \/>\n<strong>&#8211; \u00bfC\u00f3mo reaccionaron las autoridades ante tu solicitud?<\/strong><br \/>\n&#8211; \u201cEl alcaide que en ese momento estaba a cargo del CCP San Felipe era el capit\u00e1n Valdez, \u00e9l me autoriz\u00f3 el proyecto y las dem\u00e1s autoridades me han apoyado, pagamos el Dominio por dos a\u00f1os, con dinero de los mismos internos, quienes reunimos el monto en una colecta\u201d.<br \/>\n<strong>&#8211; \u00bfC\u00f3mo funciona este mercado virtual?<\/strong><br \/>\n&#8211; \u201cLas personas pueden ingresar a www.taller- fiscal.cl y ver lo que desea comprar, si no hay lo que busca, puede solicitar el producto deseado, o enviarnos una foto del producto o mueble que quiere, nosotros lo fabricamos. Mis compa\u00f1eros internos est\u00e1n contentos con esta p\u00e1gina Web, pronto quiz\u00e1 termine mi condena, s\u00f3lo espero que sepan aprovecharla.<br \/>\nLos interesados en cotizar precios con los internos, pueden ingresar a www.tallerfiscal.cl para llenar formulario, o bien directamente en el CCP San Felipe\u201d.<br \/>\n<strong>Roberto Gonz\u00e1lez Short<\/strong><\/p>\n<figure id=\"attachment_72674\" aria-describedby=\"caption-attachment-72674\" style=\"width: 300px\" class=\"wp-caption alignleft\"><a href=\"http:\/\/www.eltrabajo.cl\/portal\/recluso-creo-pagina-web-para-que-reos-vendan-sus-productos-artesanales\/hugo-soto-pino\/\" rel=\"attachment wp-att-72674\"><img data-recalc-dims=\"1\" loading=\"lazy\" decoding=\"async\" class=\"size-medium wp-image-72674\" src=\"https:\/\/i0.wp.com\/www.eltrabajo.cl\/portal\/wp-content\/uploads\/2016\/08\/Hugo-Soto-Pino-300x198.jpg?resize=300%2C198\" alt=\"GRAN ARTESANO.- Hugo Soto Pino, elabora decenas de artesan\u00edas en distintos materiales.\" width=\"300\" height=\"198\" srcset=\"https:\/\/i0.wp.com\/eltrabajo.cl\/portal\/wp-content\/uploads\/2016\/08\/Hugo-Soto-Pino.jpg?resize=300%2C198&amp;ssl=1 300w, https:\/\/i0.wp.com\/eltrabajo.cl\/portal\/wp-content\/uploads\/2016\/08\/Hugo-Soto-Pino.jpg?resize=200%2C132&amp;ssl=1 200w, https:\/\/i0.wp.com\/eltrabajo.cl\/portal\/wp-content\/uploads\/2016\/08\/Hugo-Soto-Pino.jpg?resize=228%2C150&amp;ssl=1 228w, https:\/\/i0.wp.com\/eltrabajo.cl\/portal\/wp-content\/uploads\/2016\/08\/Hugo-Soto-Pino.jpg?resize=400%2C263&amp;ssl=1 400w, https:\/\/i0.wp.com\/eltrabajo.cl\/portal\/wp-content\/uploads\/2016\/08\/Hugo-Soto-Pino.jpg?w=530&amp;ssl=1 530w\" sizes=\"auto, (max-width: 300px) 100vw, 300px\" \/><\/a><figcaption id=\"caption-attachment-72674\" class=\"wp-caption-text\">GRAN ARTESANO.- Hugo Soto Pino, elabora decenas de artesan\u00edas en distintos materiales.<\/figcaption><\/figure>\n<figure id=\"attachment_72675\" aria-describedby=\"caption-attachment-72675\" style=\"width: 300px\" class=\"wp-caption alignleft\"><a href=\"http:\/\/www.eltrabajo.cl\/portal\/recluso-creo-pagina-web-para-que-reos-vendan-sus-productos-artesanales\/marcos-bustamante\/\" rel=\"attachment wp-att-72675\"><img data-recalc-dims=\"1\" loading=\"lazy\" decoding=\"async\" class=\"size-medium wp-image-72675\" src=\"https:\/\/i0.wp.com\/www.eltrabajo.cl\/portal\/wp-content\/uploads\/2016\/08\/Marcos-Bustamante-300x198.jpg?resize=300%2C198\" alt=\"EXPERTO EN CUERO.- Marcos Bustamante, dirige el taller en cuero.\" width=\"300\" height=\"198\" srcset=\"https:\/\/i0.wp.com\/eltrabajo.cl\/portal\/wp-content\/uploads\/2016\/08\/Marcos-Bustamante.jpg?resize=300%2C198&amp;ssl=1 300w, https:\/\/i0.wp.com\/eltrabajo.cl\/portal\/wp-content\/uploads\/2016\/08\/Marcos-Bustamante.jpg?resize=200%2C132&amp;ssl=1 200w, https:\/\/i0.wp.com\/eltrabajo.cl\/portal\/wp-content\/uploads\/2016\/08\/Marcos-Bustamante.jpg?resize=228%2C150&amp;ssl=1 228w, https:\/\/i0.wp.com\/eltrabajo.cl\/portal\/wp-content\/uploads\/2016\/08\/Marcos-Bustamante.jpg?resize=400%2C263&amp;ssl=1 400w, https:\/\/i0.wp.com\/eltrabajo.cl\/portal\/wp-content\/uploads\/2016\/08\/Marcos-Bustamante.jpg?w=530&amp;ssl=1 530w\" sizes=\"auto, (max-width: 300px) 100vw, 300px\" \/><\/a><figcaption id=\"caption-attachment-72675\" class=\"wp-caption-text\">EXPERTO EN CUERO.- Marcos Bustamante, dirige el taller en cuero.<\/figcaption><\/figure>\n<p>&nbsp;<\/p>\n<p><a href=\"http:\/\/www.eltrabajo.cl\/portal\/recluso-creo-pagina-web-para-que-reos-vendan-sus-productos-artesanales\/sillones33\/\" rel=\"attachment wp-att-72677\"><br \/>\n<\/a><a href=\"http:\/\/www.eltrabajo.cl\/portal\/recluso-creo-pagina-web-para-que-reos-vendan-sus-productos-artesanales\/taller3-2\/\" rel=\"attachment wp-att-72678\"><br \/>\n<\/a><a href=\"http:\/\/www.eltrabajo.cl\/portal\/recluso-creo-pagina-web-para-que-reos-vendan-sus-productos-artesanales\/talleres33\/\" rel=\"attachment wp-att-72679\"><\/p>\n<p><\/a><\/p>\n<p>&nbsp;<\/p>\n<p>&nbsp;<\/p>\n<p>&nbsp;<\/p>\n<figure id=\"attachment_72678\" aria-describedby=\"caption-attachment-72678\" style=\"width: 530px\" class=\"wp-caption alignleft\"><a href=\"http:\/\/www.eltrabajo.cl\/portal\/recluso-creo-pagina-web-para-que-reos-vendan-sus-productos-artesanales\/taller3-2\/\" rel=\"attachment wp-att-72678\"><img data-recalc-dims=\"1\" loading=\"lazy\" decoding=\"async\" class=\"size-full wp-image-72678\" src=\"https:\/\/i0.wp.com\/www.eltrabajo.cl\/portal\/wp-content\/uploads\/2016\/08\/taller3.jpg?resize=530%2C348\" alt=\"TALLERES ONLINE.- Como muestra la imagen, poco a poco la Web se va llenando de productos para la venta.\" width=\"530\" height=\"348\" srcset=\"https:\/\/i0.wp.com\/eltrabajo.cl\/portal\/wp-content\/uploads\/2016\/08\/taller3.jpg?w=530&amp;ssl=1 530w, https:\/\/i0.wp.com\/eltrabajo.cl\/portal\/wp-content\/uploads\/2016\/08\/taller3.jpg?resize=200%2C131&amp;ssl=1 200w, https:\/\/i0.wp.com\/eltrabajo.cl\/portal\/wp-content\/uploads\/2016\/08\/taller3.jpg?resize=300%2C197&amp;ssl=1 300w, https:\/\/i0.wp.com\/eltrabajo.cl\/portal\/wp-content\/uploads\/2016\/08\/taller3.jpg?resize=228%2C150&amp;ssl=1 228w, https:\/\/i0.wp.com\/eltrabajo.cl\/portal\/wp-content\/uploads\/2016\/08\/taller3.jpg?resize=400%2C263&amp;ssl=1 400w\" sizes=\"auto, (max-width: 530px) 100vw, 530px\" \/><\/a><figcaption id=\"caption-attachment-72678\" class=\"wp-caption-text\">TALLERES ONLINE.- Como muestra la imagen, poco a poco la Web se va llenando de productos para la venta.<\/figcaption><\/figure>\n<figure id=\"attachment_72679\" aria-describedby=\"caption-attachment-72679\" style=\"width: 530px\" class=\"wp-caption alignleft\"><a href=\"http:\/\/www.eltrabajo.cl\/portal\/recluso-creo-pagina-web-para-que-reos-vendan-sus-productos-artesanales\/talleres33\/\" rel=\"attachment wp-att-72679\"><img data-recalc-dims=\"1\" loading=\"lazy\" decoding=\"async\" class=\"size-full wp-image-72679\" src=\"https:\/\/i0.wp.com\/www.eltrabajo.cl\/portal\/wp-content\/uploads\/2016\/08\/Talleres33.jpg?resize=530%2C349\" alt=\"TALLER EN CUERO.- Las c\u00e1maras de Diario El Trabajo toman registro de las faenas de los internos Patricio Olivares, Siprian Arriaga y el experto zapatero Marcos Bustamante, quien dirige este taller en cuero.\" width=\"530\" height=\"349\" srcset=\"https:\/\/i0.wp.com\/eltrabajo.cl\/portal\/wp-content\/uploads\/2016\/08\/Talleres33.jpg?w=530&amp;ssl=1 530w, https:\/\/i0.wp.com\/eltrabajo.cl\/portal\/wp-content\/uploads\/2016\/08\/Talleres33.jpg?resize=200%2C132&amp;ssl=1 200w, https:\/\/i0.wp.com\/eltrabajo.cl\/portal\/wp-content\/uploads\/2016\/08\/Talleres33.jpg?resize=300%2C198&amp;ssl=1 300w, https:\/\/i0.wp.com\/eltrabajo.cl\/portal\/wp-content\/uploads\/2016\/08\/Talleres33.jpg?resize=228%2C150&amp;ssl=1 228w, https:\/\/i0.wp.com\/eltrabajo.cl\/portal\/wp-content\/uploads\/2016\/08\/Talleres33.jpg?resize=400%2C263&amp;ssl=1 400w\" sizes=\"auto, (max-width: 530px) 100vw, 530px\" \/><\/a><figcaption id=\"caption-attachment-72679\" class=\"wp-caption-text\">TALLER EN CUERO.- Las c\u00e1maras de Diario El Trabajo toman registro de las faenas de los internos Patricio Olivares, Siprian Arriaga y el experto zapatero Marcos Bustamante, quien dirige este taller en cuero.<\/figcaption><\/figure>\n<figure id=\"attachment_72677\" aria-describedby=\"caption-attachment-72677\" style=\"width: 530px\" class=\"wp-caption alignleft\"><a href=\"http:\/\/www.eltrabajo.cl\/portal\/recluso-creo-pagina-web-para-que-reos-vendan-sus-productos-artesanales\/sillones33\/\" rel=\"attachment wp-att-72677\"><img data-recalc-dims=\"1\" loading=\"lazy\" decoding=\"async\" class=\"size-full wp-image-72677\" src=\"https:\/\/i0.wp.com\/www.eltrabajo.cl\/portal\/wp-content\/uploads\/2016\/08\/Sillones33.jpg?resize=530%2C348\" alt=\"REPARAN MUEBLES.- Tambi\u00e9n estos internos se la saben todas en reparaci\u00f3n de muebles para el hogar, y a un mejor precio.\" width=\"530\" height=\"348\" srcset=\"https:\/\/i0.wp.com\/eltrabajo.cl\/portal\/wp-content\/uploads\/2016\/08\/Sillones33.jpg?w=530&amp;ssl=1 530w, https:\/\/i0.wp.com\/eltrabajo.cl\/portal\/wp-content\/uploads\/2016\/08\/Sillones33.jpg?resize=200%2C131&amp;ssl=1 200w, https:\/\/i0.wp.com\/eltrabajo.cl\/portal\/wp-content\/uploads\/2016\/08\/Sillones33.jpg?resize=300%2C197&amp;ssl=1 300w, https:\/\/i0.wp.com\/eltrabajo.cl\/portal\/wp-content\/uploads\/2016\/08\/Sillones33.jpg?resize=228%2C150&amp;ssl=1 228w, https:\/\/i0.wp.com\/eltrabajo.cl\/portal\/wp-content\/uploads\/2016\/08\/Sillones33.jpg?resize=400%2C263&amp;ssl=1 400w\" sizes=\"auto, (max-width: 530px) 100vw, 530px\" \/><\/a><figcaption id=\"caption-attachment-72677\" class=\"wp-caption-text\">REPARAN MUEBLES.- Tambi\u00e9n estos internos se la saben todas en reparaci\u00f3n de muebles para el hogar, y a un mejor precio.<\/figcaption><\/figure>\n<figure id=\"attachment_72676\" aria-describedby=\"caption-attachment-72676\" style=\"width: 530px\" class=\"wp-caption alignleft\"><a href=\"http:\/\/www.eltrabajo.cl\/portal\/recluso-creo-pagina-web-para-que-reos-vendan-sus-productos-artesanales\/pagina33\/\" rel=\"attachment wp-att-72676\"><img data-recalc-dims=\"1\" loading=\"lazy\" decoding=\"async\" class=\"size-full wp-image-72676\" src=\"https:\/\/i0.wp.com\/www.eltrabajo.cl\/portal\/wp-content\/uploads\/2016\/08\/Pagina33.jpg?resize=530%2C349\" alt=\"S\u00d3LO CON UN CLICK.- Este es el portal que en Internet est\u00e1 habilitado para comprar y cotizar los productos de los internos.\" width=\"530\" height=\"349\" srcset=\"https:\/\/i0.wp.com\/eltrabajo.cl\/portal\/wp-content\/uploads\/2016\/08\/Pagina33.jpg?w=530&amp;ssl=1 530w, https:\/\/i0.wp.com\/eltrabajo.cl\/portal\/wp-content\/uploads\/2016\/08\/Pagina33.jpg?resize=200%2C132&amp;ssl=1 200w, https:\/\/i0.wp.com\/eltrabajo.cl\/portal\/wp-content\/uploads\/2016\/08\/Pagina33.jpg?resize=300%2C198&amp;ssl=1 300w, https:\/\/i0.wp.com\/eltrabajo.cl\/portal\/wp-content\/uploads\/2016\/08\/Pagina33.jpg?resize=228%2C150&amp;ssl=1 228w, https:\/\/i0.wp.com\/eltrabajo.cl\/portal\/wp-content\/uploads\/2016\/08\/Pagina33.jpg?resize=400%2C263&amp;ssl=1 400w\" sizes=\"auto, (max-width: 530px) 100vw, 530px\" \/><\/a><figcaption id=\"caption-attachment-72676\" class=\"wp-caption-text\">S\u00d3LO CON UN CLICK.- Este es el portal que en Internet est\u00e1 habilitado para comprar y cotizar los productos de los internos.<\/figcaption><\/figure>\n<figure id=\"attachment_72673\" aria-describedby=\"caption-attachment-72673\" style=\"width: 530px\" class=\"wp-caption alignleft\"><a href=\"http:\/\/www.eltrabajo.cl\/portal\/recluso-creo-pagina-web-para-que-reos-vendan-sus-productos-artesanales\/cuero33\/\" rel=\"attachment wp-att-72673\"><img data-recalc-dims=\"1\" loading=\"lazy\" decoding=\"async\" class=\"size-full wp-image-72673\" src=\"https:\/\/i0.wp.com\/www.eltrabajo.cl\/portal\/wp-content\/uploads\/2016\/08\/Cuero33.jpg?resize=530%2C350\" alt=\"DE PRIMERA.- Estas son las plantillas y zapatos en cuero que se ofrecen el la p\u00e1gina Web del CCP San Felipe.\" width=\"530\" height=\"350\" srcset=\"https:\/\/i0.wp.com\/eltrabajo.cl\/portal\/wp-content\/uploads\/2016\/08\/Cuero33.jpg?w=530&amp;ssl=1 530w, https:\/\/i0.wp.com\/eltrabajo.cl\/portal\/wp-content\/uploads\/2016\/08\/Cuero33.jpg?resize=200%2C132&amp;ssl=1 200w, https:\/\/i0.wp.com\/eltrabajo.cl\/portal\/wp-content\/uploads\/2016\/08\/Cuero33.jpg?resize=300%2C198&amp;ssl=1 300w, https:\/\/i0.wp.com\/eltrabajo.cl\/portal\/wp-content\/uploads\/2016\/08\/Cuero33.jpg?resize=227%2C150&amp;ssl=1 227w, https:\/\/i0.wp.com\/eltrabajo.cl\/portal\/wp-content\/uploads\/2016\/08\/Cuero33.jpg?resize=400%2C264&amp;ssl=1 400w\" sizes=\"auto, (max-width: 530px) 100vw, 530px\" \/><\/a><figcaption id=\"caption-attachment-72673\" class=\"wp-caption-text\">DE PRIMERA.- Estas son las plantillas y zapatos en cuero que se ofrecen el la p\u00e1gina Web del CCP San Felipe.<\/figcaption><\/figure>\n","protected":false},"excerpt":{"rendered":"<p>Producci\u00f3n en cuero, madera y metal se fabrica en talleres de la c\u00e1rcel: No solamente estar privado de su libertad es una tortura psicol\u00f3gica, tambi\u00e9n lo es para quienes buscan superarse y&#8230;<\/p>\n","protected":false},"author":1,"featured_media":72679,"comment_status":"open","ping_status":"open","sticky":false,"template":"","format":"standard","meta":{"advanced_seo_description":"","jetpack_seo_html_title":"","jetpack_seo_noindex":false,"_jetpack_memberships_contains_paid_content":false,"footnotes":""},"categories":[15],"tags":[],"class_list":["post-72670","post","type-post","status-publish","format-standard","has-post-thumbnail","hentry","category-comunidad"],"jetpack_featured_media_url":"https:\/\/i0.wp.com\/eltrabajo.cl\/portal\/wp-content\/uploads\/2016\/08\/Talleres33.jpg?fit=530%2C349&ssl=1","jetpack_sharing_enabled":true,"jetpack_likes_enabled":true,"jetpack-related-posts":[],"_links":{"self":[{"href":"https:\/\/eltrabajo.cl\/portal\/wp-json\/wp\/v2\/posts\/72670","targetHints":{"allow":["GET"]}}],"collection":[{"href":"https:\/\/eltrabajo.cl\/portal\/wp-json\/wp\/v2\/posts"}],"about":[{"href":"https:\/\/eltrabajo.cl\/portal\/wp-json\/wp\/v2\/types\/post"}],"author":[{"embeddable":true,"href":"https:\/\/eltrabajo.cl\/portal\/wp-json\/wp\/v2\/users\/1"}],"replies":[{"embeddable":true,"href":"https:\/\/eltrabajo.cl\/portal\/wp-json\/wp\/v2\/comments?post=72670"}],"version-history":[{"count":0,"href":"https:\/\/eltrabajo.cl\/portal\/wp-json\/wp\/v2\/posts\/72670\/revisions"}],"wp:featuredmedia":[{"embeddable":true,"href":"https:\/\/eltrabajo.cl\/portal\/wp-json\/wp\/v2\/media\/72679"}],"wp:attachment":[{"href":"https:\/\/eltrabajo.cl\/portal\/wp-json\/wp\/v2\/media?parent=72670"}],"wp:term":[{"taxonomy":"category","embeddable":true,"href":"https:\/\/eltrabajo.cl\/portal\/wp-json\/wp\/v2\/categories?post=72670"},{"taxonomy":"post_tag","embeddable":true,"href":"https:\/\/eltrabajo.cl\/portal\/wp-json\/wp\/v2\/tags?post=72670"}],"curies":[{"name":"wp","href":"https:\/\/api.w.org\/{rel}","templated":true}]}}