{"id":72686,"date":"2016-08-09T09:18:20","date_gmt":"2016-08-09T13:18:20","guid":{"rendered":"http:\/\/www.eltrabajo.cl\/portal\/?p=72686"},"modified":"2016-08-09T09:51:45","modified_gmt":"2016-08-09T13:51:45","slug":"aseguran-que-no-se-afecto-agua-potable-tras-alteracion-del-rio-rocin","status":"publish","type":"post","link":"https:\/\/eltrabajo.cl\/portal\/aseguran-que-no-se-afecto-agua-potable-tras-alteracion-del-rio-rocin\/","title":{"rendered":"Aseguran que no se afect\u00f3 agua potable tras alteraci\u00f3n del R\u00edo Roc\u00edn"},"content":{"rendered":"<ul>\n<li><strong>Gobernador Le\u00f3n y Autoridad Sanitaria se reunieron para evaluar resultados de estudio de muestreo que se desarroll\u00f3 en el afluente e hicieron un llamado a la tranquilidad de la comunidad.<\/strong><\/li>\n<\/ul>\n<p>Positivos fueron los resultados de los muestreos desarrollados por la Oficina Provincial de la Seremi de Salud al estado de la calidad del agua del R\u00edo Roc\u00edn, tras las denuncias de alteraci\u00f3n de aguas en el afluente. As\u00ed fue manifestado por la autoridad sanitaria, Mario M\u00e9ndez, quien este lunes se reuni\u00f3 con el gobernador, Eduardo Le\u00f3n para analizar dicha informaci\u00f3n.<br \/>\nRecordemos que la mesa de trabajo, encabezada por la gobernaci\u00f3n, estableci\u00f3 como acuerdo que la oficina de la Seremi de Salud en Aconcagua, estableciera vigilancia de las plantas de tratamiento de agua potable que reciben el vital elemento desde el mencionado r\u00edo y que son las plantas urbanas de Esval, que abastece alrededor de 10 mil personas, como tambi\u00e9n la planta rural del sector de Los Guzmanes.<br \/>\n\u201cEstos resultados arrojan que el agua que se consume, tanto en la zona urbana de Putaendo como en el sector rural de Los Guzmanes, se encuentran dentro de la norma. Es decir, es agua que se puede consumir sin problemas y que est\u00e1 dentro de los protocolos establecidos, por lo que la comunidad debe tener la tranquilidad de que estas plantas de tratamiento tienen la capacidad de abatir una serie de elementos que hacen que el agua sea normal y que, por otro lado, el agua que se captura, est\u00e1 dentro de los par\u00e1metros de normalidad\u201d sostuvo Mario M\u00e9ndez.<br \/>\nEn tanto, el gobernador Eduardo Le\u00f3n, sostuvo que a ra\u00edz de lo planteado por el alcalde Guillermo Reyes, el concejo municipal y la comunidad de Putaendo, se iniciaron varias reuniones de trabajo intersectorial con diversos servicios p\u00fablicos para analizar la situaci\u00f3n y aclar\u00f3 que continuar\u00e1n con los trabajos de monitoreo en el r\u00edo. \u201cQueremos darle tranquilidad a las personas de que el agua potable no tiene ning\u00fan problema, seg\u00fan lo que nos ha se\u00f1alado hoy la autoridad sanitaria. Sin embargo, continuaremos con un monitoreo m\u00e1s amplio para que cada organismo, con sus propias facultades, hacer un estudio completo de la cuenca y explicar esta alteraci\u00f3n que ocurri\u00f3 aguas arriba del Embalse Chacrillas y buscar explicaci\u00f3n del origen de \u00e9sta\u201d afirm\u00f3 la m\u00e1xima autoridad provincial.<\/p>\n<p><strong>Reuni\u00f3n con ambientalistas<\/strong><br \/>\nLuego de conocerse los resultados de las muestras realizadas por la autoridad sanitaria provincial, a las Plantas de Agua Potable Rural y Urbana de Putaendo, representantes de la Coordinaci\u00f3n ambientalista PutaendoResiste, se reunieron con el gobernador provincial, Eduardo Le\u00f3n, a quien le expusieron la enorme preocupaci\u00f3n que existe en la comunidad, en torno a la calidad de agua que se est\u00e1 utilizando en la comuna.<br \/>\nAl respecto, Le\u00f3n le asegur\u00f3 a los dirigentes ambientalistas, que las respuestas se enviar\u00e1n de manera formal y escrita, tal cual se present\u00f3 el requerimiento de los putaendinos. Al mismo tiempo, la m\u00e1xima autoridad provincial, afirm\u00f3 que se utilizar\u00e1n todas las herramientas necesarias para poder asegurar la salubridad del vital elemento.<br \/>\n\u201cNosotros pedimos dos informes: uno, de la calidad de agua potable, queremos dar r\u00e1pida certeza a nuestras vecinas y vecinos y por otro lado, pedimos informaci\u00f3n al Ministerio competente, que origin\u00f3 este informe, que es el Ministerio de Obras P\u00fablicas (MOP). Cuando est\u00e9n esos dos informes los oficiaremos, ya la autoridad sanitaria nos entreg\u00f3 un informe hoy, creemos que lo importante es poder tener la informaci\u00f3n correcta y transparente en la medida que dispongamos antecedentes de los distintos organismos del Estado, eso lo vamos a transparentar de acuerdo a las inquietudes que tengan los vecinos\u201d, expuso el gobernador de la Provincia de San Felipe.<br \/>\n\u00cdtalo Garc\u00eda, integrante y vocero de PutaendoResiste, destac\u00f3 la importancia de sostener este tipo de reuniones, las cuales -seg\u00fan dijo- sirven para tener mayor claridad respecto de los protocolos que est\u00e1 utilizando la autoridad para llevar a cabo la investigaci\u00f3n de la calidad del agua que est\u00e1n consumiendo los putaendinos.<br \/>\n\u201cPara nosotros es muy relevante, poder entregarle claridad a la comuna de Putaendo, a su gente y a todos los que utilizamos aguas superficiales del r\u00edo, para tener ese convencimiento de que vamos a encontrar a los culpables de esta contaminaci\u00f3n, eses es nuestro objetivo, poder tener una forma de vida tranquila, como dice en la Constituci\u00f3n Pol\u00edtica, tener el derecho a vivir en un ambiente libre de contaminaci\u00f3n\u201d, sentenci\u00f3.<br \/>\nEn cuanto a qu\u00e9 grado de tranquilidad otorga el informe de la Seremi de Salud Aconcagua, el cual, indica que no hay contaminaci\u00f3n en el agua potable, Garc\u00eda, respondi\u00f3 que \u201cen ese sentido s\u00ed, pero nos mantendremos igual revisando la contaminaci\u00f3n del r\u00edo\u201d, asever\u00f3.<br \/>\nEn ese \u00e1mbito, el gobernador explic\u00f3 que para continuar con el estudio, se ha convocado al resto de organismos con competencia en el tema y cont\u00f3 que \u201cqueremos elaborar un informe intersectorial, de manera conjunta con el SAG (Servicio Agr\u00edcola y Ganadero), DGA (Direcci\u00f3n General de Aguas) y Sernageomin (Servicio Nacional de Geolog\u00eda y Miner\u00eda), entidades que pueden ayudarnos a construir un estudio m\u00e1s acabado, para descubrir el origen de esta situaci\u00f3n y comunic\u00e1rselo a la comunidad\u201d, determin\u00f3.<br \/>\nFinalmente, Alejandro Aguilar, miembro de PutaendoResiste, agreg\u00f3 que \u201ca nosotros nos interesa que se haga un seguimiento constante, no nos basta con esta medici\u00f3n, porque la verdad revela s\u00f3lo un instante en la vida del R\u00edo y lo que queremos es tener una supervigilancia permanente, de tal manera de poder garantizar la calidad del agua de consumo humano, pero tambi\u00e9n de riego\u201d, concluy\u00f3 el ambientalista.<\/p>\n<figure id=\"attachment_72687\" aria-describedby=\"caption-attachment-72687\" style=\"width: 300px\" class=\"wp-caption alignleft\"><a href=\"http:\/\/www.eltrabajo.cl\/portal\/aseguran-que-no-se-afecto-agua-potable-tras-alteracion-del-rio-rocin\/alejandro-aguilar-3\/\" rel=\"attachment wp-att-72687\"><img data-recalc-dims=\"1\" loading=\"lazy\" decoding=\"async\" class=\"size-medium wp-image-72687\" src=\"https:\/\/i0.wp.com\/www.eltrabajo.cl\/portal\/wp-content\/uploads\/2016\/08\/ALEJANDRO-AGUILAR-300x197.jpg?resize=300%2C197\" alt=\"Alejandro Aguilar, miembro de Putaendo Resiste.\" width=\"300\" height=\"197\" srcset=\"https:\/\/i0.wp.com\/eltrabajo.cl\/portal\/wp-content\/uploads\/2016\/08\/ALEJANDRO-AGUILAR.jpg?resize=300%2C197&amp;ssl=1 300w, https:\/\/i0.wp.com\/eltrabajo.cl\/portal\/wp-content\/uploads\/2016\/08\/ALEJANDRO-AGUILAR.jpg?resize=200%2C131&amp;ssl=1 200w, https:\/\/i0.wp.com\/eltrabajo.cl\/portal\/wp-content\/uploads\/2016\/08\/ALEJANDRO-AGUILAR.jpg?resize=228%2C150&amp;ssl=1 228w, https:\/\/i0.wp.com\/eltrabajo.cl\/portal\/wp-content\/uploads\/2016\/08\/ALEJANDRO-AGUILAR.jpg?resize=400%2C263&amp;ssl=1 400w, https:\/\/i0.wp.com\/eltrabajo.cl\/portal\/wp-content\/uploads\/2016\/08\/ALEJANDRO-AGUILAR.jpg?w=530&amp;ssl=1 530w\" sizes=\"auto, (max-width: 300px) 100vw, 300px\" \/><\/a><figcaption id=\"caption-attachment-72687\" class=\"wp-caption-text\">Alejandro Aguilar, miembro de Putaendo Resiste.<\/figcaption><\/figure>\n<figure id=\"attachment_72688\" aria-describedby=\"caption-attachment-72688\" style=\"width: 300px\" class=\"wp-caption alignleft\"><a href=\"http:\/\/www.eltrabajo.cl\/portal\/aseguran-que-no-se-afecto-agua-potable-tras-alteracion-del-rio-rocin\/italo-garcia\/\" rel=\"attachment wp-att-72688\"><img data-recalc-dims=\"1\" loading=\"lazy\" decoding=\"async\" class=\"size-medium wp-image-72688\" src=\"https:\/\/i0.wp.com\/www.eltrabajo.cl\/portal\/wp-content\/uploads\/2016\/08\/ITALO-GARCIA-300x197.jpg?resize=300%2C197\" alt=\"\u00cdtalo Garc\u00eda, vocero de PutaendoResiste.\" width=\"300\" height=\"197\" srcset=\"https:\/\/i0.wp.com\/eltrabajo.cl\/portal\/wp-content\/uploads\/2016\/08\/ITALO-GARCIA.jpg?resize=300%2C197&amp;ssl=1 300w, https:\/\/i0.wp.com\/eltrabajo.cl\/portal\/wp-content\/uploads\/2016\/08\/ITALO-GARCIA.jpg?resize=200%2C131&amp;ssl=1 200w, https:\/\/i0.wp.com\/eltrabajo.cl\/portal\/wp-content\/uploads\/2016\/08\/ITALO-GARCIA.jpg?resize=228%2C150&amp;ssl=1 228w, https:\/\/i0.wp.com\/eltrabajo.cl\/portal\/wp-content\/uploads\/2016\/08\/ITALO-GARCIA.jpg?resize=400%2C263&amp;ssl=1 400w, https:\/\/i0.wp.com\/eltrabajo.cl\/portal\/wp-content\/uploads\/2016\/08\/ITALO-GARCIA.jpg?w=530&amp;ssl=1 530w\" sizes=\"auto, (max-width: 300px) 100vw, 300px\" \/><\/a><figcaption id=\"caption-attachment-72688\" class=\"wp-caption-text\">\u00cdtalo Garc\u00eda, vocero de PutaendoResiste.<\/figcaption><\/figure>\n<figure id=\"attachment_72689\" aria-describedby=\"caption-attachment-72689\" style=\"width: 530px\" class=\"wp-caption alignleft\"><a href=\"http:\/\/www.eltrabajo.cl\/portal\/aseguran-que-no-se-afecto-agua-potable-tras-alteracion-del-rio-rocin\/rio-rocin-3\/\" rel=\"attachment wp-att-72689\"><img data-recalc-dims=\"1\" loading=\"lazy\" decoding=\"async\" class=\"size-full wp-image-72689\" src=\"https:\/\/i0.wp.com\/www.eltrabajo.cl\/portal\/wp-content\/uploads\/2016\/08\/RIO-ROCIN.jpg?resize=530%2C348\" alt=\"Gobernador Le\u00f3n y autoridad sanitaria, se reunieron para evaluar resultados de estudio de muestreo que se desarroll\u00f3 en el afluente e hicieron un llamado a la tranquilidad de la comunidad.\" width=\"530\" height=\"348\" srcset=\"https:\/\/i0.wp.com\/eltrabajo.cl\/portal\/wp-content\/uploads\/2016\/08\/RIO-ROCIN.jpg?w=530&amp;ssl=1 530w, https:\/\/i0.wp.com\/eltrabajo.cl\/portal\/wp-content\/uploads\/2016\/08\/RIO-ROCIN.jpg?resize=200%2C131&amp;ssl=1 200w, https:\/\/i0.wp.com\/eltrabajo.cl\/portal\/wp-content\/uploads\/2016\/08\/RIO-ROCIN.jpg?resize=300%2C197&amp;ssl=1 300w, https:\/\/i0.wp.com\/eltrabajo.cl\/portal\/wp-content\/uploads\/2016\/08\/RIO-ROCIN.jpg?resize=228%2C150&amp;ssl=1 228w, https:\/\/i0.wp.com\/eltrabajo.cl\/portal\/wp-content\/uploads\/2016\/08\/RIO-ROCIN.jpg?resize=400%2C263&amp;ssl=1 400w\" sizes=\"auto, (max-width: 530px) 100vw, 530px\" \/><\/a><figcaption id=\"caption-attachment-72689\" class=\"wp-caption-text\">Gobernador Le\u00f3n y autoridad sanitaria, se reunieron para evaluar resultados de estudio de muestreo que se desarroll\u00f3 en el afluente e hicieron un llamado a la tranquilidad de la comunidad.<\/figcaption><\/figure>\n","protected":false},"excerpt":{"rendered":"<p>Gobernador Le\u00f3n y Autoridad Sanitaria se reunieron para evaluar resultados de estudio de muestreo que se desarroll\u00f3 en el afluente e hicieron un llamado a la tranquilidad de la comunidad. Positivos fueron&#8230;<\/p>\n","protected":false},"author":1,"featured_media":72689,"comment_status":"open","ping_status":"open","sticky":false,"template":"","format":"standard","meta":{"advanced_seo_description":"","jetpack_seo_html_title":"","jetpack_seo_noindex":false,"_jetpack_memberships_contains_paid_content":false,"footnotes":""},"categories":[1],"tags":[],"class_list":["post-72686","post","type-post","status-publish","format-standard","has-post-thumbnail","hentry","category-cronica"],"jetpack_featured_media_url":"https:\/\/i0.wp.com\/eltrabajo.cl\/portal\/wp-content\/uploads\/2016\/08\/RIO-ROCIN.jpg?fit=530%2C348&ssl=1","jetpack_sharing_enabled":true,"jetpack_likes_enabled":true,"jetpack-related-posts":[],"_links":{"self":[{"href":"https:\/\/eltrabajo.cl\/portal\/wp-json\/wp\/v2\/posts\/72686","targetHints":{"allow":["GET"]}}],"collection":[{"href":"https:\/\/eltrabajo.cl\/portal\/wp-json\/wp\/v2\/posts"}],"about":[{"href":"https:\/\/eltrabajo.cl\/portal\/wp-json\/wp\/v2\/types\/post"}],"author":[{"embeddable":true,"href":"https:\/\/eltrabajo.cl\/portal\/wp-json\/wp\/v2\/users\/1"}],"replies":[{"embeddable":true,"href":"https:\/\/eltrabajo.cl\/portal\/wp-json\/wp\/v2\/comments?post=72686"}],"version-history":[{"count":0,"href":"https:\/\/eltrabajo.cl\/portal\/wp-json\/wp\/v2\/posts\/72686\/revisions"}],"wp:featuredmedia":[{"embeddable":true,"href":"https:\/\/eltrabajo.cl\/portal\/wp-json\/wp\/v2\/media\/72689"}],"wp:attachment":[{"href":"https:\/\/eltrabajo.cl\/portal\/wp-json\/wp\/v2\/media?parent=72686"}],"wp:term":[{"taxonomy":"category","embeddable":true,"href":"https:\/\/eltrabajo.cl\/portal\/wp-json\/wp\/v2\/categories?post=72686"},{"taxonomy":"post_tag","embeddable":true,"href":"https:\/\/eltrabajo.cl\/portal\/wp-json\/wp\/v2\/tags?post=72686"}],"curies":[{"name":"wp","href":"https:\/\/api.w.org\/{rel}","templated":true}]}}