{"id":72692,"date":"2016-08-09T09:42:29","date_gmt":"2016-08-09T13:42:29","guid":{"rendered":"http:\/\/www.eltrabajo.cl\/portal\/?p=72692"},"modified":"2016-08-09T09:42:29","modified_gmt":"2016-08-09T13:42:29","slug":"en-prision-preventiva-presunto-homicida-de-joven-apunalado-ocho-veces","status":"publish","type":"post","link":"https:\/\/eltrabajo.cl\/portal\/en-prision-preventiva-presunto-homicida-de-joven-apunalado-ocho-veces\/","title":{"rendered":"En prisi\u00f3n preventiva presunto homicida de joven apu\u00f1alado ocho veces"},"content":{"rendered":"<ul>\n<li><strong><span style=\"color: #ff0000;\">Formalizado por homicidio simple en tribunales:<\/span>\u00a0La Brigada de Homicidios de la PDI encontr\u00f3 el arma homicida y logr\u00f3 la confesi\u00f3n por parte del actual imputado, el que fue procesado ante la justicia por el crimen ocurrido la madrugada de este domingo en la poblaci\u00f3n El Sauce de Llay Llay.<\/strong><\/li>\n<\/ul>\n<p>Por el delito de homicidio simple fue formalizado la ma\u00f1ana de ayer lunes en el Juzgado de Garant\u00eda de San Felipe, Danilo Garrido D\u00edaz, alias \u2018El Gato\u2019, acusado de haber dado muerte de ocho estocadas en el cuerpo a Mario Mena Sandoval de 20 a\u00f1os de edad, quien falleci\u00f3 la madrugada de este domingo. El imputado qued\u00f3 sujeto a la medida cautelar de prisi\u00f3n preventiva.<br \/>\nEl crimen ocurri\u00f3 en los departamentos de la poblaci\u00f3n El Sauce de Llay Llay, luego que la v\u00edctima concurriera hasta ese sector en horas de la madrugada de este domingo. Las diligencias policiales de la Brigada de Homicidios de la PDI establecen mediante la declaraci\u00f3n del imputado y testigos del hecho, que el presunto homicida se encontraba en el segundo piso de un block, observando a la v\u00edctima que conoc\u00eda anteriormente, apu\u00f1al\u00e1ndolo sin provocaci\u00f3n ocho veces en su cuerpo.<br \/>\nMario Mena Sandoval, luego de ser agredido brutalmente, alcanz\u00f3 a correr uno metros del lugar, cayendo desplomado cubierto de sangre, siendo trasladado de urgencias hasta el Hospital San Camilo de San Felipe, falleciendo a eso de las 05:00 horas.<br \/>\nLa PDI indag\u00f3 adem\u00e1s sobre el imputado, quien habr\u00eda apu\u00f1alado el d\u00eda anterior a estos hechos, a otras dos personas que resultaron heridas de consideraci\u00f3n, presumi\u00e9ndose que esa noche Danilo Garrido habr\u00eda buscado refugio en uno de los departamentos pensando que ir\u00edan a cobrar venganza por estos delitos.<br \/>\nNo obstante, la polic\u00eda civil logr\u00f3 capturar al presunto homicida de 24 a\u00f1os de edad, en esta vivienda junto con el arma homicida para ser derivado hasta el cuartel policial, lugar donde confes\u00f3 el crimen por el cual la ma\u00f1ana de ayer lunes fue procesado en el Tribunal de Garant\u00eda de San Felipe, que orden\u00f3 su ingreso hasta un centro penitenciario de Gendarmer\u00eda, fijando como plazo de investigaci\u00f3n 75 d\u00edas por parte de la Fiscal\u00eda.<br \/>\n<strong>Pablo Salinas Sald\u00edas<\/strong><\/p>\n<figure id=\"attachment_72693\" aria-describedby=\"caption-attachment-72693\" style=\"width: 530px\" class=\"wp-caption alignleft\"><a href=\"http:\/\/www.eltrabajo.cl\/portal\/en-prision-preventiva-presunto-homicida-de-joven-apunalado-ocho-veces\/danilo-garrido-diaz\/\" rel=\"attachment wp-att-72693\"><img data-recalc-dims=\"1\" loading=\"lazy\" decoding=\"async\" class=\"size-full wp-image-72693\" src=\"https:\/\/i0.wp.com\/www.eltrabajo.cl\/portal\/wp-content\/uploads\/2016\/08\/DANILO-GARRIDO-DIAZ.jpg?resize=530%2C348\" alt=\"Danilo Garrido D\u00edaz enfrent\u00f3 la justicia tras haber confesado el crimen.  El Tribunal orden\u00f3 la cautelar de prisi\u00f3n preventiva como presunto autor de homicidio hasta llegar a un juicio.\" width=\"530\" height=\"348\" srcset=\"https:\/\/i0.wp.com\/eltrabajo.cl\/portal\/wp-content\/uploads\/2016\/08\/DANILO-GARRIDO-DIAZ.jpg?w=530&amp;ssl=1 530w, https:\/\/i0.wp.com\/eltrabajo.cl\/portal\/wp-content\/uploads\/2016\/08\/DANILO-GARRIDO-DIAZ.jpg?resize=200%2C131&amp;ssl=1 200w, https:\/\/i0.wp.com\/eltrabajo.cl\/portal\/wp-content\/uploads\/2016\/08\/DANILO-GARRIDO-DIAZ.jpg?resize=300%2C197&amp;ssl=1 300w, https:\/\/i0.wp.com\/eltrabajo.cl\/portal\/wp-content\/uploads\/2016\/08\/DANILO-GARRIDO-DIAZ.jpg?resize=228%2C150&amp;ssl=1 228w, https:\/\/i0.wp.com\/eltrabajo.cl\/portal\/wp-content\/uploads\/2016\/08\/DANILO-GARRIDO-DIAZ.jpg?resize=400%2C263&amp;ssl=1 400w\" sizes=\"auto, (max-width: 530px) 100vw, 530px\" \/><\/a><figcaption id=\"caption-attachment-72693\" class=\"wp-caption-text\">Danilo Garrido D\u00edaz enfrent\u00f3 la justicia tras haber confesado el crimen. El Tribunal orden\u00f3 la cautelar de prisi\u00f3n preventiva como presunto autor de homicidio hasta llegar a un juicio.<\/figcaption><\/figure>\n<figure id=\"attachment_72694\" aria-describedby=\"caption-attachment-72694\" style=\"width: 530px\" class=\"wp-caption alignleft\"><a href=\"http:\/\/www.eltrabajo.cl\/portal\/en-prision-preventiva-presunto-homicida-de-joven-apunalado-ocho-veces\/mario-mena-sandoval-2\/\" rel=\"attachment wp-att-72694\"><img data-recalc-dims=\"1\" loading=\"lazy\" decoding=\"async\" class=\"size-full wp-image-72694\" src=\"https:\/\/i0.wp.com\/www.eltrabajo.cl\/portal\/wp-content\/uploads\/2016\/08\/MARIO-MENA-SANDOVAL-1.jpg?resize=530%2C350\" alt=\"Mario Mena Sandoval, ten\u00eda 20 a\u00f1os de edad, muri\u00f3 v\u00edctima de ocho pu\u00f1aladas.\" width=\"530\" height=\"350\" srcset=\"https:\/\/i0.wp.com\/eltrabajo.cl\/portal\/wp-content\/uploads\/2016\/08\/MARIO-MENA-SANDOVAL-1.jpg?w=530&amp;ssl=1 530w, https:\/\/i0.wp.com\/eltrabajo.cl\/portal\/wp-content\/uploads\/2016\/08\/MARIO-MENA-SANDOVAL-1.jpg?resize=200%2C132&amp;ssl=1 200w, https:\/\/i0.wp.com\/eltrabajo.cl\/portal\/wp-content\/uploads\/2016\/08\/MARIO-MENA-SANDOVAL-1.jpg?resize=300%2C198&amp;ssl=1 300w, https:\/\/i0.wp.com\/eltrabajo.cl\/portal\/wp-content\/uploads\/2016\/08\/MARIO-MENA-SANDOVAL-1.jpg?resize=227%2C150&amp;ssl=1 227w, https:\/\/i0.wp.com\/eltrabajo.cl\/portal\/wp-content\/uploads\/2016\/08\/MARIO-MENA-SANDOVAL-1.jpg?resize=400%2C264&amp;ssl=1 400w\" sizes=\"auto, (max-width: 530px) 100vw, 530px\" \/><\/a><figcaption id=\"caption-attachment-72694\" class=\"wp-caption-text\">Mario Mena Sandoval, ten\u00eda 20 a\u00f1os de edad, muri\u00f3 v\u00edctima de ocho pu\u00f1aladas.<\/figcaption><\/figure>\n","protected":false},"excerpt":{"rendered":"<p>Formalizado por homicidio simple en tribunales:\u00a0La Brigada de Homicidios de la PDI encontr\u00f3 el arma homicida y logr\u00f3 la confesi\u00f3n por parte del actual imputado, el que fue procesado ante la justicia&#8230;<\/p>\n","protected":false},"author":1,"featured_media":72693,"comment_status":"open","ping_status":"open","sticky":false,"template":"","format":"standard","meta":{"advanced_seo_description":"","jetpack_seo_html_title":"","jetpack_seo_noindex":false,"_jetpack_memberships_contains_paid_content":false,"footnotes":""},"categories":[21],"tags":[],"class_list":["post-72692","post","type-post","status-publish","format-standard","has-post-thumbnail","hentry","category-policial"],"jetpack_featured_media_url":"https:\/\/i0.wp.com\/eltrabajo.cl\/portal\/wp-content\/uploads\/2016\/08\/DANILO-GARRIDO-DIAZ.jpg?fit=530%2C348&ssl=1","jetpack_sharing_enabled":true,"jetpack_likes_enabled":true,"jetpack-related-posts":[],"_links":{"self":[{"href":"https:\/\/eltrabajo.cl\/portal\/wp-json\/wp\/v2\/posts\/72692","targetHints":{"allow":["GET"]}}],"collection":[{"href":"https:\/\/eltrabajo.cl\/portal\/wp-json\/wp\/v2\/posts"}],"about":[{"href":"https:\/\/eltrabajo.cl\/portal\/wp-json\/wp\/v2\/types\/post"}],"author":[{"embeddable":true,"href":"https:\/\/eltrabajo.cl\/portal\/wp-json\/wp\/v2\/users\/1"}],"replies":[{"embeddable":true,"href":"https:\/\/eltrabajo.cl\/portal\/wp-json\/wp\/v2\/comments?post=72692"}],"version-history":[{"count":0,"href":"https:\/\/eltrabajo.cl\/portal\/wp-json\/wp\/v2\/posts\/72692\/revisions"}],"wp:featuredmedia":[{"embeddable":true,"href":"https:\/\/eltrabajo.cl\/portal\/wp-json\/wp\/v2\/media\/72693"}],"wp:attachment":[{"href":"https:\/\/eltrabajo.cl\/portal\/wp-json\/wp\/v2\/media?parent=72692"}],"wp:term":[{"taxonomy":"category","embeddable":true,"href":"https:\/\/eltrabajo.cl\/portal\/wp-json\/wp\/v2\/categories?post=72692"},{"taxonomy":"post_tag","embeddable":true,"href":"https:\/\/eltrabajo.cl\/portal\/wp-json\/wp\/v2\/tags?post=72692"}],"curies":[{"name":"wp","href":"https:\/\/api.w.org\/{rel}","templated":true}]}}