{"id":72704,"date":"2016-08-09T09:50:11","date_gmt":"2016-08-09T13:50:11","guid":{"rendered":"http:\/\/www.eltrabajo.cl\/portal\/?p=72704"},"modified":"2016-08-09T09:50:11","modified_gmt":"2016-08-09T13:50:11","slug":"absuelven-de-homicidio-a-hombre-acusado-de-dar-muerte-a-su-primo","status":"publish","type":"post","link":"https:\/\/eltrabajo.cl\/portal\/absuelven-de-homicidio-a-hombre-acusado-de-dar-muerte-a-su-primo\/","title":{"rendered":"Absuelven de homicidio a hombre acusado de dar muerte a su primo"},"content":{"rendered":"<ul>\n<li><strong><span style=\"color: #ff0000;\">Tribunal acoge tesis de leg\u00edtima defensa:\u00a0<\/span>Urbano Fuenzalida, fue declarado inocente de dos cargos de homicidio y lesiones graves grav\u00edsimas. De la misma forma, su padre acusado de lesiones graves fue absuelto por los jueces.<\/strong><\/li>\n<\/ul>\n<p>Con absoluta sorpresa fue recibido por la Fiscal\u00eda, el veredicto de la terna de jueces que absolvi\u00f3 de los cargos de homicidio y lesiones graves grav\u00edsimas a Urbano Fuenzalida Zamora, acusado de dar muerte con un cuchillo a su primo Cristi\u00e1n D\u00edaz Fuenzalida, fallo que acogi\u00f3 la tesis del defensor en el contexto de leg\u00edtima defensa dentro de una violenta ri\u00f1a donde participaron diversos integrantes del mismo grupo familiar.<br \/>\nAsimismo, este tribunal absolvi\u00f3 de los cargos de lesiones graves al padre del entonces acusado, Seraf\u00edn Fuenzalida Tejeda, quien junto a su hijo fueron sometidos a juicio oral desde la semana pasada, concluyendo ayer lunes con el veredicto emitido por el Tribunal Oral en Lo Penal de San Felipe que los absuelve de toda responsabilidad.<br \/>\nLa Fiscal\u00eda persegu\u00eda una condena en contra de Urbano Fuenzalida el m\u00e1ximo de 12 a\u00f1os de c\u00e1rcel, por el delito de homicidio y 7 a\u00f1os adicionales por lesiones graves grav\u00edsimas hacia otra v\u00edctima que result\u00f3 con una lesi\u00f3n ocular. En tanto, Seraf\u00edn Fuenzalida arriesgaba hasta 800 d\u00edas, por lesiones graves en contra de otro familiar.<br \/>\nComo se recordar\u00e1, el caso ocurri\u00f3 el 28 de octubre de 2014 en el sector Ramadillas de Putaendo, donde se origin\u00f3 una ri\u00f1a familiar aparentemente por rencillas anteriores. Urbano Fuenzalida Zamora desde el d\u00eda que fue detenido, aleg\u00f3 haber actuado bajo leg\u00edtima defensa, logrando arrebatar el cuchillo con el cual estaba siendo atacado por la v\u00edctima y que tras un forcejeo descomunal se produjeron lesiones entre ambos, causando la muerte de Cristi\u00e1n D\u00edaz Fuenzalida de 48 a\u00f1os de edad, que result\u00f3 con diversas heridas penetrantes con el arma blanca.<\/p>\n<p><strong>DIVISI\u00d3N FAMILIAR<\/strong><\/p>\n<p>Los informes policiales revelaron que al menos diez familiares participaron en los hechos, previa reuni\u00f3n a un traslado de animales que se realizar\u00eda hasta la cordillera. Sin embargo el descomunal enfrentamiento entre los protagonistas de esta tragedia, se ti\u00f1\u00f3 de sangre luego de transformarse en una batalla campal el sitio del suceso, con resultado de muerte y otros heridos de gravedad.<br \/>\nEl entonces imputado result\u00f3 con una herida penetrante abdominal, quedando internado en la UTI del Hospital San Camilo de San Felipe, lugar donde fue formalizado, quedando bajo la cautelar de prisi\u00f3n preventiva por presunto homicida, tiempo despu\u00e9s tras una revisi\u00f3n de medidas cautelares en el Juzgado de Garant\u00eda, Fuenzalida Zamora qued\u00f3 sujeto a arresto domiciliario hasta el d\u00eda del juicio.<\/p>\n<figure id=\"attachment_72706\" aria-describedby=\"caption-attachment-72706\" style=\"width: 300px\" class=\"wp-caption alignleft\"><a href=\"http:\/\/www.eltrabajo.cl\/portal\/absuelven-de-homicidio-a-hombre-acusado-de-dar-muerte-a-su-primo\/fiscal-eduardo-fajardo-17\/\" rel=\"attachment wp-att-72706\"><img data-recalc-dims=\"1\" loading=\"lazy\" decoding=\"async\" class=\"size-medium wp-image-72706\" src=\"https:\/\/i0.wp.com\/www.eltrabajo.cl\/portal\/wp-content\/uploads\/2016\/08\/FISCAL-EDUARDO-FAJARDO-300x197.jpg?resize=300%2C197\" alt=\"Fiscal jefe de San Felipe, Eduardo Fajardo De La Cuba.\" width=\"300\" height=\"197\" srcset=\"https:\/\/i0.wp.com\/eltrabajo.cl\/portal\/wp-content\/uploads\/2016\/08\/FISCAL-EDUARDO-FAJARDO.jpg?resize=300%2C197&amp;ssl=1 300w, https:\/\/i0.wp.com\/eltrabajo.cl\/portal\/wp-content\/uploads\/2016\/08\/FISCAL-EDUARDO-FAJARDO.jpg?resize=200%2C131&amp;ssl=1 200w, https:\/\/i0.wp.com\/eltrabajo.cl\/portal\/wp-content\/uploads\/2016\/08\/FISCAL-EDUARDO-FAJARDO.jpg?resize=228%2C150&amp;ssl=1 228w, https:\/\/i0.wp.com\/eltrabajo.cl\/portal\/wp-content\/uploads\/2016\/08\/FISCAL-EDUARDO-FAJARDO.jpg?resize=400%2C263&amp;ssl=1 400w, https:\/\/i0.wp.com\/eltrabajo.cl\/portal\/wp-content\/uploads\/2016\/08\/FISCAL-EDUARDO-FAJARDO.jpg?w=530&amp;ssl=1 530w\" sizes=\"auto, (max-width: 300px) 100vw, 300px\" \/><\/a><figcaption id=\"caption-attachment-72706\" class=\"wp-caption-text\">Fiscal jefe de San Felipe, Eduardo Fajardo De La Cuba.<\/figcaption><\/figure>\n<p>Tras el veredicto judicial el fiscal a cargo del caso, Eduardo Fajardo De La Cuba, se\u00f1al\u00f3 a Diario El Trabajo que deber\u00e1 estudiar el fallo en relaci\u00f3n al criterio de los jueces: \u201cAcogieron la leg\u00edtima defensa y absolvieron por homicidio y lesiones graves grav\u00edsimas, en cuanto al segundo imputado por lesiones graves igual fue absuelto\u201d.<br \/>\nConsultado sobre la posibilidad de elevar un recurso de nulidad ante la Corte de Apelaciones de Valpara\u00edso, el persecutor no descart\u00f3 la instancia luego de revisar minuciosamente el fallo judicial dentro de los pr\u00f3ximos diez d\u00edas.<br \/>\n<strong>Pablo Salinas Sald\u00edas<\/strong><\/p>\n<p>&nbsp;<\/p>\n<figure id=\"attachment_72705\" aria-describedby=\"caption-attachment-72705\" style=\"width: 530px\" class=\"wp-caption alignleft\"><a href=\"http:\/\/www.eltrabajo.cl\/portal\/absuelven-de-homicidio-a-hombre-acusado-de-dar-muerte-a-su-primo\/dolor-1-2\/\" rel=\"attachment wp-att-72705\"><img data-recalc-dims=\"1\" loading=\"lazy\" decoding=\"async\" class=\"size-full wp-image-72705\" src=\"https:\/\/i0.wp.com\/www.eltrabajo.cl\/portal\/wp-content\/uploads\/2016\/08\/DOLOR-1-1.jpg?resize=530%2C349\" alt=\"La muerte de Cristi\u00e1n D\u00edaz Fuenzalida gener\u00f3 profundo dolor entre sus familiares.\" width=\"530\" height=\"349\" srcset=\"https:\/\/i0.wp.com\/eltrabajo.cl\/portal\/wp-content\/uploads\/2016\/08\/DOLOR-1-1.jpg?w=530&amp;ssl=1 530w, https:\/\/i0.wp.com\/eltrabajo.cl\/portal\/wp-content\/uploads\/2016\/08\/DOLOR-1-1.jpg?resize=200%2C132&amp;ssl=1 200w, https:\/\/i0.wp.com\/eltrabajo.cl\/portal\/wp-content\/uploads\/2016\/08\/DOLOR-1-1.jpg?resize=300%2C198&amp;ssl=1 300w, https:\/\/i0.wp.com\/eltrabajo.cl\/portal\/wp-content\/uploads\/2016\/08\/DOLOR-1-1.jpg?resize=228%2C150&amp;ssl=1 228w, https:\/\/i0.wp.com\/eltrabajo.cl\/portal\/wp-content\/uploads\/2016\/08\/DOLOR-1-1.jpg?resize=400%2C263&amp;ssl=1 400w\" sizes=\"auto, (max-width: 530px) 100vw, 530px\" \/><\/a><figcaption id=\"caption-attachment-72705\" class=\"wp-caption-text\">La muerte de Cristi\u00e1n D\u00edaz Fuenzalida gener\u00f3 profundo dolor entre sus familiares.<\/figcaption><\/figure>\n","protected":false},"excerpt":{"rendered":"<p>Tribunal acoge tesis de leg\u00edtima defensa:\u00a0Urbano Fuenzalida, fue declarado inocente de dos cargos de homicidio y lesiones graves grav\u00edsimas. De la misma forma, su padre acusado de lesiones graves fue absuelto por&#8230;<\/p>\n","protected":false},"author":1,"featured_media":72705,"comment_status":"open","ping_status":"open","sticky":false,"template":"","format":"standard","meta":{"advanced_seo_description":"","jetpack_seo_html_title":"","jetpack_seo_noindex":false,"_jetpack_memberships_contains_paid_content":false,"footnotes":""},"categories":[21],"tags":[],"class_list":["post-72704","post","type-post","status-publish","format-standard","has-post-thumbnail","hentry","category-policial"],"jetpack_featured_media_url":"https:\/\/i0.wp.com\/eltrabajo.cl\/portal\/wp-content\/uploads\/2016\/08\/DOLOR-1-1.jpg?fit=530%2C349&ssl=1","jetpack_sharing_enabled":true,"jetpack_likes_enabled":true,"jetpack-related-posts":[],"_links":{"self":[{"href":"https:\/\/eltrabajo.cl\/portal\/wp-json\/wp\/v2\/posts\/72704","targetHints":{"allow":["GET"]}}],"collection":[{"href":"https:\/\/eltrabajo.cl\/portal\/wp-json\/wp\/v2\/posts"}],"about":[{"href":"https:\/\/eltrabajo.cl\/portal\/wp-json\/wp\/v2\/types\/post"}],"author":[{"embeddable":true,"href":"https:\/\/eltrabajo.cl\/portal\/wp-json\/wp\/v2\/users\/1"}],"replies":[{"embeddable":true,"href":"https:\/\/eltrabajo.cl\/portal\/wp-json\/wp\/v2\/comments?post=72704"}],"version-history":[{"count":0,"href":"https:\/\/eltrabajo.cl\/portal\/wp-json\/wp\/v2\/posts\/72704\/revisions"}],"wp:featuredmedia":[{"embeddable":true,"href":"https:\/\/eltrabajo.cl\/portal\/wp-json\/wp\/v2\/media\/72705"}],"wp:attachment":[{"href":"https:\/\/eltrabajo.cl\/portal\/wp-json\/wp\/v2\/media?parent=72704"}],"wp:term":[{"taxonomy":"category","embeddable":true,"href":"https:\/\/eltrabajo.cl\/portal\/wp-json\/wp\/v2\/categories?post=72704"},{"taxonomy":"post_tag","embeddable":true,"href":"https:\/\/eltrabajo.cl\/portal\/wp-json\/wp\/v2\/tags?post=72704"}],"curies":[{"name":"wp","href":"https:\/\/api.w.org\/{rel}","templated":true}]}}