{"id":72709,"date":"2016-08-10T08:48:15","date_gmt":"2016-08-10T12:48:15","guid":{"rendered":"http:\/\/www.eltrabajo.cl\/portal\/?p=72709"},"modified":"2016-08-10T08:48:15","modified_gmt":"2016-08-10T12:48:15","slug":"primer-fashion-day-desarrollado-en-san-felipe-con-nota-7","status":"publish","type":"post","link":"https:\/\/eltrabajo.cl\/portal\/primer-fashion-day-desarrollado-en-san-felipe-con-nota-7\/","title":{"rendered":"Primer Fashion Day desarrollado en San Felipe con Nota 7"},"content":{"rendered":"<ul>\n<li><strong>En octubre podr\u00edamos tener el segundo:<\/strong><\/li>\n<\/ul>\n<p>Luego que en Diario El Trabajo anunci\u00e1ramos el primer Fashion Day que se ha realizado en San Felipe, la reacci\u00f3n de los aconcag\u00fcinos no se hizo esperar, pues acudieron este s\u00e1bado a disfrutar de las actividades programadas.<br \/>\nLa jornada familiar se desarroll\u00f3 el s\u00e1bado desde las 11:00 horas y hasta las 19:30 horas en Merced, frente al persa. Se trat\u00f3 de la primera edici\u00f3n Fashion Day organizado por los chicos de \u2018La Dupla VIP\u2019, como son conocidos la empresaria Katia Reyes y el futuro ingeniero en Recursos Humanos, Favrizzio Violani.<\/p>\n<p><strong>ES LA PRIMERA<\/strong><br \/>\n\u00abFue una respuesta muy positiva, lleg\u00f3 gente de todas partes, hasta de Santiago y de Vi\u00f1a, los pol\u00edticos tambi\u00e9n se acercaron para conocer la actividad, as\u00ed como familias enteras para disfrutar de lo que ofrecieron cada exponente\u00bb, dijo a nuestro medio Katia Reyes, quien no descarta volver a repetir la jornada pero quiz\u00e1 en octubre pr\u00f3ximo.<br \/>\nEsta fue la primera jornada dirigida a toda la familia, a la mujer; a los ni\u00f1os; a los j\u00f3venes y a los caballeros, estuvo al frente del accionar Boutique Madero como empresa anfitriona; Amanda Panader\u00eda Integral; Do\u00f1a Matute; Joyer\u00eda Staforelli; Estefan\u00eda Aros Endara nutricionista; Studio Color Style entre otras firmas de nuestra zona, hubo para todos los lectores de Diario El Trabajo charlas, manicure, masoterapia y muchos premios sorpresa.<br \/>\n<strong>Roberto Gonz\u00e1lez Short<\/strong><\/p>\n<figure id=\"attachment_72710\" aria-describedby=\"caption-attachment-72710\" style=\"width: 530px\" class=\"wp-caption alignleft\"><a href=\"http:\/\/www.eltrabajo.cl\/portal\/primer-fashion-day-desarrollado-en-san-felipe-con-nota-7\/daniela33\/\" rel=\"attachment wp-att-72710\"><img data-recalc-dims=\"1\" loading=\"lazy\" decoding=\"async\" class=\"size-full wp-image-72710\" src=\"https:\/\/i0.wp.com\/www.eltrabajo.cl\/portal\/wp-content\/uploads\/2016\/08\/Daniela33.jpg?resize=530%2C348\" alt=\"ROPA DE PRIMERA.- Daniela, una de las comerciantes que expuso en este Fashion Day, atendi\u00f3 con alegr\u00eda a sus invitados.\" width=\"530\" height=\"348\" srcset=\"https:\/\/i0.wp.com\/eltrabajo.cl\/portal\/wp-content\/uploads\/2016\/08\/Daniela33.jpg?w=530&amp;ssl=1 530w, https:\/\/i0.wp.com\/eltrabajo.cl\/portal\/wp-content\/uploads\/2016\/08\/Daniela33.jpg?resize=200%2C131&amp;ssl=1 200w, https:\/\/i0.wp.com\/eltrabajo.cl\/portal\/wp-content\/uploads\/2016\/08\/Daniela33.jpg?resize=300%2C197&amp;ssl=1 300w, https:\/\/i0.wp.com\/eltrabajo.cl\/portal\/wp-content\/uploads\/2016\/08\/Daniela33.jpg?resize=228%2C150&amp;ssl=1 228w, https:\/\/i0.wp.com\/eltrabajo.cl\/portal\/wp-content\/uploads\/2016\/08\/Daniela33.jpg?resize=400%2C263&amp;ssl=1 400w\" sizes=\"auto, (max-width: 530px) 100vw, 530px\" \/><\/a><figcaption id=\"caption-attachment-72710\" class=\"wp-caption-text\">ROPA DE PRIMERA.- Daniela, una de las comerciantes que expuso en este Fashion Day, atendi\u00f3 con alegr\u00eda a sus invitados.<\/figcaption><\/figure>\n<figure id=\"attachment_72711\" aria-describedby=\"caption-attachment-72711\" style=\"width: 530px\" class=\"wp-caption alignleft\"><a href=\"http:\/\/www.eltrabajo.cl\/portal\/primer-fashion-day-desarrollado-en-san-felipe-con-nota-7\/grupal1-36\/\" rel=\"attachment wp-att-72711\"><img data-recalc-dims=\"1\" loading=\"lazy\" decoding=\"async\" class=\"size-full wp-image-72711\" src=\"https:\/\/i0.wp.com\/www.eltrabajo.cl\/portal\/wp-content\/uploads\/2016\/08\/Grupal1.jpg?resize=530%2C350\" alt=\"HASTA POL\u00cdTICOS.- Gente de todas partes lleg\u00f3 al primer Fashion Day que se realiz\u00f3 en San Felipe este s\u00e1bado.\" width=\"530\" height=\"350\" srcset=\"https:\/\/i0.wp.com\/eltrabajo.cl\/portal\/wp-content\/uploads\/2016\/08\/Grupal1.jpg?w=530&amp;ssl=1 530w, https:\/\/i0.wp.com\/eltrabajo.cl\/portal\/wp-content\/uploads\/2016\/08\/Grupal1.jpg?resize=200%2C132&amp;ssl=1 200w, https:\/\/i0.wp.com\/eltrabajo.cl\/portal\/wp-content\/uploads\/2016\/08\/Grupal1.jpg?resize=300%2C198&amp;ssl=1 300w, https:\/\/i0.wp.com\/eltrabajo.cl\/portal\/wp-content\/uploads\/2016\/08\/Grupal1.jpg?resize=227%2C150&amp;ssl=1 227w, https:\/\/i0.wp.com\/eltrabajo.cl\/portal\/wp-content\/uploads\/2016\/08\/Grupal1.jpg?resize=400%2C264&amp;ssl=1 400w\" sizes=\"auto, (max-width: 530px) 100vw, 530px\" \/><\/a><figcaption id=\"caption-attachment-72711\" class=\"wp-caption-text\">HASTA POL\u00cdTICOS.- Gente de todas partes lleg\u00f3 al primer Fashion Day que se realiz\u00f3 en San Felipe este s\u00e1bado.<\/figcaption><\/figure>\n<figure id=\"attachment_72712\" aria-describedby=\"caption-attachment-72712\" style=\"width: 530px\" class=\"wp-caption alignleft\"><a href=\"http:\/\/www.eltrabajo.cl\/portal\/primer-fashion-day-desarrollado-en-san-felipe-con-nota-7\/grupal2-5\/\" rel=\"attachment wp-att-72712\"><img data-recalc-dims=\"1\" loading=\"lazy\" decoding=\"async\" class=\"size-full wp-image-72712\" src=\"https:\/\/i0.wp.com\/www.eltrabajo.cl\/portal\/wp-content\/uploads\/2016\/08\/Grupal2.jpg?resize=530%2C349\" alt=\"THE TEAM.- Las c\u00e1maras de Diario El Trabajo muestran a parte del equipo organizador.\" width=\"530\" height=\"349\" srcset=\"https:\/\/i0.wp.com\/eltrabajo.cl\/portal\/wp-content\/uploads\/2016\/08\/Grupal2.jpg?w=530&amp;ssl=1 530w, https:\/\/i0.wp.com\/eltrabajo.cl\/portal\/wp-content\/uploads\/2016\/08\/Grupal2.jpg?resize=200%2C132&amp;ssl=1 200w, https:\/\/i0.wp.com\/eltrabajo.cl\/portal\/wp-content\/uploads\/2016\/08\/Grupal2.jpg?resize=300%2C198&amp;ssl=1 300w, https:\/\/i0.wp.com\/eltrabajo.cl\/portal\/wp-content\/uploads\/2016\/08\/Grupal2.jpg?resize=228%2C150&amp;ssl=1 228w, https:\/\/i0.wp.com\/eltrabajo.cl\/portal\/wp-content\/uploads\/2016\/08\/Grupal2.jpg?resize=400%2C263&amp;ssl=1 400w\" sizes=\"auto, (max-width: 530px) 100vw, 530px\" \/><\/a><figcaption id=\"caption-attachment-72712\" class=\"wp-caption-text\">THE TEAM.- Las c\u00e1maras de Diario El Trabajo muestran a parte del equipo organizador.<\/figcaption><\/figure>\n<figure id=\"attachment_72713\" aria-describedby=\"caption-attachment-72713\" style=\"width: 300px\" class=\"wp-caption alignleft\"><a href=\"http:\/\/www.eltrabajo.cl\/portal\/primer-fashion-day-desarrollado-en-san-felipe-con-nota-7\/katia-reyes\/\" rel=\"attachment wp-att-72713\"><img data-recalc-dims=\"1\" loading=\"lazy\" decoding=\"async\" class=\"size-medium wp-image-72713\" src=\"https:\/\/i0.wp.com\/www.eltrabajo.cl\/portal\/wp-content\/uploads\/2016\/08\/Katia-Reyes-300x197.jpg?resize=300%2C197\" alt=\"Katia Reyes, organiz\u00f3 el primer Fashion Day en nuestra comuna.\" width=\"300\" height=\"197\" srcset=\"https:\/\/i0.wp.com\/eltrabajo.cl\/portal\/wp-content\/uploads\/2016\/08\/Katia-Reyes.jpg?resize=300%2C197&amp;ssl=1 300w, https:\/\/i0.wp.com\/eltrabajo.cl\/portal\/wp-content\/uploads\/2016\/08\/Katia-Reyes.jpg?resize=200%2C131&amp;ssl=1 200w, https:\/\/i0.wp.com\/eltrabajo.cl\/portal\/wp-content\/uploads\/2016\/08\/Katia-Reyes.jpg?resize=228%2C150&amp;ssl=1 228w, https:\/\/i0.wp.com\/eltrabajo.cl\/portal\/wp-content\/uploads\/2016\/08\/Katia-Reyes.jpg?resize=400%2C263&amp;ssl=1 400w, https:\/\/i0.wp.com\/eltrabajo.cl\/portal\/wp-content\/uploads\/2016\/08\/Katia-Reyes.jpg?w=530&amp;ssl=1 530w\" sizes=\"auto, (max-width: 300px) 100vw, 300px\" \/><\/a><figcaption id=\"caption-attachment-72713\" class=\"wp-caption-text\">Katia Reyes, organiz\u00f3 el primer Fashion Day en nuestra comuna.<\/figcaption><\/figure>\n","protected":false},"excerpt":{"rendered":"<p>En octubre podr\u00edamos tener el segundo: Luego que en Diario El Trabajo anunci\u00e1ramos el primer Fashion Day que se ha realizado en San Felipe, la reacci\u00f3n de los aconcag\u00fcinos no se hizo&#8230;<\/p>\n","protected":false},"author":1,"featured_media":72712,"comment_status":"open","ping_status":"open","sticky":false,"template":"","format":"standard","meta":{"advanced_seo_description":"","jetpack_seo_html_title":"","jetpack_seo_noindex":false,"_jetpack_memberships_contains_paid_content":false,"footnotes":""},"categories":[15],"tags":[],"class_list":["post-72709","post","type-post","status-publish","format-standard","has-post-thumbnail","hentry","category-comunidad"],"jetpack_featured_media_url":"https:\/\/i0.wp.com\/eltrabajo.cl\/portal\/wp-content\/uploads\/2016\/08\/Grupal2.jpg?fit=530%2C349&ssl=1","jetpack_sharing_enabled":true,"jetpack_likes_enabled":true,"jetpack-related-posts":[],"_links":{"self":[{"href":"https:\/\/eltrabajo.cl\/portal\/wp-json\/wp\/v2\/posts\/72709","targetHints":{"allow":["GET"]}}],"collection":[{"href":"https:\/\/eltrabajo.cl\/portal\/wp-json\/wp\/v2\/posts"}],"about":[{"href":"https:\/\/eltrabajo.cl\/portal\/wp-json\/wp\/v2\/types\/post"}],"author":[{"embeddable":true,"href":"https:\/\/eltrabajo.cl\/portal\/wp-json\/wp\/v2\/users\/1"}],"replies":[{"embeddable":true,"href":"https:\/\/eltrabajo.cl\/portal\/wp-json\/wp\/v2\/comments?post=72709"}],"version-history":[{"count":0,"href":"https:\/\/eltrabajo.cl\/portal\/wp-json\/wp\/v2\/posts\/72709\/revisions"}],"wp:featuredmedia":[{"embeddable":true,"href":"https:\/\/eltrabajo.cl\/portal\/wp-json\/wp\/v2\/media\/72712"}],"wp:attachment":[{"href":"https:\/\/eltrabajo.cl\/portal\/wp-json\/wp\/v2\/media?parent=72709"}],"wp:term":[{"taxonomy":"category","embeddable":true,"href":"https:\/\/eltrabajo.cl\/portal\/wp-json\/wp\/v2\/categories?post=72709"},{"taxonomy":"post_tag","embeddable":true,"href":"https:\/\/eltrabajo.cl\/portal\/wp-json\/wp\/v2\/tags?post=72709"}],"curies":[{"name":"wp","href":"https:\/\/api.w.org\/{rel}","templated":true}]}}