{"id":72716,"date":"2016-08-10T08:50:27","date_gmt":"2016-08-10T12:50:27","guid":{"rendered":"http:\/\/www.eltrabajo.cl\/portal\/?p=72716"},"modified":"2016-08-10T08:50:27","modified_gmt":"2016-08-10T12:50:27","slug":"celebran-dia-del-nino-a-hijos-con-capacidades-diferentes-de-carabineros","status":"publish","type":"post","link":"https:\/\/eltrabajo.cl\/portal\/celebran-dia-del-nino-a-hijos-con-capacidades-diferentes-de-carabineros\/","title":{"rendered":"Celebran D\u00eda del Ni\u00f1o a hijos con capacidades diferentes de Carabineros"},"content":{"rendered":"<p>Una entretenida celebraci\u00f3n del D\u00eda del Ni\u00f1o, organiz\u00f3 la \u2018Prefectura de Carabineros Aconcagua\u2019 para los hijos de funcionarios de la instituci\u00f3n.<br \/>\nA la actividad, acudieron 13 familias de distintas unidades policiales de la repartici\u00f3n junto a los peque\u00f1os con capacidades diferentes y sus hermanitos.<br \/>\nLa ceremonia, que se desarroll\u00f3 en dependencias de la prefectura, fue presidida por el mayor Edgardo Egli Cruzat, jefe de la tercera comisar\u00eda de los andes, quien explic\u00f3 que \u201ctodos los a\u00f1os hemos reconocido tanto a los ni\u00f1os como a sus padres por el sacrificio de criar a estos \u2018angelitos\u2019, de estar d\u00eda a d\u00eda dedicados al crecimiento y a la educaci\u00f3n de ellos.<br \/>\nNosotros como instituci\u00f3n, estamos siempre cercanos a la juventud, a los ni\u00f1os, somos incluso un referente para muchos de ellos\u201d, agreg\u00f3 el oficial.<br \/>\nEn tanto, el suboficial Luis Calder\u00f3n Lemus, de la Tenencia Rinconada de Los Andes, y padre de los peque\u00f1os Amanda y Gaspar de 7 y 2 a\u00f1os respectivamente, indic\u00f3 que \u201c\u00e9ste es un acto beneficioso tanto para m\u00ed como carabinero, como para mis hijos. Es bueno que ellos sepan que Carabineros aparte de todo lo que cumple, est\u00e1 preocupado por los ni\u00f1os\u201d.<br \/>\nLos peque\u00f1os disfrutaron de la actividad y felices regresaron a sus casas con los regalos que les fueron entregados por personal institucional.<\/p>\n<figure id=\"attachment_72717\" aria-describedby=\"caption-attachment-72717\" style=\"width: 530px\" class=\"wp-caption alignleft\"><a href=\"http:\/\/www.eltrabajo.cl\/portal\/celebran-dia-del-nino-a-hijos-con-capacidades-diferentes-de-carabineros\/nino-2-3\/\" rel=\"attachment wp-att-72717\"><img data-recalc-dims=\"1\" loading=\"lazy\" decoding=\"async\" class=\"size-full wp-image-72717\" src=\"https:\/\/i0.wp.com\/www.eltrabajo.cl\/portal\/wp-content\/uploads\/2016\/08\/NI%C3%91O-2.jpg?resize=530%2C349\" alt=\"TODOS FELICES.- Alegr\u00eda desbordante en la cara del peque\u00f1o y sus padres, contagian al resto de los funcionarios de la organizaci\u00f3n.\" width=\"530\" height=\"349\" srcset=\"https:\/\/i0.wp.com\/eltrabajo.cl\/portal\/wp-content\/uploads\/2016\/08\/NI%C3%91O-2.jpg?w=530&amp;ssl=1 530w, https:\/\/i0.wp.com\/eltrabajo.cl\/portal\/wp-content\/uploads\/2016\/08\/NI%C3%91O-2.jpg?resize=200%2C132&amp;ssl=1 200w, https:\/\/i0.wp.com\/eltrabajo.cl\/portal\/wp-content\/uploads\/2016\/08\/NI%C3%91O-2.jpg?resize=300%2C198&amp;ssl=1 300w, https:\/\/i0.wp.com\/eltrabajo.cl\/portal\/wp-content\/uploads\/2016\/08\/NI%C3%91O-2.jpg?resize=228%2C150&amp;ssl=1 228w, https:\/\/i0.wp.com\/eltrabajo.cl\/portal\/wp-content\/uploads\/2016\/08\/NI%C3%91O-2.jpg?resize=400%2C263&amp;ssl=1 400w\" sizes=\"auto, (max-width: 530px) 100vw, 530px\" \/><\/a><figcaption id=\"caption-attachment-72717\" class=\"wp-caption-text\">TODOS FELICES.- Alegr\u00eda desbordante en la cara del peque\u00f1o y sus padres, contagian al resto de los funcionarios de la organizaci\u00f3n.<\/figcaption><\/figure>\n","protected":false},"excerpt":{"rendered":"<p>Una entretenida celebraci\u00f3n del D\u00eda del Ni\u00f1o, organiz\u00f3 la \u2018Prefectura de Carabineros Aconcagua\u2019 para los hijos de funcionarios de la instituci\u00f3n. A la actividad, acudieron 13 familias de distintas unidades policiales de&#8230;<\/p>\n","protected":false},"author":1,"featured_media":72717,"comment_status":"open","ping_status":"open","sticky":false,"template":"","format":"standard","meta":{"advanced_seo_description":"","jetpack_seo_html_title":"","jetpack_seo_noindex":false,"_jetpack_memberships_contains_paid_content":false,"footnotes":""},"categories":[15],"tags":[],"class_list":["post-72716","post","type-post","status-publish","format-standard","has-post-thumbnail","hentry","category-comunidad"],"jetpack_featured_media_url":"https:\/\/i0.wp.com\/eltrabajo.cl\/portal\/wp-content\/uploads\/2016\/08\/NI%C3%91O-2.jpg?fit=530%2C349&ssl=1","jetpack_sharing_enabled":true,"jetpack_likes_enabled":true,"jetpack-related-posts":[],"_links":{"self":[{"href":"https:\/\/eltrabajo.cl\/portal\/wp-json\/wp\/v2\/posts\/72716","targetHints":{"allow":["GET"]}}],"collection":[{"href":"https:\/\/eltrabajo.cl\/portal\/wp-json\/wp\/v2\/posts"}],"about":[{"href":"https:\/\/eltrabajo.cl\/portal\/wp-json\/wp\/v2\/types\/post"}],"author":[{"embeddable":true,"href":"https:\/\/eltrabajo.cl\/portal\/wp-json\/wp\/v2\/users\/1"}],"replies":[{"embeddable":true,"href":"https:\/\/eltrabajo.cl\/portal\/wp-json\/wp\/v2\/comments?post=72716"}],"version-history":[{"count":0,"href":"https:\/\/eltrabajo.cl\/portal\/wp-json\/wp\/v2\/posts\/72716\/revisions"}],"wp:featuredmedia":[{"embeddable":true,"href":"https:\/\/eltrabajo.cl\/portal\/wp-json\/wp\/v2\/media\/72717"}],"wp:attachment":[{"href":"https:\/\/eltrabajo.cl\/portal\/wp-json\/wp\/v2\/media?parent=72716"}],"wp:term":[{"taxonomy":"category","embeddable":true,"href":"https:\/\/eltrabajo.cl\/portal\/wp-json\/wp\/v2\/categories?post=72716"},{"taxonomy":"post_tag","embeddable":true,"href":"https:\/\/eltrabajo.cl\/portal\/wp-json\/wp\/v2\/tags?post=72716"}],"curies":[{"name":"wp","href":"https:\/\/api.w.org\/{rel}","templated":true}]}}