{"id":72720,"date":"2016-08-10T08:53:17","date_gmt":"2016-08-10T12:53:17","guid":{"rendered":"http:\/\/www.eltrabajo.cl\/portal\/?p=72720"},"modified":"2016-08-10T08:53:17","modified_gmt":"2016-08-10T12:53:17","slug":"cesantia-lo-saco-de-las-minas-para-convertirse-en-artesano-con-su-esposa","status":"publish","type":"post","link":"https:\/\/eltrabajo.cl\/portal\/cesantia-lo-saco-de-las-minas-para-convertirse-en-artesano-con-su-esposa\/","title":{"rendered":"Cesant\u00eda lo sac\u00f3 de las minas para convertirse en artesano con su esposa"},"content":{"rendered":"<p>Hoy en Diario El Trabajo te presentamos a un artesano sanfelipe\u00f1o que desde hace ocho a\u00f1os inici\u00f3 sus labores en este mundo de las creaciones en madera, \u00e9l se llama Gast\u00f3n Gonz\u00e1lez Cepeda, vecino de Villa El Canelo 2, y junto a su esposa Mar\u00eda Luisa Vega, se ganan la vida fabricando en su casa y vendiendo en ferias sus productos.<\/p>\n<p><strong>TRABAJO FAMILIAR<\/strong><br \/>\n\u00abYo trabajaba en obras civiles en las minas, pero la cesant\u00eda en este sector laboral me oblig\u00f3 a echar mano de este oficio, soy autodidacta, mi esposa se gan\u00f3 un proyecto de Fosis en 2015 y con esa platita compramos las herramientas con las que hacemos nuestras artesan\u00edas\u00bb, dijo a Diario El Trabajo don Gast\u00f3n.<br \/>\nNuestro medio, habl\u00f3 tambi\u00e9n con su esposa, do\u00f1a Mar\u00eda Luisa, \u00abyo me encargo de vender las artesan\u00edas, fabricamos licoreras, ba\u00fales y muebles en miniatura de madera, la mayor\u00eda de nuestros trabajos tambi\u00e9n son fabricados con efecto ahumado, para que se vean como antiguos, gracias a este trabajo logramos sacar adelante a nuestra familia\u00bb, dijo la artesana y comerciante.<br \/>\nLos interesados en comprar estas bellas artesan\u00edas pueden llamar al 976438576.<br \/>\n<strong>Roberto Gonz\u00e1lez Short<\/strong><\/p>\n<figure id=\"attachment_72721\" aria-describedby=\"caption-attachment-72721\" style=\"width: 530px\" class=\"wp-caption alignleft\"><a href=\"http:\/\/www.eltrabajo.cl\/portal\/cesantia-lo-saco-de-las-minas-para-convertirse-en-artesano-con-su-esposa\/licorera33\/\" rel=\"attachment wp-att-72721\"><img data-recalc-dims=\"1\" loading=\"lazy\" decoding=\"async\" class=\"size-full wp-image-72721\" src=\"https:\/\/i0.wp.com\/www.eltrabajo.cl\/portal\/wp-content\/uploads\/2016\/08\/Licorera33.jpg?resize=530%2C350\" alt=\"LICORERAS.- Estas licoreras artesanales de madera son las que fabrica este matrimonio para la venta.\" width=\"530\" height=\"350\" srcset=\"https:\/\/i0.wp.com\/eltrabajo.cl\/portal\/wp-content\/uploads\/2016\/08\/Licorera33.jpg?w=530&amp;ssl=1 530w, https:\/\/i0.wp.com\/eltrabajo.cl\/portal\/wp-content\/uploads\/2016\/08\/Licorera33.jpg?resize=200%2C132&amp;ssl=1 200w, https:\/\/i0.wp.com\/eltrabajo.cl\/portal\/wp-content\/uploads\/2016\/08\/Licorera33.jpg?resize=300%2C198&amp;ssl=1 300w, https:\/\/i0.wp.com\/eltrabajo.cl\/portal\/wp-content\/uploads\/2016\/08\/Licorera33.jpg?resize=227%2C150&amp;ssl=1 227w, https:\/\/i0.wp.com\/eltrabajo.cl\/portal\/wp-content\/uploads\/2016\/08\/Licorera33.jpg?resize=400%2C264&amp;ssl=1 400w\" sizes=\"auto, (max-width: 530px) 100vw, 530px\" \/><\/a><figcaption id=\"caption-attachment-72721\" class=\"wp-caption-text\">LICORERAS.- Estas licoreras artesanales de madera son las que fabrica este matrimonio para la venta.<\/figcaption><\/figure>\n<figure id=\"attachment_72722\" aria-describedby=\"caption-attachment-72722\" style=\"width: 530px\" class=\"wp-caption alignleft\"><a href=\"http:\/\/www.eltrabajo.cl\/portal\/cesantia-lo-saco-de-las-minas-para-convertirse-en-artesano-con-su-esposa\/ma-luisa-vega\/\" rel=\"attachment wp-att-72722\"><img data-recalc-dims=\"1\" loading=\"lazy\" decoding=\"async\" class=\"size-full wp-image-72722\" src=\"https:\/\/i0.wp.com\/www.eltrabajo.cl\/portal\/wp-content\/uploads\/2016\/08\/Ma-Luisa-Vega.jpg?resize=530%2C349\" alt=\"GENIALES TRABAJOS.- Do\u00f1a Mar\u00eda Luisa Vega muestra a Diario El Trabajo los trabajos que ella y su esposo fabrican en madera. Actualmente est\u00e1n en la feria de la Plaza de Armas, frente a la Catedral.\" width=\"530\" height=\"349\" srcset=\"https:\/\/i0.wp.com\/eltrabajo.cl\/portal\/wp-content\/uploads\/2016\/08\/Ma-Luisa-Vega.jpg?w=530&amp;ssl=1 530w, https:\/\/i0.wp.com\/eltrabajo.cl\/portal\/wp-content\/uploads\/2016\/08\/Ma-Luisa-Vega.jpg?resize=200%2C132&amp;ssl=1 200w, https:\/\/i0.wp.com\/eltrabajo.cl\/portal\/wp-content\/uploads\/2016\/08\/Ma-Luisa-Vega.jpg?resize=300%2C198&amp;ssl=1 300w, https:\/\/i0.wp.com\/eltrabajo.cl\/portal\/wp-content\/uploads\/2016\/08\/Ma-Luisa-Vega.jpg?resize=228%2C150&amp;ssl=1 228w, https:\/\/i0.wp.com\/eltrabajo.cl\/portal\/wp-content\/uploads\/2016\/08\/Ma-Luisa-Vega.jpg?resize=400%2C263&amp;ssl=1 400w\" sizes=\"auto, (max-width: 530px) 100vw, 530px\" \/><\/a><figcaption id=\"caption-attachment-72722\" class=\"wp-caption-text\">GENIALES TRABAJOS.- Do\u00f1a Mar\u00eda Luisa Vega muestra a Diario El Trabajo los trabajos que ella y su esposo fabrican en madera. Actualmente est\u00e1n en la feria de la Plaza de Armas, frente a la Catedral.<\/figcaption><\/figure>\n<figure id=\"attachment_72723\" aria-describedby=\"caption-attachment-72723\" style=\"width: 530px\" class=\"wp-caption alignleft\"><a href=\"http:\/\/www.eltrabajo.cl\/portal\/cesantia-lo-saco-de-las-minas-para-convertirse-en-artesano-con-su-esposa\/taller33\/\" rel=\"attachment wp-att-72723\"><img data-recalc-dims=\"1\" loading=\"lazy\" decoding=\"async\" class=\"size-full wp-image-72723\" src=\"https:\/\/i0.wp.com\/www.eltrabajo.cl\/portal\/wp-content\/uploads\/2016\/08\/Taller33.jpg?resize=530%2C349\" alt=\"HUMILDE TALLER.- Las c\u00e1maras de nuestro medio visitaron ayer el tallercito de don Gast\u00f3n, en Villa El Canelo 2.\" width=\"530\" height=\"349\" srcset=\"https:\/\/i0.wp.com\/eltrabajo.cl\/portal\/wp-content\/uploads\/2016\/08\/Taller33.jpg?w=530&amp;ssl=1 530w, https:\/\/i0.wp.com\/eltrabajo.cl\/portal\/wp-content\/uploads\/2016\/08\/Taller33.jpg?resize=200%2C132&amp;ssl=1 200w, https:\/\/i0.wp.com\/eltrabajo.cl\/portal\/wp-content\/uploads\/2016\/08\/Taller33.jpg?resize=300%2C198&amp;ssl=1 300w, https:\/\/i0.wp.com\/eltrabajo.cl\/portal\/wp-content\/uploads\/2016\/08\/Taller33.jpg?resize=228%2C150&amp;ssl=1 228w, https:\/\/i0.wp.com\/eltrabajo.cl\/portal\/wp-content\/uploads\/2016\/08\/Taller33.jpg?resize=400%2C263&amp;ssl=1 400w\" sizes=\"auto, (max-width: 530px) 100vw, 530px\" \/><\/a><figcaption id=\"caption-attachment-72723\" class=\"wp-caption-text\">HUMILDE TALLER.- Las c\u00e1maras de nuestro medio visitaron ayer el tallercito de don Gast\u00f3n, en Villa El Canelo 2.<\/figcaption><\/figure>\n<figure id=\"attachment_72724\" aria-describedby=\"caption-attachment-72724\" style=\"width: 300px\" class=\"wp-caption alignleft\"><a href=\"http:\/\/www.eltrabajo.cl\/portal\/cesantia-lo-saco-de-las-minas-para-convertirse-en-artesano-con-su-esposa\/gaston-gonzalez\/\" rel=\"attachment wp-att-72724\"><img data-recalc-dims=\"1\" loading=\"lazy\" decoding=\"async\" class=\"size-medium wp-image-72724\" src=\"https:\/\/i0.wp.com\/www.eltrabajo.cl\/portal\/wp-content\/uploads\/2016\/08\/Gaston-Gonzalez-300x197.jpg?resize=300%2C197\" alt=\"Gast\u00f3n Gonz\u00e1lez Zepeda, artesano sanfelipe\u00f1o.\" width=\"300\" height=\"197\" srcset=\"https:\/\/i0.wp.com\/eltrabajo.cl\/portal\/wp-content\/uploads\/2016\/08\/Gaston-Gonzalez.jpg?resize=300%2C197&amp;ssl=1 300w, https:\/\/i0.wp.com\/eltrabajo.cl\/portal\/wp-content\/uploads\/2016\/08\/Gaston-Gonzalez.jpg?resize=200%2C131&amp;ssl=1 200w, https:\/\/i0.wp.com\/eltrabajo.cl\/portal\/wp-content\/uploads\/2016\/08\/Gaston-Gonzalez.jpg?resize=228%2C150&amp;ssl=1 228w, https:\/\/i0.wp.com\/eltrabajo.cl\/portal\/wp-content\/uploads\/2016\/08\/Gaston-Gonzalez.jpg?resize=400%2C263&amp;ssl=1 400w, https:\/\/i0.wp.com\/eltrabajo.cl\/portal\/wp-content\/uploads\/2016\/08\/Gaston-Gonzalez.jpg?w=530&amp;ssl=1 530w\" sizes=\"auto, (max-width: 300px) 100vw, 300px\" \/><\/a><figcaption id=\"caption-attachment-72724\" class=\"wp-caption-text\">Gast\u00f3n Gonz\u00e1lez Zepeda, artesano sanfelipe\u00f1o.<\/figcaption><\/figure>\n","protected":false},"excerpt":{"rendered":"<p>Hoy en Diario El Trabajo te presentamos a un artesano sanfelipe\u00f1o que desde hace ocho a\u00f1os inici\u00f3 sus labores en este mundo de las creaciones en madera, \u00e9l se llama Gast\u00f3n Gonz\u00e1lez&#8230;<\/p>\n","protected":false},"author":1,"featured_media":72723,"comment_status":"open","ping_status":"open","sticky":false,"template":"","format":"standard","meta":{"advanced_seo_description":"","jetpack_seo_html_title":"","jetpack_seo_noindex":false,"_jetpack_memberships_contains_paid_content":false,"footnotes":""},"categories":[15],"tags":[],"class_list":["post-72720","post","type-post","status-publish","format-standard","has-post-thumbnail","hentry","category-comunidad"],"jetpack_featured_media_url":"https:\/\/i0.wp.com\/eltrabajo.cl\/portal\/wp-content\/uploads\/2016\/08\/Taller33.jpg?fit=530%2C349&ssl=1","jetpack_sharing_enabled":true,"jetpack_likes_enabled":true,"jetpack-related-posts":[],"_links":{"self":[{"href":"https:\/\/eltrabajo.cl\/portal\/wp-json\/wp\/v2\/posts\/72720","targetHints":{"allow":["GET"]}}],"collection":[{"href":"https:\/\/eltrabajo.cl\/portal\/wp-json\/wp\/v2\/posts"}],"about":[{"href":"https:\/\/eltrabajo.cl\/portal\/wp-json\/wp\/v2\/types\/post"}],"author":[{"embeddable":true,"href":"https:\/\/eltrabajo.cl\/portal\/wp-json\/wp\/v2\/users\/1"}],"replies":[{"embeddable":true,"href":"https:\/\/eltrabajo.cl\/portal\/wp-json\/wp\/v2\/comments?post=72720"}],"version-history":[{"count":0,"href":"https:\/\/eltrabajo.cl\/portal\/wp-json\/wp\/v2\/posts\/72720\/revisions"}],"wp:featuredmedia":[{"embeddable":true,"href":"https:\/\/eltrabajo.cl\/portal\/wp-json\/wp\/v2\/media\/72723"}],"wp:attachment":[{"href":"https:\/\/eltrabajo.cl\/portal\/wp-json\/wp\/v2\/media?parent=72720"}],"wp:term":[{"taxonomy":"category","embeddable":true,"href":"https:\/\/eltrabajo.cl\/portal\/wp-json\/wp\/v2\/categories?post=72720"},{"taxonomy":"post_tag","embeddable":true,"href":"https:\/\/eltrabajo.cl\/portal\/wp-json\/wp\/v2\/tags?post=72720"}],"curies":[{"name":"wp","href":"https:\/\/api.w.org\/{rel}","templated":true}]}}