{"id":72727,"date":"2016-08-10T08:56:38","date_gmt":"2016-08-10T12:56:38","guid":{"rendered":"http:\/\/www.eltrabajo.cl\/portal\/?p=72727"},"modified":"2016-08-10T08:56:38","modified_gmt":"2016-08-10T12:56:38","slug":"alumnos-de-la-escuela-almendral-disfrutaron-jornada-de-ecoturismo","status":"publish","type":"post","link":"https:\/\/eltrabajo.cl\/portal\/alumnos-de-la-escuela-almendral-disfrutaron-jornada-de-ecoturismo\/","title":{"rendered":"Alumnos de la Escuela Almendral disfrutaron jornada de Ecoturismo"},"content":{"rendered":"<p>Marcando su sello educativo medioambiental y de desarrollo acad\u00e9mico, alumnos, apoderados, docentes y asistentes de la Escuela Almendral, participaron de salida ecotur\u00edstica en la zona, donde pudieron interactuar con la naturaleza y con la historia.<br \/>\nEn dicha salida, se premi\u00f3 a los mejores dos promedios por curso desde pre k\u00ednder a 8\u00b0 a\u00f1o b\u00e1sico, junto a sus apoderados y en donde los estudiantes visitaron una granja ecol\u00f3gica en Putaendo, con gu\u00edas tur\u00edsticos biling\u00fces, oportunidad para que los alumnos pudieran practicar el ingl\u00e9s y visita a los petroglifos del cerro Tuc\u00faquere de la misma localidad.<br \/>\nEl objetivo de esta salida, tambi\u00e9n es que los estudiantes conozcan y aprecien los lugares que se encuentran en la zona y que favorecen el aprendizaje de ellos. Wilta Berrios Oyanadel, directora, explica que si bien es cierto es positivo que los estudiantes salgan a conocer lugares nuevos como Santiago o Vi\u00f1a del Mar, para nosotros como unidad educativa, es tambi\u00e9n importante que conozcan los lugares que hay en la zona y que por cierto entregan mucho aprendizaje ya poseen una gran relevancia hist\u00f3rica y tur\u00edstica que ning\u00fan aconcag\u00fcino debiese desconocer.<br \/>\nLos alumnos pudieron vivir la experiencia de orde\u00f1ar vacas, cabalgatas a caballos, interactuar con muchas aves y tambi\u00e9n observar petroglifos y conocer un poco de historia de la localidad de Putaendo.<\/p>\n<figure id=\"attachment_72728\" aria-describedby=\"caption-attachment-72728\" style=\"width: 530px\" class=\"wp-caption alignleft\"><a href=\"http:\/\/www.eltrabajo.cl\/portal\/alumnos-de-la-escuela-almendral-disfrutaron-jornada-de-ecoturismo\/salida-educativa-28-julio-2016-024\/\" rel=\"attachment wp-att-72728\"><img data-recalc-dims=\"1\" loading=\"lazy\" decoding=\"async\" class=\"size-full wp-image-72728\" src=\"https:\/\/i0.wp.com\/www.eltrabajo.cl\/portal\/wp-content\/uploads\/2016\/08\/Salida-Educativa-28-Julio-2016-024.jpg?resize=530%2C350\" alt=\"ORDE\u00d1A MANUAL.- Algunos alumnos se dedicaron al aprendizaje de la t\u00e9cnica de extracci\u00f3n manual de leche\" width=\"530\" height=\"350\" srcset=\"https:\/\/i0.wp.com\/eltrabajo.cl\/portal\/wp-content\/uploads\/2016\/08\/Salida-Educativa-28-Julio-2016-024.jpg?w=530&amp;ssl=1 530w, https:\/\/i0.wp.com\/eltrabajo.cl\/portal\/wp-content\/uploads\/2016\/08\/Salida-Educativa-28-Julio-2016-024.jpg?resize=200%2C132&amp;ssl=1 200w, https:\/\/i0.wp.com\/eltrabajo.cl\/portal\/wp-content\/uploads\/2016\/08\/Salida-Educativa-28-Julio-2016-024.jpg?resize=300%2C198&amp;ssl=1 300w, https:\/\/i0.wp.com\/eltrabajo.cl\/portal\/wp-content\/uploads\/2016\/08\/Salida-Educativa-28-Julio-2016-024.jpg?resize=227%2C150&amp;ssl=1 227w, https:\/\/i0.wp.com\/eltrabajo.cl\/portal\/wp-content\/uploads\/2016\/08\/Salida-Educativa-28-Julio-2016-024.jpg?resize=400%2C264&amp;ssl=1 400w\" sizes=\"auto, (max-width: 530px) 100vw, 530px\" \/><\/a><figcaption id=\"caption-attachment-72728\" class=\"wp-caption-text\">ORDE\u00d1A MANUAL.- Algunos alumnos se dedicaron al aprendizaje de la t\u00e9cnica de extracci\u00f3n manual de leche<\/figcaption><\/figure>\n<figure id=\"attachment_72729\" aria-describedby=\"caption-attachment-72729\" style=\"width: 530px\" class=\"wp-caption alignleft\"><a href=\"http:\/\/www.eltrabajo.cl\/portal\/alumnos-de-la-escuela-almendral-disfrutaron-jornada-de-ecoturismo\/salida-educativa-28-julio-2016-087\/\" rel=\"attachment wp-att-72729\"><img data-recalc-dims=\"1\" loading=\"lazy\" decoding=\"async\" class=\"size-full wp-image-72729\" src=\"https:\/\/i0.wp.com\/www.eltrabajo.cl\/portal\/wp-content\/uploads\/2016\/08\/Salida-Educativa-28-Julio-2016-087.jpg?resize=530%2C350\" alt=\"Alumnos,  apoderados,  docentes  y  asistentes  de  la  Escuela  Almendral,  participaron  de  salida  ecotur\u00edstica  en  la  zona,  donde  pudieron  interactuar  con  la  naturaleza  y con la  historia.\" width=\"530\" height=\"350\" srcset=\"https:\/\/i0.wp.com\/eltrabajo.cl\/portal\/wp-content\/uploads\/2016\/08\/Salida-Educativa-28-Julio-2016-087.jpg?w=530&amp;ssl=1 530w, https:\/\/i0.wp.com\/eltrabajo.cl\/portal\/wp-content\/uploads\/2016\/08\/Salida-Educativa-28-Julio-2016-087.jpg?resize=200%2C132&amp;ssl=1 200w, https:\/\/i0.wp.com\/eltrabajo.cl\/portal\/wp-content\/uploads\/2016\/08\/Salida-Educativa-28-Julio-2016-087.jpg?resize=300%2C198&amp;ssl=1 300w, https:\/\/i0.wp.com\/eltrabajo.cl\/portal\/wp-content\/uploads\/2016\/08\/Salida-Educativa-28-Julio-2016-087.jpg?resize=227%2C150&amp;ssl=1 227w, https:\/\/i0.wp.com\/eltrabajo.cl\/portal\/wp-content\/uploads\/2016\/08\/Salida-Educativa-28-Julio-2016-087.jpg?resize=400%2C264&amp;ssl=1 400w\" sizes=\"auto, (max-width: 530px) 100vw, 530px\" \/><\/a><figcaption id=\"caption-attachment-72729\" class=\"wp-caption-text\">Alumnos, apoderados, docentes y asistentes de la Escuela Almendral, participaron de salida ecotur\u00edstica en la zona, donde pudieron interactuar con la naturaleza y con la historia.<\/figcaption><\/figure>\n<figure id=\"attachment_72730\" aria-describedby=\"caption-attachment-72730\" style=\"width: 530px\" class=\"wp-caption alignleft\"><a href=\"http:\/\/www.eltrabajo.cl\/portal\/alumnos-de-la-escuela-almendral-disfrutaron-jornada-de-ecoturismo\/salida-educativa-28-julio-2016-146\/\" rel=\"attachment wp-att-72730\"><img data-recalc-dims=\"1\" loading=\"lazy\" decoding=\"async\" class=\"size-full wp-image-72730\" src=\"https:\/\/i0.wp.com\/www.eltrabajo.cl\/portal\/wp-content\/uploads\/2016\/08\/Salida-Educativa-28-Julio-2016-146.jpg?resize=530%2C349\" alt=\"PETROGLIFOS.- Visita  a  los  petroglifos del cerro Tuc\u00faquere  de  Putaendo.\" width=\"530\" height=\"349\" srcset=\"https:\/\/i0.wp.com\/eltrabajo.cl\/portal\/wp-content\/uploads\/2016\/08\/Salida-Educativa-28-Julio-2016-146.jpg?w=530&amp;ssl=1 530w, https:\/\/i0.wp.com\/eltrabajo.cl\/portal\/wp-content\/uploads\/2016\/08\/Salida-Educativa-28-Julio-2016-146.jpg?resize=200%2C132&amp;ssl=1 200w, https:\/\/i0.wp.com\/eltrabajo.cl\/portal\/wp-content\/uploads\/2016\/08\/Salida-Educativa-28-Julio-2016-146.jpg?resize=300%2C198&amp;ssl=1 300w, https:\/\/i0.wp.com\/eltrabajo.cl\/portal\/wp-content\/uploads\/2016\/08\/Salida-Educativa-28-Julio-2016-146.jpg?resize=228%2C150&amp;ssl=1 228w, https:\/\/i0.wp.com\/eltrabajo.cl\/portal\/wp-content\/uploads\/2016\/08\/Salida-Educativa-28-Julio-2016-146.jpg?resize=400%2C263&amp;ssl=1 400w\" sizes=\"auto, (max-width: 530px) 100vw, 530px\" \/><\/a><figcaption id=\"caption-attachment-72730\" class=\"wp-caption-text\">PETROGLIFOS.- Visita a los petroglifos del cerro Tuc\u00faquere de Putaendo.<\/figcaption><\/figure>\n","protected":false},"excerpt":{"rendered":"<p>Marcando su sello educativo medioambiental y de desarrollo acad\u00e9mico, alumnos, apoderados, docentes y asistentes de la Escuela Almendral, participaron de salida ecotur\u00edstica en la zona, donde pudieron interactuar con la naturaleza y&#8230;<\/p>\n","protected":false},"author":1,"featured_media":72729,"comment_status":"open","ping_status":"open","sticky":false,"template":"","format":"standard","meta":{"advanced_seo_description":"","jetpack_seo_html_title":"","jetpack_seo_noindex":false,"_jetpack_memberships_contains_paid_content":false,"footnotes":""},"categories":[15],"tags":[],"class_list":["post-72727","post","type-post","status-publish","format-standard","has-post-thumbnail","hentry","category-comunidad"],"jetpack_featured_media_url":"https:\/\/i0.wp.com\/eltrabajo.cl\/portal\/wp-content\/uploads\/2016\/08\/Salida-Educativa-28-Julio-2016-087.jpg?fit=530%2C350&ssl=1","jetpack_sharing_enabled":true,"jetpack_likes_enabled":true,"jetpack-related-posts":[],"_links":{"self":[{"href":"https:\/\/eltrabajo.cl\/portal\/wp-json\/wp\/v2\/posts\/72727","targetHints":{"allow":["GET"]}}],"collection":[{"href":"https:\/\/eltrabajo.cl\/portal\/wp-json\/wp\/v2\/posts"}],"about":[{"href":"https:\/\/eltrabajo.cl\/portal\/wp-json\/wp\/v2\/types\/post"}],"author":[{"embeddable":true,"href":"https:\/\/eltrabajo.cl\/portal\/wp-json\/wp\/v2\/users\/1"}],"replies":[{"embeddable":true,"href":"https:\/\/eltrabajo.cl\/portal\/wp-json\/wp\/v2\/comments?post=72727"}],"version-history":[{"count":0,"href":"https:\/\/eltrabajo.cl\/portal\/wp-json\/wp\/v2\/posts\/72727\/revisions"}],"wp:featuredmedia":[{"embeddable":true,"href":"https:\/\/eltrabajo.cl\/portal\/wp-json\/wp\/v2\/media\/72729"}],"wp:attachment":[{"href":"https:\/\/eltrabajo.cl\/portal\/wp-json\/wp\/v2\/media?parent=72727"}],"wp:term":[{"taxonomy":"category","embeddable":true,"href":"https:\/\/eltrabajo.cl\/portal\/wp-json\/wp\/v2\/categories?post=72727"},{"taxonomy":"post_tag","embeddable":true,"href":"https:\/\/eltrabajo.cl\/portal\/wp-json\/wp\/v2\/tags?post=72727"}],"curies":[{"name":"wp","href":"https:\/\/api.w.org\/{rel}","templated":true}]}}