{"id":72819,"date":"2016-08-12T10:12:04","date_gmt":"2016-08-12T14:12:04","guid":{"rendered":"http:\/\/www.eltrabajo.cl\/portal\/?p=72819"},"modified":"2016-08-12T10:12:04","modified_gmt":"2016-08-12T14:12:04","slug":"realizaran-la-segunda-version-del-festival-ranchero-de-san-felipe","status":"publish","type":"post","link":"https:\/\/eltrabajo.cl\/portal\/realizaran-la-segunda-version-del-festival-ranchero-de-san-felipe\/","title":{"rendered":"Realizar\u00e1n la segunda versi\u00f3n del Festival Ranchero de San Felipe"},"content":{"rendered":"<p>La segunda versi\u00f3n del Festival Ranchero, ser\u00e1 un evento que contar\u00e1 con la participaci\u00f3n de artistas como \u2018La Flor del Valle\u2019, \u2018La Morenita del Valle\u2019 y \u2018Ram\u00f3n Rimac\u2019, entre otros grandes del cantar mexicano.<br \/>\nLa actividad, organizada por artistas locales de la m\u00fasica ranchera con el apoyo de la Municipalidad de San Felipe, considera la realizaci\u00f3n de la competencia musical, donde fueron definidos 13 participantes de entre un total de 20 que se inscribieron desde todo el pa\u00eds.<br \/>\nTanto hoy viernes como el s\u00e1bado, desde las 19 horas, estos exponentes de la m\u00fasica mexicana se medir\u00e1n en una competencia que aseguran, ser\u00e1 de alto nivel art\u00edstico, lo que ha permitido que en su segunda edici\u00f3n, este certamen musical sea reconocido en todo el territorio nacional.<br \/>\nLos ganadores obtendr\u00e1n premios en dinero de 200 mil el primer lugar; 150 mil pesos el segundo lugar, 100 mil pesos el tercer lugar; y 50 mil pesos de premio al artista m\u00e1s popular.<br \/>\n\u2018El Charro del Real\u2019, gestor y organizador de esta actividad, valor\u00f3 el respaldo de la Municipalidad de San Felipe, para el desarrollo de un evento que seg\u00fan dijo, esperan que arroje una muy buena convocatoria.<br \/>\n\u201cEl a\u00f1o pasado tuvimos un festival impecable y le agradecemos mucho al alcalde Patricio Freire porque desde el primer minuto nos brind\u00f3 su apoyo. Este a\u00f1o tenemos muchas expectativas. Tenemos 13 participantes y tendremos artistas como La Flor del Valle, La Morenita del Valle, Lonquimay, Ram\u00f3n Rimac, Lupita Aguilar, Yasm\u00edn Lazcano, entre otros. Es un festival con entrada gratuita para los asistentes, as\u00ed que esperamos contar con la asistencia de mucha gente\u201d, se\u00f1al\u00f3 El Charro del Real.<br \/>\nLa invitaci\u00f3n es para todos los amantes de la m\u00fasica ranchera, para que asistan este viernes y s\u00e1bado al Liceo Roberto Humeres de San Felipe y disfruten de un gran evento que contar\u00e1 con los mejores exponentes nacionales del cantar mexicano, en veladas que se iniciar\u00e1n a las 19 horas.<\/p>\n<figure id=\"attachment_72820\" aria-describedby=\"caption-attachment-72820\" style=\"width: 530px\" class=\"wp-caption alignnone\"><img data-recalc-dims=\"1\" loading=\"lazy\" decoding=\"async\" class=\"wp-image-72820 size-full\" src=\"https:\/\/i0.wp.com\/www.eltrabajo.cl\/portal\/wp-content\/uploads\/2016\/08\/festival-ranchero.jpg?resize=530%2C349\" alt=\"La segunda versi\u00f3n del Festival Ranchero, ser\u00e1 un evento  que contar\u00e1 con la participaci\u00f3n de artistas como \u2018La Flor del Valle\u2019, \u2018La Morenita del Valle\u2019 y \u2018Ram\u00f3n Rimac\u2019, entre otros grandes del cantar mexicano.\" width=\"530\" height=\"349\" srcset=\"https:\/\/i0.wp.com\/eltrabajo.cl\/portal\/wp-content\/uploads\/2016\/08\/festival-ranchero.jpg?w=530&amp;ssl=1 530w, https:\/\/i0.wp.com\/eltrabajo.cl\/portal\/wp-content\/uploads\/2016\/08\/festival-ranchero.jpg?resize=200%2C132&amp;ssl=1 200w, https:\/\/i0.wp.com\/eltrabajo.cl\/portal\/wp-content\/uploads\/2016\/08\/festival-ranchero.jpg?resize=300%2C198&amp;ssl=1 300w, https:\/\/i0.wp.com\/eltrabajo.cl\/portal\/wp-content\/uploads\/2016\/08\/festival-ranchero.jpg?resize=228%2C150&amp;ssl=1 228w, https:\/\/i0.wp.com\/eltrabajo.cl\/portal\/wp-content\/uploads\/2016\/08\/festival-ranchero.jpg?resize=400%2C263&amp;ssl=1 400w\" sizes=\"auto, (max-width: 530px) 100vw, 530px\" \/><figcaption id=\"caption-attachment-72820\" class=\"wp-caption-text\">La segunda versi\u00f3n del Festival Ranchero, ser\u00e1 un evento que contar\u00e1 con la participaci\u00f3n de artistas como \u2018La Flor del Valle\u2019, \u2018La Morenita del Valle\u2019 y \u2018Ram\u00f3n Rimac\u2019, entre otros grandes del cantar mexicano.<\/figcaption><\/figure>\n","protected":false},"excerpt":{"rendered":"<p>La segunda versi\u00f3n del Festival Ranchero, ser\u00e1 un evento que contar\u00e1 con la participaci\u00f3n de artistas como \u2018La Flor del Valle\u2019, \u2018La Morenita del Valle\u2019 y \u2018Ram\u00f3n Rimac\u2019, entre otros grandes del&#8230;<\/p>\n","protected":false},"author":482,"featured_media":72820,"comment_status":"open","ping_status":"open","sticky":false,"template":"","format":"standard","meta":{"advanced_seo_description":"","jetpack_seo_html_title":"","jetpack_seo_noindex":false,"_jetpack_memberships_contains_paid_content":false,"footnotes":""},"categories":[1],"tags":[],"class_list":["post-72819","post","type-post","status-publish","format-standard","has-post-thumbnail","hentry","category-cronica"],"jetpack_featured_media_url":"https:\/\/i0.wp.com\/eltrabajo.cl\/portal\/wp-content\/uploads\/2016\/08\/festival-ranchero.jpg?fit=530%2C349&ssl=1","jetpack_sharing_enabled":true,"jetpack_likes_enabled":true,"jetpack-related-posts":[],"_links":{"self":[{"href":"https:\/\/eltrabajo.cl\/portal\/wp-json\/wp\/v2\/posts\/72819","targetHints":{"allow":["GET"]}}],"collection":[{"href":"https:\/\/eltrabajo.cl\/portal\/wp-json\/wp\/v2\/posts"}],"about":[{"href":"https:\/\/eltrabajo.cl\/portal\/wp-json\/wp\/v2\/types\/post"}],"author":[{"embeddable":true,"href":"https:\/\/eltrabajo.cl\/portal\/wp-json\/wp\/v2\/users\/482"}],"replies":[{"embeddable":true,"href":"https:\/\/eltrabajo.cl\/portal\/wp-json\/wp\/v2\/comments?post=72819"}],"version-history":[{"count":0,"href":"https:\/\/eltrabajo.cl\/portal\/wp-json\/wp\/v2\/posts\/72819\/revisions"}],"wp:featuredmedia":[{"embeddable":true,"href":"https:\/\/eltrabajo.cl\/portal\/wp-json\/wp\/v2\/media\/72820"}],"wp:attachment":[{"href":"https:\/\/eltrabajo.cl\/portal\/wp-json\/wp\/v2\/media?parent=72819"}],"wp:term":[{"taxonomy":"category","embeddable":true,"href":"https:\/\/eltrabajo.cl\/portal\/wp-json\/wp\/v2\/categories?post=72819"},{"taxonomy":"post_tag","embeddable":true,"href":"https:\/\/eltrabajo.cl\/portal\/wp-json\/wp\/v2\/tags?post=72819"}],"curies":[{"name":"wp","href":"https:\/\/api.w.org\/{rel}","templated":true}]}}