{"id":72823,"date":"2016-08-12T10:15:49","date_gmt":"2016-08-12T14:15:49","guid":{"rendered":"http:\/\/www.eltrabajo.cl\/portal\/?p=72823"},"modified":"2016-08-12T10:15:49","modified_gmt":"2016-08-12T14:15:49","slug":"cuatro-nuevos-murales-gigantes-en-poblacion-bernardo-cruz","status":"publish","type":"post","link":"https:\/\/eltrabajo.cl\/portal\/cuatro-nuevos-murales-gigantes-en-poblacion-bernardo-cruz\/","title":{"rendered":"Cuatro nuevos murales gigantes en Poblaci\u00f3n Bernardo Cruz"},"content":{"rendered":"<p>Una original idea es la que tres j\u00f3venes artistas desarrollaron recientemente, vecinos de Poblaci\u00f3n Bernardo Cruz, luego que por medio de la junta vecinal de esa poblaci\u00f3n, ellos postularan al Fondo de Injuv Participa 2016, el que les signific\u00f3 disponer de $2 millones para desarrollarlo.<br \/>\n\u00abCon ese fondo pudimos comprar todo lo necesario para crear diez enormes murales en nuestra poblaci\u00f3n. Queremos destacar en nuestros murales el patrimonio natural y art\u00edstico del Valle Aconcagua. Tambi\u00e9n quiero agradecer toda la cooperaci\u00f3n de la presidente de la junta vecinal, la se\u00f1ora Ver\u00f3nica Ar\u00e9valo, quien nos ha brindado todo el apoyo posible\u00bb, coment\u00f3 a Diario El Trabajo uno de los artistas muralistas, Felipe Cordero.<br \/>\nSeg\u00fan lo inform\u00f3 Diego Mu\u00f1oz, otro de los artistas, \u00abeste mes estuvimos tambi\u00e9n haciendo los \u00faltimos cuatro murales, para lo que invitamos a selectos muralistas del pa\u00eds, para que ellos tambi\u00e9n dejen estampado su talento en esa poblaci\u00f3n, fue el 6 y 7 de agosto, invitamos a los mejores muralistas de Chile, para que intervinieran tambi\u00e9n en nuestra poblaci\u00f3n, los vecinos est\u00e1n muy contentos, los amigos cuidan nuestros trabajos y eso nos anima aseguir adelante con esto\u00bb, agreg\u00f3 Mu\u00f1oz.<br \/>\n<strong>Roberto Gonz\u00e1lez Short<\/strong><\/p>\n<figure id=\"attachment_72825\" aria-describedby=\"caption-attachment-72825\" style=\"width: 530px\" class=\"wp-caption alignnone\"><img data-recalc-dims=\"1\" loading=\"lazy\" decoding=\"async\" class=\"wp-image-72825 size-full\" src=\"https:\/\/i0.wp.com\/www.eltrabajo.cl\/portal\/wp-content\/uploads\/2016\/08\/Mural33.jpg?resize=530%2C350\" alt=\"IMPECABLE.- As\u00ed qued\u00f3 finalmente terminada esta obra art\u00edstica en Poblaci\u00f3n Bernardo Cruz.\" width=\"530\" height=\"350\" srcset=\"https:\/\/i0.wp.com\/eltrabajo.cl\/portal\/wp-content\/uploads\/2016\/08\/Mural33.jpg?w=530&amp;ssl=1 530w, https:\/\/i0.wp.com\/eltrabajo.cl\/portal\/wp-content\/uploads\/2016\/08\/Mural33.jpg?resize=200%2C132&amp;ssl=1 200w, https:\/\/i0.wp.com\/eltrabajo.cl\/portal\/wp-content\/uploads\/2016\/08\/Mural33.jpg?resize=300%2C198&amp;ssl=1 300w, https:\/\/i0.wp.com\/eltrabajo.cl\/portal\/wp-content\/uploads\/2016\/08\/Mural33.jpg?resize=227%2C150&amp;ssl=1 227w, https:\/\/i0.wp.com\/eltrabajo.cl\/portal\/wp-content\/uploads\/2016\/08\/Mural33.jpg?resize=400%2C264&amp;ssl=1 400w\" sizes=\"auto, (max-width: 530px) 100vw, 530px\" \/><figcaption id=\"caption-attachment-72825\" class=\"wp-caption-text\">IMPECABLE.- As\u00ed qued\u00f3 finalmente terminada esta obra art\u00edstica en Poblaci\u00f3n Bernardo Cruz.<\/figcaption><\/figure>\n<figure id=\"attachment_72824\" aria-describedby=\"caption-attachment-72824\" style=\"width: 530px\" class=\"wp-caption alignnone\"><img data-recalc-dims=\"1\" loading=\"lazy\" decoding=\"async\" class=\"wp-image-72824 size-full\" src=\"https:\/\/i0.wp.com\/www.eltrabajo.cl\/portal\/wp-content\/uploads\/2016\/08\/Murales28.jpg?resize=530%2C348\" alt=\"Paulina Carre\u00f1o y Mariana Riquelme son dos de las muralistas involucradas en este proyecto.\" width=\"530\" height=\"348\" srcset=\"https:\/\/i0.wp.com\/eltrabajo.cl\/portal\/wp-content\/uploads\/2016\/08\/Murales28.jpg?w=530&amp;ssl=1 530w, https:\/\/i0.wp.com\/eltrabajo.cl\/portal\/wp-content\/uploads\/2016\/08\/Murales28.jpg?resize=200%2C131&amp;ssl=1 200w, https:\/\/i0.wp.com\/eltrabajo.cl\/portal\/wp-content\/uploads\/2016\/08\/Murales28.jpg?resize=300%2C197&amp;ssl=1 300w, https:\/\/i0.wp.com\/eltrabajo.cl\/portal\/wp-content\/uploads\/2016\/08\/Murales28.jpg?resize=228%2C150&amp;ssl=1 228w, https:\/\/i0.wp.com\/eltrabajo.cl\/portal\/wp-content\/uploads\/2016\/08\/Murales28.jpg?resize=400%2C263&amp;ssl=1 400w\" sizes=\"auto, (max-width: 530px) 100vw, 530px\" \/><figcaption id=\"caption-attachment-72824\" class=\"wp-caption-text\">Paulina Carre\u00f1o y Mariana Riquelme son dos de las muralistas involucradas en este proyecto.<\/figcaption><\/figure>\n","protected":false},"excerpt":{"rendered":"<p>Una original idea es la que tres j\u00f3venes artistas desarrollaron recientemente, vecinos de Poblaci\u00f3n Bernardo Cruz, luego que por medio de la junta vecinal de esa poblaci\u00f3n, ellos postularan al Fondo de&#8230;<\/p>\n","protected":false},"author":482,"featured_media":72825,"comment_status":"open","ping_status":"open","sticky":false,"template":"","format":"standard","meta":{"advanced_seo_description":"","jetpack_seo_html_title":"","jetpack_seo_noindex":false,"_jetpack_memberships_contains_paid_content":false,"footnotes":""},"categories":[1],"tags":[],"class_list":["post-72823","post","type-post","status-publish","format-standard","has-post-thumbnail","hentry","category-cronica"],"jetpack_featured_media_url":"https:\/\/i0.wp.com\/eltrabajo.cl\/portal\/wp-content\/uploads\/2016\/08\/Mural33.jpg?fit=530%2C350&ssl=1","jetpack_sharing_enabled":true,"jetpack_likes_enabled":true,"jetpack-related-posts":[],"_links":{"self":[{"href":"https:\/\/eltrabajo.cl\/portal\/wp-json\/wp\/v2\/posts\/72823","targetHints":{"allow":["GET"]}}],"collection":[{"href":"https:\/\/eltrabajo.cl\/portal\/wp-json\/wp\/v2\/posts"}],"about":[{"href":"https:\/\/eltrabajo.cl\/portal\/wp-json\/wp\/v2\/types\/post"}],"author":[{"embeddable":true,"href":"https:\/\/eltrabajo.cl\/portal\/wp-json\/wp\/v2\/users\/482"}],"replies":[{"embeddable":true,"href":"https:\/\/eltrabajo.cl\/portal\/wp-json\/wp\/v2\/comments?post=72823"}],"version-history":[{"count":0,"href":"https:\/\/eltrabajo.cl\/portal\/wp-json\/wp\/v2\/posts\/72823\/revisions"}],"wp:featuredmedia":[{"embeddable":true,"href":"https:\/\/eltrabajo.cl\/portal\/wp-json\/wp\/v2\/media\/72825"}],"wp:attachment":[{"href":"https:\/\/eltrabajo.cl\/portal\/wp-json\/wp\/v2\/media?parent=72823"}],"wp:term":[{"taxonomy":"category","embeddable":true,"href":"https:\/\/eltrabajo.cl\/portal\/wp-json\/wp\/v2\/categories?post=72823"},{"taxonomy":"post_tag","embeddable":true,"href":"https:\/\/eltrabajo.cl\/portal\/wp-json\/wp\/v2\/tags?post=72823"}],"curies":[{"name":"wp","href":"https:\/\/api.w.org\/{rel}","templated":true}]}}