{"id":72840,"date":"2016-08-12T10:29:55","date_gmt":"2016-08-12T14:29:55","guid":{"rendered":"http:\/\/www.eltrabajo.cl\/portal\/?p=72840"},"modified":"2016-08-12T10:29:55","modified_gmt":"2016-08-12T14:29:55","slug":"hoy-se-disputa-la-ii-copa-de-ajedrez-diario-el-trabajo-2016","status":"publish","type":"post","link":"https:\/\/eltrabajo.cl\/portal\/hoy-se-disputa-la-ii-copa-de-ajedrez-diario-el-trabajo-2016\/","title":{"rendered":"Hoy se disputa la II Copa de Ajedrez Diario El Trabajo 2016"},"content":{"rendered":"<p>Lo prometido es deuda. Es partiendo de esta premisa popular que hoy viernes en la Escuela Jos\u00e9 De San Mart\u00edn se desarrollar\u00e1 la II Copa de Ajedrez Diario El Trabajo, jornada deportiva en la que esta casa educativa premia al diario m\u00e1s le\u00eddo en Aconcagua, iniciativa que se gestiona gracias a la directora Ximena Baquedano y el profesor de ajedrez, Guillermo Quijanes.<br \/>\nFue en ese ambiente de excitante alegr\u00eda estudiantil, que ayer jueves fueron entregadas las poleras y chaquetas del torneo a los ni\u00f1os de esta escuela que participar\u00e1n este a\u00f1o. La entrega fue hecha por los principales gestores de esta original propuesta, la directora Ximena Baquedano y el profesor de ajedrez Guillermo Quijanes, quienes explicaron detalles del Campeonato Regional del Juego Ciencia. Los trofeos fueron donados gentilmente por el Municipio, luego que el concejal Dante Rodr\u00edguez gestionara los recursos para este prop\u00f3sito deportivo.<br \/>\n\u00abSer\u00e1 un campeonato estudiantil con el catedr\u00e1tico, soci\u00f3logo y ajedrecista, quien ser\u00e1 el, Juan Mira Z\u00fa\u00f1iga, quien certificar\u00e1 las partidas, al menos ser\u00e1n ocho escuelas de educaci\u00f3n b\u00e1sica de nuestro valle las que participar\u00e1n, esperamos por supuesto, que nos acompa\u00f1en las autoridades de educaci\u00f3n y municipales, as\u00ed como los personeros de Diario El Trabajo\u00bb, inform\u00f3 Quijanes.<br \/>\nPor su parte, la directora Ximena Baquedano, explic\u00f3 que \u00abeste ya es un evento que los ni\u00f1os de nuestra escuela esperan desde marzo, cuando regresan a clases, esta copa se disputar\u00e1 a las 14:30 horas, el alcalde Patricio Freire estar\u00e1 tambi\u00e9n al momento de la premiaci\u00f3n a quienes queden en primero, segundo y tercer lugar\u00bb, dijo Baquedano.<\/p>\n<p><strong>LA OTRA COPA<\/strong><br \/>\nEsta iniciativa es el segundo torneo en donde el nombre de Diario El Trabajo es tomado como referente deportivo, pues recordemos que este a\u00f1o tambi\u00e9n el Club Deportivo Marcela Sabaj estuvo disputando la I Copa de Karate Diario El Trabajo 2016, la se realiz\u00f3 el domingo 12 de agosto y fue organizada por don V\u00edctor Caballero Astudillo.<\/p>\n<p><strong>NUESTRA IDENTIDAD<\/strong><br \/>\nMarco Antonio Juri, director de Diario El Trabajo, agradeci\u00f3 la deferencia de la Escuela Jos\u00e9 de San Mart\u00edn de homenajear as\u00ed a nuestro medio, \u00abtambi\u00e9n es importante recordar que esa es la idea, penetrar cada vez m\u00e1s en el coraz\u00f3n de nuestra identidad sanfelipe\u00f1a a trav\u00e9s del arte, el deporte y la cultura por medio de las muchas p\u00e1ginas que dedicamos a publicar sobre el desarrollo de las actividades, que en esa direcci\u00f3n se desarrollan en Aconcagua, esperamos que esta Copa supere la de 2015, pues vemos ahora mucho m\u00e1s entusiasmo de los ni\u00f1os, quienes son los protagonistas en el torneo\u00bb, dijo Juri.<\/p>\n<p><strong>LOS PROTAGONISTAS<\/strong><br \/>\nEn total son m\u00e1s de 100 ni\u00f1os los que estar\u00e1n hoy viernes disput\u00e1ndose este torneo, \u00abest\u00e1n invitados ajedrecistas de los centros educativos Liceo de Hombres; Pascual Baburizza; Liceo Mixto; Instituto Chacabuco; Colegio Vedruna; Escuela Jos\u00e9 Manso de Velasco; Colegio Pir\u00e1mide y la misma Jos\u00e9 de San Mart\u00edn como anfitriona de la jornada\u00bb, inform\u00f3 finalmente Guillermo Quijanes, quien desde hace a\u00f1os viene dando formaci\u00f3n a estudiantes de todo el valle, son j\u00f3venes que aunque ahora est\u00e9n en otros centros educativos fuera de la Jos\u00e9 de San Mart\u00edn, seguir\u00e1n llevando consigo el sello de excelencia adquirido en esta prestigiosa casa estudiantil municipalizada.<br \/>\n<strong>Roberto Gonz\u00e1lez Short<\/strong><br \/>\n<strong>rgonzalez@eltrabajo.cl<\/strong><\/p>\n<figure id=\"attachment_72841\" aria-describedby=\"caption-attachment-72841\" style=\"width: 530px\" class=\"wp-caption alignnone\"><img data-recalc-dims=\"1\" loading=\"lazy\" decoding=\"async\" class=\"wp-image-72841 size-full\" src=\"https:\/\/i0.wp.com\/www.eltrabajo.cl\/portal\/wp-content\/uploads\/2016\/08\/Chaquetas28.jpg?resize=530%2C349\" alt=\"CHAQUETAS NUEVAS.- La coordinadora acad\u00e9mica de la Escuela Jos\u00e9 de San Mart\u00edn, Nancy Tapia, repart\u00eda ayer temprano las nuevas chaquetas que usar\u00e1n los ajedrecistas en el torneo de hoy.\" width=\"530\" height=\"349\" srcset=\"https:\/\/i0.wp.com\/eltrabajo.cl\/portal\/wp-content\/uploads\/2016\/08\/Chaquetas28.jpg?w=530&amp;ssl=1 530w, https:\/\/i0.wp.com\/eltrabajo.cl\/portal\/wp-content\/uploads\/2016\/08\/Chaquetas28.jpg?resize=200%2C132&amp;ssl=1 200w, https:\/\/i0.wp.com\/eltrabajo.cl\/portal\/wp-content\/uploads\/2016\/08\/Chaquetas28.jpg?resize=300%2C198&amp;ssl=1 300w, https:\/\/i0.wp.com\/eltrabajo.cl\/portal\/wp-content\/uploads\/2016\/08\/Chaquetas28.jpg?resize=228%2C150&amp;ssl=1 228w, https:\/\/i0.wp.com\/eltrabajo.cl\/portal\/wp-content\/uploads\/2016\/08\/Chaquetas28.jpg?resize=400%2C263&amp;ssl=1 400w\" sizes=\"auto, (max-width: 530px) 100vw, 530px\" \/><figcaption id=\"caption-attachment-72841\" class=\"wp-caption-text\">CHAQUETAS NUEVAS.- La coordinadora acad\u00e9mica de la Escuela Jos\u00e9 de San Mart\u00edn, Nancy Tapia, repart\u00eda ayer temprano las nuevas chaquetas que usar\u00e1n los ajedrecistas en el torneo de hoy.<\/figcaption><\/figure>\n<p><img data-recalc-dims=\"1\" loading=\"lazy\" decoding=\"async\" class=\"wp-image-72842 size-full\" src=\"https:\/\/i0.wp.com\/www.eltrabajo.cl\/portal\/wp-content\/uploads\/2016\/08\/Copa33.jpg?resize=530%2C350\" alt=\"TODOS QUIEREN LA COPA.- Mucho entusiasmo es el que se vive en la Escuela Jos\u00e9 de San Mart\u00edn desde hace meses, pues todos estos chicos disputar\u00e1n hoy la segunda jornada de ajedrez en honor a Diario El Trabajo.\" width=\"530\" height=\"350\" srcset=\"https:\/\/i0.wp.com\/eltrabajo.cl\/portal\/wp-content\/uploads\/2016\/08\/Copa33.jpg?w=530&amp;ssl=1 530w, https:\/\/i0.wp.com\/eltrabajo.cl\/portal\/wp-content\/uploads\/2016\/08\/Copa33.jpg?resize=200%2C132&amp;ssl=1 200w, https:\/\/i0.wp.com\/eltrabajo.cl\/portal\/wp-content\/uploads\/2016\/08\/Copa33.jpg?resize=300%2C198&amp;ssl=1 300w, https:\/\/i0.wp.com\/eltrabajo.cl\/portal\/wp-content\/uploads\/2016\/08\/Copa33.jpg?resize=227%2C150&amp;ssl=1 227w, https:\/\/i0.wp.com\/eltrabajo.cl\/portal\/wp-content\/uploads\/2016\/08\/Copa33.jpg?resize=400%2C264&amp;ssl=1 400w\" sizes=\"auto, (max-width: 530px) 100vw, 530px\" \/><\/p>\n<p>TODOS QUIEREN LA COPA.- Mucho entusiasmo es el que se vive en la Escuela Jos\u00e9 de San Mart\u00edn desde hace meses, pues todos estos chicos disputar\u00e1n hoy la segunda jornada de ajedrez en honor a Diario El Trabajo.<\/p>\n","protected":false},"excerpt":{"rendered":"<p>Lo prometido es deuda. Es partiendo de esta premisa popular que hoy viernes en la Escuela Jos\u00e9 De San Mart\u00edn se desarrollar\u00e1 la II Copa de Ajedrez Diario El Trabajo, jornada deportiva&#8230;<\/p>\n","protected":false},"author":482,"featured_media":72841,"comment_status":"open","ping_status":"open","sticky":false,"template":"","format":"standard","meta":{"advanced_seo_description":"","jetpack_seo_html_title":"","jetpack_seo_noindex":false,"_jetpack_memberships_contains_paid_content":false,"footnotes":""},"categories":[15],"tags":[],"class_list":["post-72840","post","type-post","status-publish","format-standard","has-post-thumbnail","hentry","category-comunidad"],"jetpack_featured_media_url":"https:\/\/i0.wp.com\/eltrabajo.cl\/portal\/wp-content\/uploads\/2016\/08\/Chaquetas28.jpg?fit=530%2C349&ssl=1","jetpack_sharing_enabled":true,"jetpack_likes_enabled":true,"jetpack-related-posts":[],"_links":{"self":[{"href":"https:\/\/eltrabajo.cl\/portal\/wp-json\/wp\/v2\/posts\/72840","targetHints":{"allow":["GET"]}}],"collection":[{"href":"https:\/\/eltrabajo.cl\/portal\/wp-json\/wp\/v2\/posts"}],"about":[{"href":"https:\/\/eltrabajo.cl\/portal\/wp-json\/wp\/v2\/types\/post"}],"author":[{"embeddable":true,"href":"https:\/\/eltrabajo.cl\/portal\/wp-json\/wp\/v2\/users\/482"}],"replies":[{"embeddable":true,"href":"https:\/\/eltrabajo.cl\/portal\/wp-json\/wp\/v2\/comments?post=72840"}],"version-history":[{"count":0,"href":"https:\/\/eltrabajo.cl\/portal\/wp-json\/wp\/v2\/posts\/72840\/revisions"}],"wp:featuredmedia":[{"embeddable":true,"href":"https:\/\/eltrabajo.cl\/portal\/wp-json\/wp\/v2\/media\/72841"}],"wp:attachment":[{"href":"https:\/\/eltrabajo.cl\/portal\/wp-json\/wp\/v2\/media?parent=72840"}],"wp:term":[{"taxonomy":"category","embeddable":true,"href":"https:\/\/eltrabajo.cl\/portal\/wp-json\/wp\/v2\/categories?post=72840"},{"taxonomy":"post_tag","embeddable":true,"href":"https:\/\/eltrabajo.cl\/portal\/wp-json\/wp\/v2\/tags?post=72840"}],"curies":[{"name":"wp","href":"https:\/\/api.w.org\/{rel}","templated":true}]}}