{"id":73164,"date":"2016-08-24T11:32:49","date_gmt":"2016-08-24T14:32:49","guid":{"rendered":"http:\/\/www.eltrabajo.cl\/portal\/?p=73164"},"modified":"2016-08-24T11:32:49","modified_gmt":"2016-08-24T14:32:49","slug":"proponen-declarar-feriado-comunal-para-conmemorar-bicentenario-de-liberacion-de-putaendo","status":"publish","type":"post","link":"https:\/\/eltrabajo.cl\/portal\/proponen-declarar-feriado-comunal-para-conmemorar-bicentenario-de-liberacion-de-putaendo\/","title":{"rendered":"Proponen declarar \u2018feriado comunal\u2019 para conmemorar Bicentenario de liberaci\u00f3n de Putaendo"},"content":{"rendered":"<ul>\n<li><strong>Propuesta legal se suma a otras tres\u00a0presentadas previamente por el senador Francisco Chahu\u00e1n para rescatar memoria hist\u00f3rica de esa localidad.<\/strong><\/li>\n<\/ul>\n<p>El senador Francisco Chahu\u00e1n anunci\u00f3 la presentaci\u00f3n de un proyecto de ley para declarar feriado comunal en Putaendo el pr\u00f3ximo 7 de febrero de 2017 por conmemorarse los 200 a\u00f1os de la llegada del Ej\u00e9rcito Liberador a esa localidad, convirti\u00e9ndose en la primera ciudad libre del dominio espa\u00f1ol.<br \/>\nEl parlamentario explic\u00f3 que la iniciativa surgi\u00f3 de una inquietud ciudadana encabezada por el candidato a alcalde por Putaendo, Roberto Mart\u00ednez y el acad\u00e9mico de la Universidad Adolfo Ib\u00e1\u00f1ez, Jorge Gonz\u00e1lez, y se suma a otros proyectos que buscan rescatar la memoria hist\u00f3rica local.<br \/>\nChahu\u00e1n precis\u00f3 que el planteamiento apunta a declarar feriado s\u00f3lo el pr\u00f3ximo 7 de febrero, en el marco del bicentenario de los hechos.\u00a0 La propuesta legal se suma a otras tres \u00a0presentadas previamente, una para declarar monumento hist\u00f3rico el inmueble donde viviera Jos\u00e9 Antonio Salinas, quien lider\u00f3 la liberaci\u00f3n de la ciudad; y otros dos que proponen erigir monumentos al propio Salinas y a Justo Estay, ambos hombres fundamentales para liberar a Putaendo\u00a0del dominio realista.<\/p>\n<figure id=\"attachment_73165\" aria-describedby=\"caption-attachment-73165\" style=\"width: 530px\" class=\"wp-caption alignnone\"><img data-recalc-dims=\"1\" loading=\"lazy\" decoding=\"async\" class=\"wp-image-73165 size-full\" src=\"https:\/\/i0.wp.com\/www.eltrabajo.cl\/portal\/wp-content\/uploads\/2016\/08\/combate-de-las-coimas.jpg?resize=530%2C348\" alt=\"Monumento del Combate de las Coimas, evidencia la batalla ocurrida en este lugar y que signific\u00f3 que la comuna de Putaendo se convirtiera en el primer pueblo libre de Chile.\" width=\"530\" height=\"348\" srcset=\"https:\/\/i0.wp.com\/eltrabajo.cl\/portal\/wp-content\/uploads\/2016\/08\/combate-de-las-coimas.jpg?w=530&amp;ssl=1 530w, https:\/\/i0.wp.com\/eltrabajo.cl\/portal\/wp-content\/uploads\/2016\/08\/combate-de-las-coimas.jpg?resize=200%2C131&amp;ssl=1 200w, https:\/\/i0.wp.com\/eltrabajo.cl\/portal\/wp-content\/uploads\/2016\/08\/combate-de-las-coimas.jpg?resize=300%2C197&amp;ssl=1 300w, https:\/\/i0.wp.com\/eltrabajo.cl\/portal\/wp-content\/uploads\/2016\/08\/combate-de-las-coimas.jpg?resize=228%2C150&amp;ssl=1 228w, https:\/\/i0.wp.com\/eltrabajo.cl\/portal\/wp-content\/uploads\/2016\/08\/combate-de-las-coimas.jpg?resize=400%2C263&amp;ssl=1 400w\" sizes=\"auto, (max-width: 530px) 100vw, 530px\" \/><figcaption id=\"caption-attachment-73165\" class=\"wp-caption-text\">Monumento del Combate de las Coimas, evidencia la batalla ocurrida en este lugar y que signific\u00f3 que la comuna de Putaendo se convirtiera en el primer pueblo libre de Chile.<\/figcaption><\/figure>\n","protected":false},"excerpt":{"rendered":"<p>Propuesta legal se suma a otras tres\u00a0presentadas previamente por el senador Francisco Chahu\u00e1n para rescatar memoria hist\u00f3rica de esa localidad. El senador Francisco Chahu\u00e1n anunci\u00f3 la presentaci\u00f3n de un proyecto de ley&#8230;<\/p>\n","protected":false},"author":482,"featured_media":73165,"comment_status":"open","ping_status":"open","sticky":false,"template":"","format":"standard","meta":{"advanced_seo_description":"","jetpack_seo_html_title":"","jetpack_seo_noindex":false,"_jetpack_memberships_contains_paid_content":false,"footnotes":""},"categories":[15],"tags":[],"class_list":["post-73164","post","type-post","status-publish","format-standard","has-post-thumbnail","hentry","category-comunidad"],"jetpack_featured_media_url":"https:\/\/i0.wp.com\/eltrabajo.cl\/portal\/wp-content\/uploads\/2016\/08\/combate-de-las-coimas.jpg?fit=530%2C348&ssl=1","jetpack_sharing_enabled":true,"jetpack_likes_enabled":true,"jetpack-related-posts":[],"_links":{"self":[{"href":"https:\/\/eltrabajo.cl\/portal\/wp-json\/wp\/v2\/posts\/73164","targetHints":{"allow":["GET"]}}],"collection":[{"href":"https:\/\/eltrabajo.cl\/portal\/wp-json\/wp\/v2\/posts"}],"about":[{"href":"https:\/\/eltrabajo.cl\/portal\/wp-json\/wp\/v2\/types\/post"}],"author":[{"embeddable":true,"href":"https:\/\/eltrabajo.cl\/portal\/wp-json\/wp\/v2\/users\/482"}],"replies":[{"embeddable":true,"href":"https:\/\/eltrabajo.cl\/portal\/wp-json\/wp\/v2\/comments?post=73164"}],"version-history":[{"count":0,"href":"https:\/\/eltrabajo.cl\/portal\/wp-json\/wp\/v2\/posts\/73164\/revisions"}],"wp:featuredmedia":[{"embeddable":true,"href":"https:\/\/eltrabajo.cl\/portal\/wp-json\/wp\/v2\/media\/73165"}],"wp:attachment":[{"href":"https:\/\/eltrabajo.cl\/portal\/wp-json\/wp\/v2\/media?parent=73164"}],"wp:term":[{"taxonomy":"category","embeddable":true,"href":"https:\/\/eltrabajo.cl\/portal\/wp-json\/wp\/v2\/categories?post=73164"},{"taxonomy":"post_tag","embeddable":true,"href":"https:\/\/eltrabajo.cl\/portal\/wp-json\/wp\/v2\/tags?post=73164"}],"curies":[{"name":"wp","href":"https:\/\/api.w.org\/{rel}","templated":true}]}}