{"id":73167,"date":"2016-08-24T11:42:07","date_gmt":"2016-08-24T14:42:07","guid":{"rendered":"http:\/\/www.eltrabajo.cl\/portal\/?p=73167"},"modified":"2016-08-24T11:42:07","modified_gmt":"2016-08-24T14:42:07","slug":"jardin-infantil-rincon-de-los-angelitos-abrira-20-cupos-para-su-proyecto-educativo","status":"publish","type":"post","link":"https:\/\/eltrabajo.cl\/portal\/jardin-infantil-rincon-de-los-angelitos-abrira-20-cupos-para-su-proyecto-educativo\/","title":{"rendered":"Jard\u00edn infantil \u2018Rinc\u00f3n de Los Angelitos\u2019 abrir\u00e1 20 cupos para su proyecto educativo"},"content":{"rendered":"<p>Veinte cupos para la atenci\u00f3n de ni\u00f1os, cuyas edades fluct\u00faen entre los tres meses a los tres a\u00f1os once meses, dispuso recientemente el jard\u00edn infantil \u2018Rinc\u00f3n de los Angelitos\u2019.<br \/>\nEl establecimiento, ubicado en Calle Pedro de Valdivia 120, en la Poblaci\u00f3n Juan Pablo II, atiende las necesidades educativas de ni\u00f1os en los niveles sala cuna menor hasta el nivel transici\u00f3n (prek\u00ednder) desde los tres meses a los cuatro a\u00f1os once meses y busca, como uno de sus objetivos primordiales, que la familia sea parte integral de su proyecto educativo.<br \/>\nPamela Madariaga Castillo, directora del jard\u00edn infantil, se refiri\u00f3 a las posibilidades que entrega su establecimiento, para el desarrollo educacional de ni\u00f1os de nuestra comuna.<br \/>\n\u201cCada nivel est\u00e1 compuesto por una educadora m\u00e1s un t\u00e9cnico en educaci\u00f3n parvularia y cada una de ellas le da un \u00e9nfasis al protagonismo del ni\u00f1o o ni\u00f1a hacia la experiencia educativa, donde el adulto cumple un rol de mediador, de acuerdo a las bases curriculares, enfocado al cuidado, la protecci\u00f3n y el buen trato de nuestros ni\u00f1os y ni\u00f1as\u201d.<br \/>\nEl horario de atenci\u00f3n del establecimiento es desde las 8 de la ma\u00f1ana hasta las 18:45 horas, periodo en el que reciben las cuatro alimentaciones a cargo de una nutricionista de la Junji. El requisito para postular es presentar los certificados de nacimiento y de vacuna y para las madres que trabajan deben presentar el contrato de trabajo y aquellas que estudian, deben entregar el certificado de alumno regular.<\/p>\n<figure id=\"attachment_73168\" aria-describedby=\"caption-attachment-73168\" style=\"width: 530px\" class=\"wp-caption alignnone\"><img data-recalc-dims=\"1\" loading=\"lazy\" decoding=\"async\" class=\"wp-image-73168 size-full\" src=\"https:\/\/i0.wp.com\/www.eltrabajo.cl\/portal\/wp-content\/uploads\/2016\/08\/jardin-infantil-rincon-de-los-angelitos.jpg?resize=530%2C349\" alt=\"Veinte cupos para la atenci\u00f3n de ni\u00f1os, cuyas edades fluct\u00faen entre los tres meses a los tres a\u00f1os once meses, dispuso recientemente el jard\u00edn infantil \u2018Rinc\u00f3n de los Angelitos\u2019.\" width=\"530\" height=\"349\" srcset=\"https:\/\/i0.wp.com\/eltrabajo.cl\/portal\/wp-content\/uploads\/2016\/08\/jardin-infantil-rincon-de-los-angelitos.jpg?w=530&amp;ssl=1 530w, https:\/\/i0.wp.com\/eltrabajo.cl\/portal\/wp-content\/uploads\/2016\/08\/jardin-infantil-rincon-de-los-angelitos.jpg?resize=200%2C132&amp;ssl=1 200w, https:\/\/i0.wp.com\/eltrabajo.cl\/portal\/wp-content\/uploads\/2016\/08\/jardin-infantil-rincon-de-los-angelitos.jpg?resize=300%2C198&amp;ssl=1 300w, https:\/\/i0.wp.com\/eltrabajo.cl\/portal\/wp-content\/uploads\/2016\/08\/jardin-infantil-rincon-de-los-angelitos.jpg?resize=228%2C150&amp;ssl=1 228w, https:\/\/i0.wp.com\/eltrabajo.cl\/portal\/wp-content\/uploads\/2016\/08\/jardin-infantil-rincon-de-los-angelitos.jpg?resize=400%2C263&amp;ssl=1 400w\" sizes=\"auto, (max-width: 530px) 100vw, 530px\" \/><figcaption id=\"caption-attachment-73168\" class=\"wp-caption-text\">Veinte cupos para la atenci\u00f3n de ni\u00f1os, cuyas edades fluct\u00faen entre los tres meses a los tres a\u00f1os once meses, dispuso recientemente el jard\u00edn infantil \u2018Rinc\u00f3n de los Angelitos\u2019.<\/figcaption><\/figure>\n","protected":false},"excerpt":{"rendered":"<p>Veinte cupos para la atenci\u00f3n de ni\u00f1os, cuyas edades fluct\u00faen entre los tres meses a los tres a\u00f1os once meses, dispuso recientemente el jard\u00edn infantil \u2018Rinc\u00f3n de los Angelitos\u2019. El establecimiento, ubicado&#8230;<\/p>\n","protected":false},"author":482,"featured_media":73168,"comment_status":"open","ping_status":"open","sticky":false,"template":"","format":"standard","meta":{"advanced_seo_description":"","jetpack_seo_html_title":"","jetpack_seo_noindex":false,"_jetpack_memberships_contains_paid_content":false,"footnotes":""},"categories":[1],"tags":[],"class_list":["post-73167","post","type-post","status-publish","format-standard","has-post-thumbnail","hentry","category-cronica"],"jetpack_featured_media_url":"https:\/\/i0.wp.com\/eltrabajo.cl\/portal\/wp-content\/uploads\/2016\/08\/jardin-infantil-rincon-de-los-angelitos.jpg?fit=530%2C349&ssl=1","jetpack_sharing_enabled":true,"jetpack_likes_enabled":true,"jetpack-related-posts":[],"_links":{"self":[{"href":"https:\/\/eltrabajo.cl\/portal\/wp-json\/wp\/v2\/posts\/73167","targetHints":{"allow":["GET"]}}],"collection":[{"href":"https:\/\/eltrabajo.cl\/portal\/wp-json\/wp\/v2\/posts"}],"about":[{"href":"https:\/\/eltrabajo.cl\/portal\/wp-json\/wp\/v2\/types\/post"}],"author":[{"embeddable":true,"href":"https:\/\/eltrabajo.cl\/portal\/wp-json\/wp\/v2\/users\/482"}],"replies":[{"embeddable":true,"href":"https:\/\/eltrabajo.cl\/portal\/wp-json\/wp\/v2\/comments?post=73167"}],"version-history":[{"count":0,"href":"https:\/\/eltrabajo.cl\/portal\/wp-json\/wp\/v2\/posts\/73167\/revisions"}],"wp:featuredmedia":[{"embeddable":true,"href":"https:\/\/eltrabajo.cl\/portal\/wp-json\/wp\/v2\/media\/73168"}],"wp:attachment":[{"href":"https:\/\/eltrabajo.cl\/portal\/wp-json\/wp\/v2\/media?parent=73167"}],"wp:term":[{"taxonomy":"category","embeddable":true,"href":"https:\/\/eltrabajo.cl\/portal\/wp-json\/wp\/v2\/categories?post=73167"},{"taxonomy":"post_tag","embeddable":true,"href":"https:\/\/eltrabajo.cl\/portal\/wp-json\/wp\/v2\/tags?post=73167"}],"curies":[{"name":"wp","href":"https:\/\/api.w.org\/{rel}","templated":true}]}}