{"id":73170,"date":"2016-08-24T11:58:59","date_gmt":"2016-08-24T14:58:59","guid":{"rendered":"http:\/\/www.eltrabajo.cl\/portal\/?p=73170"},"modified":"2016-08-24T11:58:59","modified_gmt":"2016-08-24T14:58:59","slug":"avanzan-en-temas-tecnicos-del-estadio-para-san-felipe","status":"publish","type":"post","link":"https:\/\/eltrabajo.cl\/portal\/avanzan-en-temas-tecnicos-del-estadio-para-san-felipe\/","title":{"rendered":"Avanzan en temas t\u00e9cnicos del Estadio para San Felipe"},"content":{"rendered":"<p>Una reuni\u00f3n que ten\u00eda como objetivo seguir trabajando en los aspectos t\u00e9cnicos del proyecto de estadio para la comuna de San Felipe, sostuvo este lunes el alcalde Patricio Freire, junto al diputado Marco Antonio N\u00fa\u00f1ez, el gobernador Eduardo Le\u00f3n y el secpla Claudio Paredes con la ministra del Deporte, Natalia Riffo.<br \/>\nActualmente el proyecto se encuentra en la etapa de dise\u00f1o, definiendo por tanto algunos aspectos t\u00e9cnicos, entre los que contempla el aforo del recinto deportivo, el que se est\u00e1 trabajando de acuerdo a los requerimientos realizados por el alcalde Patricio Freire.<br \/>\n\u201cEstamos cubriendo etapas de orden t\u00e9cnico, como el tema del aforo. Se entienden muy bien los requerimientos del alcalde, del diputado, nosotros tenemos que someter adem\u00e1s a otros procesos de orden t\u00e9cnico como medioambiente, etc, por lo tanto probablemente como proyecto tengamos el dise\u00f1o y las condiciones con RS en unos seis meses u ocho meses m\u00e1s\u201d, se\u00f1al\u00f3 el director nacional del IND, Juan Carlos Cabezas.<br \/>\nSeg\u00fan explic\u00f3 Cabezas adem\u00e1s, de acuerdo al avance del proyecto, se estima que la construcci\u00f3n del estadio demore un a\u00f1o y medio o dos a\u00f1os, por lo que se podr\u00eda contar con el recinto deportivo a fines del a\u00f1o 2018.<br \/>\nEl alcalde Patricio Freire valor\u00f3 el avance del proyecto, que se ha desarrollado de acuerdo a lo que establec\u00eda la carta Gantt.<br \/>\n\u201cSe hab\u00eda se\u00f1alado como t\u00e9rmino del dise\u00f1o los meses de julio y agosto, y eso ya se est\u00e1 viendo, ya contamos con una maqueta de lo que significa el nuevo estadio para la ciudad de San Felipe. Estamos contentos de lo que hemos logrado en el gobierno de la presidenta Bachelet, como es este gran proyecto tan esperado por los vecinos de la comuna y que significar\u00e1 un gran estadio para San Felipe\u201d.<br \/>\nEl diputado N\u00fa\u00f1ez tambi\u00e9n manifest\u00f3 su alegr\u00eda al poder contar con un estadio de alto est\u00e1ndar para San Felipe. \u201cEstamos en una fase de dise\u00f1o y posteriormente comenzaremos con construcci\u00f3n del estadio, esperamos el 2017. Ya los detalles se est\u00e1n definiendo, y quiero agradecer el esfuerzo del IND, del Ministerio del Deporte, de la Municipalidad y la Gobernaci\u00f3n de San Felipe y en los pr\u00f3ximos d\u00edas habr\u00e1 una gran sorpresa en la ciudad, vamos a conocer detalles y vamos a poder ver el estadio de San Felipe y por eso la emoci\u00f3n y la alegr\u00eda de una lucha de casi 10 a\u00f1os para instalar un centro deportivo, cultural y recreativo que va a ver la luz muy pronto\u201d.<\/p>\n<figure id=\"attachment_73171\" aria-describedby=\"caption-attachment-73171\" style=\"width: 530px\" class=\"wp-caption alignnone\"><img data-recalc-dims=\"1\" loading=\"lazy\" decoding=\"async\" class=\"wp-image-73171 size-full\" src=\"https:\/\/i0.wp.com\/www.eltrabajo.cl\/portal\/wp-content\/uploads\/2016\/08\/maqueta.jpg?resize=530%2C349\" alt=\"Actualmente el proyecto estadio para San Felipe, se encuentra en la etapa de dise\u00f1o, definiendo por tanto algunos aspectos t\u00e9cnicos. Los avances se est\u00e1n viendo, ya se cuenta con una maqueta que permite generar los primeros trazos de la gran obra.\" width=\"530\" height=\"349\" srcset=\"https:\/\/i0.wp.com\/eltrabajo.cl\/portal\/wp-content\/uploads\/2016\/08\/maqueta.jpg?w=530&amp;ssl=1 530w, https:\/\/i0.wp.com\/eltrabajo.cl\/portal\/wp-content\/uploads\/2016\/08\/maqueta.jpg?resize=200%2C132&amp;ssl=1 200w, https:\/\/i0.wp.com\/eltrabajo.cl\/portal\/wp-content\/uploads\/2016\/08\/maqueta.jpg?resize=300%2C198&amp;ssl=1 300w, https:\/\/i0.wp.com\/eltrabajo.cl\/portal\/wp-content\/uploads\/2016\/08\/maqueta.jpg?resize=228%2C150&amp;ssl=1 228w, https:\/\/i0.wp.com\/eltrabajo.cl\/portal\/wp-content\/uploads\/2016\/08\/maqueta.jpg?resize=400%2C263&amp;ssl=1 400w\" sizes=\"auto, (max-width: 530px) 100vw, 530px\" \/><figcaption id=\"caption-attachment-73171\" class=\"wp-caption-text\">Actualmente el proyecto estadio para San Felipe, se encuentra en la etapa de dise\u00f1o, definiendo por tanto algunos aspectos t\u00e9cnicos. Los avances se est\u00e1n viendo, ya se cuenta con una maqueta que permite generar los primeros trazos de la gran obra.<\/figcaption><\/figure>\n<p>&nbsp;<\/p>\n","protected":false},"excerpt":{"rendered":"<p>Una reuni\u00f3n que ten\u00eda como objetivo seguir trabajando en los aspectos t\u00e9cnicos del proyecto de estadio para la comuna de San Felipe, sostuvo este lunes el alcalde Patricio Freire, junto al diputado&#8230;<\/p>\n","protected":false},"author":482,"featured_media":73171,"comment_status":"open","ping_status":"open","sticky":false,"template":"","format":"standard","meta":{"advanced_seo_description":"","jetpack_seo_html_title":"","jetpack_seo_noindex":false,"_jetpack_memberships_contains_paid_content":false,"footnotes":""},"categories":[1],"tags":[],"class_list":["post-73170","post","type-post","status-publish","format-standard","has-post-thumbnail","hentry","category-cronica"],"jetpack_featured_media_url":"https:\/\/i0.wp.com\/eltrabajo.cl\/portal\/wp-content\/uploads\/2016\/08\/maqueta.jpg?fit=530%2C349&ssl=1","jetpack_sharing_enabled":true,"jetpack_likes_enabled":true,"jetpack-related-posts":[],"_links":{"self":[{"href":"https:\/\/eltrabajo.cl\/portal\/wp-json\/wp\/v2\/posts\/73170","targetHints":{"allow":["GET"]}}],"collection":[{"href":"https:\/\/eltrabajo.cl\/portal\/wp-json\/wp\/v2\/posts"}],"about":[{"href":"https:\/\/eltrabajo.cl\/portal\/wp-json\/wp\/v2\/types\/post"}],"author":[{"embeddable":true,"href":"https:\/\/eltrabajo.cl\/portal\/wp-json\/wp\/v2\/users\/482"}],"replies":[{"embeddable":true,"href":"https:\/\/eltrabajo.cl\/portal\/wp-json\/wp\/v2\/comments?post=73170"}],"version-history":[{"count":0,"href":"https:\/\/eltrabajo.cl\/portal\/wp-json\/wp\/v2\/posts\/73170\/revisions"}],"wp:featuredmedia":[{"embeddable":true,"href":"https:\/\/eltrabajo.cl\/portal\/wp-json\/wp\/v2\/media\/73171"}],"wp:attachment":[{"href":"https:\/\/eltrabajo.cl\/portal\/wp-json\/wp\/v2\/media?parent=73170"}],"wp:term":[{"taxonomy":"category","embeddable":true,"href":"https:\/\/eltrabajo.cl\/portal\/wp-json\/wp\/v2\/categories?post=73170"},{"taxonomy":"post_tag","embeddable":true,"href":"https:\/\/eltrabajo.cl\/portal\/wp-json\/wp\/v2\/tags?post=73170"}],"curies":[{"name":"wp","href":"https:\/\/api.w.org\/{rel}","templated":true}]}}