{"id":73173,"date":"2016-08-24T12:04:16","date_gmt":"2016-08-24T15:04:16","guid":{"rendered":"http:\/\/www.eltrabajo.cl\/portal\/?p=73173"},"modified":"2016-08-24T12:04:16","modified_gmt":"2016-08-24T15:04:16","slug":"mujeres-sanfelipenas-continuan-empoderandose-como-lideres-sociales","status":"publish","type":"post","link":"https:\/\/eltrabajo.cl\/portal\/mujeres-sanfelipenas-continuan-empoderandose-como-lideres-sociales\/","title":{"rendered":"Mujeres sanfelipe\u00f1as contin\u00faan empoder\u00e1ndose como l\u00edderes sociales"},"content":{"rendered":"<p>Unas 60 f\u00e9minas sanfelipe\u00f1as participaron en la jornada de ayer de una capacitaci\u00f3n denominada \u2018Un camino hacia la Autonom\u00eda de las Mujeres\u2019, organizada por la Oficina Municipal de la Mujer de San Felipe en coordinaci\u00f3n con la Fundaci\u00f3n Prodemu.<br \/>\nEn la oportunidad, dirigentes vecinales y l\u00edderes sociales de la comuna recibieron diversos contenidos de c\u00f3mo empoderarse respecto de la satisfacci\u00f3n de sus necesidades y requerimientos, as\u00ed como tambi\u00e9n, la f\u00f3rmula para transformarse en un aporte en liderazgo social.<\/p>\n<figure id=\"attachment_73175\" aria-describedby=\"caption-attachment-73175\" style=\"width: 200px\" class=\"wp-caption alignleft\"><img data-recalc-dims=\"1\" loading=\"lazy\" decoding=\"async\" class=\"wp-image-73175 size-thumbnail\" src=\"https:\/\/i0.wp.com\/www.eltrabajo.cl\/portal\/wp-content\/uploads\/2016\/08\/Valeria-Iturrieta-Trabajadora-Social-200x132.jpg?resize=200%2C132\" alt=\"Valeria Iturrieta, Trabajadora Social y Coordinadora Centro de la mujer de San Felipe.\" width=\"200\" height=\"132\" srcset=\"https:\/\/i0.wp.com\/eltrabajo.cl\/portal\/wp-content\/uploads\/2016\/08\/Valeria-Iturrieta-Trabajadora-Social.jpg?resize=200%2C132&amp;ssl=1 200w, https:\/\/i0.wp.com\/eltrabajo.cl\/portal\/wp-content\/uploads\/2016\/08\/Valeria-Iturrieta-Trabajadora-Social.jpg?resize=300%2C198&amp;ssl=1 300w, https:\/\/i0.wp.com\/eltrabajo.cl\/portal\/wp-content\/uploads\/2016\/08\/Valeria-Iturrieta-Trabajadora-Social.jpg?resize=228%2C150&amp;ssl=1 228w, https:\/\/i0.wp.com\/eltrabajo.cl\/portal\/wp-content\/uploads\/2016\/08\/Valeria-Iturrieta-Trabajadora-Social.jpg?resize=400%2C263&amp;ssl=1 400w, https:\/\/i0.wp.com\/eltrabajo.cl\/portal\/wp-content\/uploads\/2016\/08\/Valeria-Iturrieta-Trabajadora-Social.jpg?w=530&amp;ssl=1 530w\" sizes=\"auto, (max-width: 200px) 100vw, 200px\" \/><figcaption id=\"caption-attachment-73175\" class=\"wp-caption-text\">Valeria Iturrieta, Trabajadora Social y Coordinadora Centro de la mujer de San Felipe.<\/figcaption><\/figure>\n<p>As\u00ed lo coment\u00f3 Silvana Vera, Asistente Social, encargada de la Oficina Municipal de la Mujer San Felipe, quien argument\u00f3: \u00abLa idea de esta actividad es que las mujeres tengan herramientas reales para dirigir de mejor forma sus comunidades y al mismo tiempo que puedan entender el real aporte que ellas hacen en sus comunas, barrios y sectores\u00bb, expres\u00f3 Vera.<br \/>\n\u00abEs una jornada bastante intensa, en donde esperamos que las mujeres se vayan empoderadas de sus necesidades, requerimientos y tambi\u00e9n, por qu\u00e9 no decirlo, de sus formas de ver y dirigir sus vidas\u00bb, agreg\u00f3 la profesional.<br \/>\nA su vez, en el Sal\u00f3n de Honor de la Municipalidad de San Felipe, un grupo de 14 mujeres y un var\u00f3n, se certificaron en un curso de formaci\u00f3n impartido por el Centro de la Mujer de San Felipe, en torno a c\u00f3mo deben actuar los l\u00edderes vecinales ante hechos de violencia intrafamiliar.<br \/>\nValeria Iturrieta Henr\u00edquez, Trabajadora Social y Coordinadora del Centro de la Mujer de San Felipe, explic\u00f3 que \u00ablos dirigentes participaron activamente en sesiones tem\u00e1ticas, abordando diferentes aspectos de este fen\u00f3meno de violencia contra las mujeres, adquiriendo algunas herramientas para la primera acogida y para comprender los aspectos legales de la denuncia respecto de casos de violencia intrafamiliar\u00bb, detall\u00f3.<\/p>\n<figure id=\"attachment_73176\" aria-describedby=\"caption-attachment-73176\" style=\"width: 200px\" class=\"wp-caption alignright\"><img data-recalc-dims=\"1\" loading=\"lazy\" decoding=\"async\" class=\"wp-image-73176 size-thumbnail\" src=\"https:\/\/i0.wp.com\/www.eltrabajo.cl\/portal\/wp-content\/uploads\/2016\/08\/eliana-maldonado-200x132.jpg?resize=200%2C132\" alt=\"Eliana Maldonado, vecina de las Cuatro Villas, certificada en el curso de formaci\u00f3n.\" width=\"200\" height=\"132\" srcset=\"https:\/\/i0.wp.com\/eltrabajo.cl\/portal\/wp-content\/uploads\/2016\/08\/eliana-maldonado.jpg?resize=200%2C132&amp;ssl=1 200w, https:\/\/i0.wp.com\/eltrabajo.cl\/portal\/wp-content\/uploads\/2016\/08\/eliana-maldonado.jpg?resize=300%2C198&amp;ssl=1 300w, https:\/\/i0.wp.com\/eltrabajo.cl\/portal\/wp-content\/uploads\/2016\/08\/eliana-maldonado.jpg?resize=228%2C150&amp;ssl=1 228w, https:\/\/i0.wp.com\/eltrabajo.cl\/portal\/wp-content\/uploads\/2016\/08\/eliana-maldonado.jpg?resize=400%2C263&amp;ssl=1 400w, https:\/\/i0.wp.com\/eltrabajo.cl\/portal\/wp-content\/uploads\/2016\/08\/eliana-maldonado.jpg?w=530&amp;ssl=1 530w\" sizes=\"auto, (max-width: 200px) 100vw, 200px\" \/><figcaption id=\"caption-attachment-73176\" class=\"wp-caption-text\">Eliana Maldonado, vecina de las Cuatro Villas, certificada en el curso de formaci\u00f3n.<\/figcaption><\/figure>\n<p>Eliana Maldonado, vecina de las Cuatro Villas de San Felipe, particip\u00f3 de las cinco semanas durante las que se extendi\u00f3 esta capacitaci\u00f3n, y se mostr\u00f3 feliz de haber crecido y evolucionado en la problem\u00e1tica, manifestando que \u00abha sido un gran aporte, una experiencia s\u00faper linda y estamos s\u00faper contentas porque era algo que nos faltaba. El tema de violencia es una realidad que se vive en todos lados, ahora tenemos herramientas para saber c\u00f3mo acercarnos a la gente, estamos preparadas y motivadas\u00bb, expuso.<br \/>\nSeg\u00fan lo manifestado por Iturrieta, esta instancia se genera a partir del Centro de la Mujer, que es un programa del Servicio Nacional de la Mujer (Sernam) y equidad de g\u00e9nero, que aborda la problem\u00e1tica de violencia contra las mujeres: \u00abEn esta l\u00ednea lo fundamental es ir comprometiendo los esfuerzos, tanto institucionales como de la sociedad civil y las organizaciones para poder erradicar la violencia, bajo esa l\u00ednea, resulta esencial capacitar a dirigentes para que ellos puedan ser agentes multiplicadores de estos contenidos y puedan traspasarlo a sus comunidades\u00bb, concluy\u00f3.<\/p>\n<figure id=\"attachment_73174\" aria-describedby=\"caption-attachment-73174\" style=\"width: 530px\" class=\"wp-caption alignnone\"><img data-recalc-dims=\"1\" loading=\"lazy\" decoding=\"async\" class=\"wp-image-73174 size-full\" src=\"https:\/\/i0.wp.com\/www.eltrabajo.cl\/portal\/wp-content\/uploads\/2016\/08\/Sesenta-mujeres.jpg?resize=530%2C349\" alt=\"Sesenta mujeres sanfelipe\u00f1as participaron de jornada de capacitaci\u00f3n  \u2018Un camino hacia la Autonom\u00eda de las Mujeres\u2019, organizada por la Oficina Municipal de la Mujer junto a Prodemu.\" width=\"530\" height=\"349\" srcset=\"https:\/\/i0.wp.com\/eltrabajo.cl\/portal\/wp-content\/uploads\/2016\/08\/Sesenta-mujeres.jpg?w=530&amp;ssl=1 530w, https:\/\/i0.wp.com\/eltrabajo.cl\/portal\/wp-content\/uploads\/2016\/08\/Sesenta-mujeres.jpg?resize=200%2C132&amp;ssl=1 200w, https:\/\/i0.wp.com\/eltrabajo.cl\/portal\/wp-content\/uploads\/2016\/08\/Sesenta-mujeres.jpg?resize=300%2C198&amp;ssl=1 300w, https:\/\/i0.wp.com\/eltrabajo.cl\/portal\/wp-content\/uploads\/2016\/08\/Sesenta-mujeres.jpg?resize=228%2C150&amp;ssl=1 228w, https:\/\/i0.wp.com\/eltrabajo.cl\/portal\/wp-content\/uploads\/2016\/08\/Sesenta-mujeres.jpg?resize=400%2C263&amp;ssl=1 400w\" sizes=\"auto, (max-width: 530px) 100vw, 530px\" \/><figcaption id=\"caption-attachment-73174\" class=\"wp-caption-text\">Sesenta mujeres sanfelipe\u00f1as participaron de jornada de capacitaci\u00f3n \u2018Un camino hacia la Autonom\u00eda de las Mujeres\u2019, organizada por la Oficina Municipal de la Mujer junto a Prodemu.<\/figcaption><\/figure>\n","protected":false},"excerpt":{"rendered":"<p>Unas 60 f\u00e9minas sanfelipe\u00f1as participaron en la jornada de ayer de una capacitaci\u00f3n denominada \u2018Un camino hacia la Autonom\u00eda de las Mujeres\u2019, organizada por la Oficina Municipal de la Mujer de San&#8230;<\/p>\n","protected":false},"author":482,"featured_media":73174,"comment_status":"open","ping_status":"open","sticky":false,"template":"","format":"standard","meta":{"advanced_seo_description":"","jetpack_seo_html_title":"","jetpack_seo_noindex":false,"_jetpack_memberships_contains_paid_content":false,"footnotes":""},"categories":[1],"tags":[],"class_list":["post-73173","post","type-post","status-publish","format-standard","has-post-thumbnail","hentry","category-cronica"],"jetpack_featured_media_url":"https:\/\/i0.wp.com\/eltrabajo.cl\/portal\/wp-content\/uploads\/2016\/08\/Sesenta-mujeres.jpg?fit=530%2C349&ssl=1","jetpack_sharing_enabled":true,"jetpack_likes_enabled":true,"jetpack-related-posts":[],"_links":{"self":[{"href":"https:\/\/eltrabajo.cl\/portal\/wp-json\/wp\/v2\/posts\/73173","targetHints":{"allow":["GET"]}}],"collection":[{"href":"https:\/\/eltrabajo.cl\/portal\/wp-json\/wp\/v2\/posts"}],"about":[{"href":"https:\/\/eltrabajo.cl\/portal\/wp-json\/wp\/v2\/types\/post"}],"author":[{"embeddable":true,"href":"https:\/\/eltrabajo.cl\/portal\/wp-json\/wp\/v2\/users\/482"}],"replies":[{"embeddable":true,"href":"https:\/\/eltrabajo.cl\/portal\/wp-json\/wp\/v2\/comments?post=73173"}],"version-history":[{"count":0,"href":"https:\/\/eltrabajo.cl\/portal\/wp-json\/wp\/v2\/posts\/73173\/revisions"}],"wp:featuredmedia":[{"embeddable":true,"href":"https:\/\/eltrabajo.cl\/portal\/wp-json\/wp\/v2\/media\/73174"}],"wp:attachment":[{"href":"https:\/\/eltrabajo.cl\/portal\/wp-json\/wp\/v2\/media?parent=73173"}],"wp:term":[{"taxonomy":"category","embeddable":true,"href":"https:\/\/eltrabajo.cl\/portal\/wp-json\/wp\/v2\/categories?post=73173"},{"taxonomy":"post_tag","embeddable":true,"href":"https:\/\/eltrabajo.cl\/portal\/wp-json\/wp\/v2\/tags?post=73173"}],"curies":[{"name":"wp","href":"https:\/\/api.w.org\/{rel}","templated":true}]}}