{"id":73180,"date":"2016-08-24T12:05:30","date_gmt":"2016-08-24T15:05:30","guid":{"rendered":"http:\/\/www.eltrabajo.cl\/portal\/?p=73180"},"modified":"2016-08-24T12:06:26","modified_gmt":"2016-08-24T15:06:26","slug":"juntas-de-vecinos-sanfelipenas-coordinan-con-carabineros-nuevos-metodos-para-frenar-la-delincuencia","status":"publish","type":"post","link":"https:\/\/eltrabajo.cl\/portal\/juntas-de-vecinos-sanfelipenas-coordinan-con-carabineros-nuevos-metodos-para-frenar-la-delincuencia\/","title":{"rendered":"Juntas de Vecinos sanfelipe\u00f1as coordinan con Carabineros nuevos m\u00e9todos para frenar la delincuencia"},"content":{"rendered":"<figure id=\"attachment_73181\" aria-describedby=\"caption-attachment-73181\" style=\"width: 300px\" class=\"wp-caption alignleft\"><img data-recalc-dims=\"1\" loading=\"lazy\" decoding=\"async\" class=\"wp-image-73181 size-medium\" src=\"https:\/\/i0.wp.com\/www.eltrabajo.cl\/portal\/wp-content\/uploads\/2016\/08\/Juan-Torrejon-300x197.jpg?resize=300%2C197\" alt=\"Juan Torrej\u00f3n, presidente de la Junta de Vecinos de la Poblaci\u00f3n Luis Gajardo Guerrero etapa 1.\" width=\"300\" height=\"197\" srcset=\"https:\/\/i0.wp.com\/eltrabajo.cl\/portal\/wp-content\/uploads\/2016\/08\/Juan-Torrejon.jpg?resize=300%2C197&amp;ssl=1 300w, https:\/\/i0.wp.com\/eltrabajo.cl\/portal\/wp-content\/uploads\/2016\/08\/Juan-Torrejon.jpg?resize=200%2C131&amp;ssl=1 200w, https:\/\/i0.wp.com\/eltrabajo.cl\/portal\/wp-content\/uploads\/2016\/08\/Juan-Torrejon.jpg?resize=228%2C150&amp;ssl=1 228w, https:\/\/i0.wp.com\/eltrabajo.cl\/portal\/wp-content\/uploads\/2016\/08\/Juan-Torrejon.jpg?resize=400%2C263&amp;ssl=1 400w, https:\/\/i0.wp.com\/eltrabajo.cl\/portal\/wp-content\/uploads\/2016\/08\/Juan-Torrejon.jpg?w=530&amp;ssl=1 530w\" sizes=\"auto, (max-width: 300px) 100vw, 300px\" \/><figcaption id=\"caption-attachment-73181\" class=\"wp-caption-text\">Juan Torrej\u00f3n, presidente de la Junta de Vecinos de la Poblaci\u00f3n Luis Gajardo Guerrero etapa 1.<\/figcaption><\/figure>\n<ul>\n<li><strong>La idea es poder agilizar la respuesta de la polic\u00eda uniformada ante alg\u00fan requerimiento de los vecinos y generar una alternativa de comunicaci\u00f3n al Plan Cuadrante.<\/strong><\/li>\n<\/ul>\n<p>Satisfacci\u00f3n y alg\u00fan grado de tranquilidad dej\u00f3 en los presidentes de las distintas Juntas de Vecinos de San Felipe, la reuni\u00f3n que sostuvieron la semana reci\u00e9n pasada con el mayor H\u00e9ctor Soto, comisario de la Segunda Comisar\u00eda de San Felipe, con quien acordaron ciertas medidas en torno al combate contra la delincuencia en la comuna.<br \/>\nAs\u00ed lo destac\u00f3 Juan Torrej\u00f3n, presidente de la Unidad Vecinal de la Poblaci\u00f3n Luis Gajardo Guerrero primera etapa, quien valor\u00f3 la disposici\u00f3n mostrada por el oficial de la polic\u00eda uniformada, argumentando que \u00abel mayor se comprometi\u00f3 en que \u00e9l b\u00e1sicamente iba a destinar la fuerza de Carabineros para ir en contra de la delincuencia y no preocuparse de los detalles peque\u00f1os como andar detr\u00e1s de un vendedor de empanadas o sacando partes en alguna esquina, sino que preocuparse de que efectivamente los sanfelipe\u00f1os podamos vivir en paz y tranquilos en nuestras poblaciones\u00bb, precis\u00f3.<br \/>\nSeg\u00fan apunt\u00f3 torrej\u00f3n, tanto en \u00e9sta, como en una reuni\u00f3n anterior, el foco de atenci\u00f3n se centr\u00f3 en los problemas existentes en los sectores donde hay plazoletas o sitios eriazos y, en lo dif\u00edcil que resulta contactarse con el plan cuadrante al momento de necesitar la ayuda de Carabineros, por lo que, se acord\u00f3 comenzar a utilizar la tecnolog\u00eda para agilizar la respuesta de los efectivos policiales.<br \/>\n\u00abSe gener\u00f3 una idea muy buena y ahora todas las juntas de vecinos estamos comunicadas por WhatsApp con uno o dos entes de Carabineros, vale decir que cualquier cosa que pase en alguna poblaci\u00f3n, uno puede usar directamente esta aplicaci\u00f3n y se har\u00eda efectiva la presencia policial de manera mucho m\u00e1s r\u00e1pida\u00bb, apunt\u00f3 el dirigente.<br \/>\nCabe destacar que, precisamente, la Junta de Vecinos que preside Torrej\u00f3n, fue v\u00edctima de la delincuencia hace un par de meses, cuando desconocidos ingresaron a su sede social y robaron diversos equipos electr\u00f3nicos avaluados en una cifra que bordea el mill\u00f3n y medio de pesos.<br \/>\nDe acuerdo a lo informado por el representante vecinal, las especies no fueron recuperadas, por lo que, actualmente est\u00e1n optando a recursos que les permitir\u00edan recuperar parte de lo que perdieron.<br \/>\n\u00abEse robo nos dej\u00f3 con las manos vac\u00edas, de hecho estamos postulando al Proyecto presidente de la Rep\u00fablica, esperemos que nos vaya bien y con esas platas que lleguen, poder recuperar las cosas que antes ten\u00edamos para la comodidad y el uso e todos los vecinos\u00bb.<\/p>\n","protected":false},"excerpt":{"rendered":"<p>La idea es poder agilizar la respuesta de la polic\u00eda uniformada ante alg\u00fan requerimiento de los vecinos y generar una alternativa de comunicaci\u00f3n al Plan Cuadrante. Satisfacci\u00f3n y alg\u00fan grado de tranquilidad&#8230;<\/p>\n","protected":false},"author":482,"featured_media":73181,"comment_status":"open","ping_status":"open","sticky":false,"template":"","format":"standard","meta":{"advanced_seo_description":"","jetpack_seo_html_title":"","jetpack_seo_noindex":false,"_jetpack_memberships_contains_paid_content":false,"footnotes":""},"categories":[1],"tags":[],"class_list":["post-73180","post","type-post","status-publish","format-standard","has-post-thumbnail","hentry","category-cronica"],"jetpack_featured_media_url":"https:\/\/i0.wp.com\/eltrabajo.cl\/portal\/wp-content\/uploads\/2016\/08\/Juan-Torrejon.jpg?fit=530%2C348&ssl=1","jetpack_sharing_enabled":true,"jetpack_likes_enabled":true,"jetpack-related-posts":[],"_links":{"self":[{"href":"https:\/\/eltrabajo.cl\/portal\/wp-json\/wp\/v2\/posts\/73180","targetHints":{"allow":["GET"]}}],"collection":[{"href":"https:\/\/eltrabajo.cl\/portal\/wp-json\/wp\/v2\/posts"}],"about":[{"href":"https:\/\/eltrabajo.cl\/portal\/wp-json\/wp\/v2\/types\/post"}],"author":[{"embeddable":true,"href":"https:\/\/eltrabajo.cl\/portal\/wp-json\/wp\/v2\/users\/482"}],"replies":[{"embeddable":true,"href":"https:\/\/eltrabajo.cl\/portal\/wp-json\/wp\/v2\/comments?post=73180"}],"version-history":[{"count":0,"href":"https:\/\/eltrabajo.cl\/portal\/wp-json\/wp\/v2\/posts\/73180\/revisions"}],"wp:featuredmedia":[{"embeddable":true,"href":"https:\/\/eltrabajo.cl\/portal\/wp-json\/wp\/v2\/media\/73181"}],"wp:attachment":[{"href":"https:\/\/eltrabajo.cl\/portal\/wp-json\/wp\/v2\/media?parent=73180"}],"wp:term":[{"taxonomy":"category","embeddable":true,"href":"https:\/\/eltrabajo.cl\/portal\/wp-json\/wp\/v2\/categories?post=73180"},{"taxonomy":"post_tag","embeddable":true,"href":"https:\/\/eltrabajo.cl\/portal\/wp-json\/wp\/v2\/tags?post=73180"}],"curies":[{"name":"wp","href":"https:\/\/api.w.org\/{rel}","templated":true}]}}