{"id":73187,"date":"2016-08-24T12:13:48","date_gmt":"2016-08-24T15:13:48","guid":{"rendered":"http:\/\/www.eltrabajo.cl\/portal\/?p=73187"},"modified":"2016-08-24T12:13:48","modified_gmt":"2016-08-24T15:13:48","slug":"existencia-de-matadero-clandestino-estaria-ligada-a-la-matanza-de-mascotas","status":"publish","type":"post","link":"https:\/\/eltrabajo.cl\/portal\/existencia-de-matadero-clandestino-estaria-ligada-a-la-matanza-de-mascotas\/","title":{"rendered":"Existencia de matadero clandestino estar\u00eda ligada a la matanza de mascotas"},"content":{"rendered":"<p>Sigue la conmoci\u00f3n y alarma general en calle El R\u00edo, en Poblaci\u00f3n 21 de Mayo, tras el envenenamiento masivo de perros a esos vecinos. Diario El Trabajo habl\u00f3 ayer martes con varios de ellos en el sector, quienes solicitaron no revelar sus identidades por temor a represalias.<\/p>\n<p><strong>VECINOS HABLAN<\/strong><br \/>\n\u00abNosotros, quienes vivimos aqu\u00ed, s\u00ed sabemos lo que est\u00e1 pasando, estos perros est\u00e1n siendo envenenados por encargo de un empresario sanfelipe\u00f1o, \u00e9ste se\u00f1or tiene aqu\u00ed mismo en el sector, un matadero clandestino, lo cierto del caso es que los perros alertan cuando ladran mucho, por eso \u00e9l los manda a matar\u00bb, dijo el informante a Diario El Trabajo.<br \/>\nTambi\u00e9n otro vecino se anim\u00f3 a explicarnos otros aspectos del problema, pues tambi\u00e9n parece que hay relaci\u00f3n entre la muerte de estos perros, el matadero clandestino y un grupo de viciosos que est\u00e1n pernoctando en esa carpa del matadero.<br \/>\n\u00abEs un gran grupo de flaites los que est\u00e1n en esa carpa del matadero, ellos se drogan y se curan todo el tiempo (&#8230;)parece que \u00e9l les da permiso a estos delincuentes para estar en su propiedad, por lo que solicitamos a la Serem\u00eda de Salud para que investigue e intervenga en este problema de salud p\u00fablica\u00bb, dijo el entrevistado.<br \/>\n<strong>MURI\u00d3 \u2018CABEZ\u00d3N\u2019<\/strong><br \/>\nSeg\u00fan pudo saber nuestro medio, tres horas despu\u00e9s de nuestra visita realizada el lunes a ese lugar, el perrito llamado \u2018Cabez\u00f3n\u2019, muri\u00f3 a causa del envenenamiento. Diario El Trabajo inspeccion\u00f3 la rivera del r\u00edo, efectivamente hay gran cantidad de perros del barrio reci\u00e9n fallecidos, por lo que nuestro medio solicit\u00f3 a Mario M\u00e9ndez, jefe de la Oficina Provincial de la Seremi de Salud Aconcagua, quien inform\u00f3 estar tambi\u00e9n alarmado con este envenenamiento masivo de mascotas.<\/p>\n<p><strong>EN INVESTIGACI\u00d3N<\/strong><br \/>\n\u00abNosotros como Serem\u00eda de Salud ya estamos investigando esta matanza de perros en ese sector de la comuna, tambi\u00e9n estamos por esclarecer conjuntamente con las polic\u00edas, si existe este matadero clandestino, aunque este tema es para investigarlo tambi\u00e9n el Municipio, no es bueno para la salud mental de estos vecinos esta clase de agresiones a sus <strong>mascotas\u00bb, dijo M\u00e9ndez.<\/strong><br \/>\n<strong>Roberto Gonz\u00e1lez Short<\/strong><\/p>\n<figure id=\"attachment_73188\" aria-describedby=\"caption-attachment-73188\" style=\"width: 530px\" class=\"wp-caption alignleft\"><img data-recalc-dims=\"1\" loading=\"lazy\" decoding=\"async\" class=\"wp-image-73188 size-full\" src=\"https:\/\/i0.wp.com\/www.eltrabajo.cl\/portal\/wp-content\/uploads\/2016\/08\/Cabezon1.jpg?resize=530%2C348\" alt=\"MURI\u00d3 \u2018CABEZ\u00d3N\u2019.- Este perrito es la \u00faltima v\u00edctima de quienes est\u00e1n exterminando a las mascotas en Poblaci\u00f3n 21 de Mayo.\" width=\"530\" height=\"348\" srcset=\"https:\/\/i0.wp.com\/eltrabajo.cl\/portal\/wp-content\/uploads\/2016\/08\/Cabezon1.jpg?w=530&amp;ssl=1 530w, https:\/\/i0.wp.com\/eltrabajo.cl\/portal\/wp-content\/uploads\/2016\/08\/Cabezon1.jpg?resize=200%2C131&amp;ssl=1 200w, https:\/\/i0.wp.com\/eltrabajo.cl\/portal\/wp-content\/uploads\/2016\/08\/Cabezon1.jpg?resize=300%2C197&amp;ssl=1 300w, https:\/\/i0.wp.com\/eltrabajo.cl\/portal\/wp-content\/uploads\/2016\/08\/Cabezon1.jpg?resize=228%2C150&amp;ssl=1 228w, https:\/\/i0.wp.com\/eltrabajo.cl\/portal\/wp-content\/uploads\/2016\/08\/Cabezon1.jpg?resize=400%2C263&amp;ssl=1 400w\" sizes=\"auto, (max-width: 530px) 100vw, 530px\" \/><figcaption id=\"caption-attachment-73188\" class=\"wp-caption-text\">MURI\u00d3 \u2018CABEZ\u00d3N\u2019.- Este perrito es la \u00faltima v\u00edctima de quienes est\u00e1n exterminando a las mascotas en Poblaci\u00f3n 21 de Mayo.<\/figcaption><\/figure>\n<figure id=\"attachment_73189\" aria-describedby=\"caption-attachment-73189\" style=\"width: 530px\" class=\"wp-caption alignnone\"><img data-recalc-dims=\"1\" loading=\"lazy\" decoding=\"async\" class=\"wp-image-73189 size-full\" src=\"https:\/\/i0.wp.com\/www.eltrabajo.cl\/portal\/wp-content\/uploads\/2016\/08\/Perros1.jpg?resize=530%2C348\" alt=\"TRISTE PAISAJE.- Muchos son los canes muertos que hay en la rivera del R\u00edo Putaendo, otros son sepultados por sus due\u00f1os.\" width=\"530\" height=\"348\" srcset=\"https:\/\/i0.wp.com\/eltrabajo.cl\/portal\/wp-content\/uploads\/2016\/08\/Perros1.jpg?w=530&amp;ssl=1 530w, https:\/\/i0.wp.com\/eltrabajo.cl\/portal\/wp-content\/uploads\/2016\/08\/Perros1.jpg?resize=200%2C131&amp;ssl=1 200w, https:\/\/i0.wp.com\/eltrabajo.cl\/portal\/wp-content\/uploads\/2016\/08\/Perros1.jpg?resize=300%2C197&amp;ssl=1 300w, https:\/\/i0.wp.com\/eltrabajo.cl\/portal\/wp-content\/uploads\/2016\/08\/Perros1.jpg?resize=228%2C150&amp;ssl=1 228w, https:\/\/i0.wp.com\/eltrabajo.cl\/portal\/wp-content\/uploads\/2016\/08\/Perros1.jpg?resize=400%2C263&amp;ssl=1 400w\" sizes=\"auto, (max-width: 530px) 100vw, 530px\" \/><figcaption id=\"caption-attachment-73189\" class=\"wp-caption-text\">TRISTE PAISAJE.- Muchos son los canes muertos que hay en la rivera del R\u00edo Putaendo, otros son sepultados por sus due\u00f1os.<\/figcaption><\/figure>\n","protected":false},"excerpt":{"rendered":"<p>Sigue la conmoci\u00f3n y alarma general en calle El R\u00edo, en Poblaci\u00f3n 21 de Mayo, tras el envenenamiento masivo de perros a esos vecinos. Diario El Trabajo habl\u00f3 ayer martes con varios&#8230;<\/p>\n","protected":false},"author":482,"featured_media":73188,"comment_status":"open","ping_status":"open","sticky":false,"template":"","format":"standard","meta":{"advanced_seo_description":"","jetpack_seo_html_title":"","jetpack_seo_noindex":false,"_jetpack_memberships_contains_paid_content":false,"footnotes":""},"categories":[15],"tags":[],"class_list":["post-73187","post","type-post","status-publish","format-standard","has-post-thumbnail","hentry","category-comunidad"],"jetpack_featured_media_url":"https:\/\/i0.wp.com\/eltrabajo.cl\/portal\/wp-content\/uploads\/2016\/08\/Cabezon1.jpg?fit=530%2C348&ssl=1","jetpack_sharing_enabled":true,"jetpack_likes_enabled":true,"jetpack-related-posts":[],"_links":{"self":[{"href":"https:\/\/eltrabajo.cl\/portal\/wp-json\/wp\/v2\/posts\/73187","targetHints":{"allow":["GET"]}}],"collection":[{"href":"https:\/\/eltrabajo.cl\/portal\/wp-json\/wp\/v2\/posts"}],"about":[{"href":"https:\/\/eltrabajo.cl\/portal\/wp-json\/wp\/v2\/types\/post"}],"author":[{"embeddable":true,"href":"https:\/\/eltrabajo.cl\/portal\/wp-json\/wp\/v2\/users\/482"}],"replies":[{"embeddable":true,"href":"https:\/\/eltrabajo.cl\/portal\/wp-json\/wp\/v2\/comments?post=73187"}],"version-history":[{"count":0,"href":"https:\/\/eltrabajo.cl\/portal\/wp-json\/wp\/v2\/posts\/73187\/revisions"}],"wp:featuredmedia":[{"embeddable":true,"href":"https:\/\/eltrabajo.cl\/portal\/wp-json\/wp\/v2\/media\/73188"}],"wp:attachment":[{"href":"https:\/\/eltrabajo.cl\/portal\/wp-json\/wp\/v2\/media?parent=73187"}],"wp:term":[{"taxonomy":"category","embeddable":true,"href":"https:\/\/eltrabajo.cl\/portal\/wp-json\/wp\/v2\/categories?post=73187"},{"taxonomy":"post_tag","embeddable":true,"href":"https:\/\/eltrabajo.cl\/portal\/wp-json\/wp\/v2\/tags?post=73187"}],"curies":[{"name":"wp","href":"https:\/\/api.w.org\/{rel}","templated":true}]}}