{"id":73483,"date":"2016-09-05T08:45:28","date_gmt":"2016-09-05T11:45:28","guid":{"rendered":"http:\/\/www.eltrabajo.cl\/portal\/?p=73483"},"modified":"2016-09-05T08:45:28","modified_gmt":"2016-09-05T11:45:28","slug":"activa-inauguracion-del-nuevo-gimnasio-municipal-de-llay-llay","status":"publish","type":"post","link":"https:\/\/eltrabajo.cl\/portal\/activa-inauguracion-del-nuevo-gimnasio-municipal-de-llay-llay\/","title":{"rendered":"Activa inauguraci\u00f3n del Nuevo Gimnasio Municipal de Llay Llay"},"content":{"rendered":"<p><strong>LLAY LLAY.-<\/strong> Todo un acontecimiento fue la inauguraci\u00f3n del nuevo recinto deportivo para Llay Llay, estuvieron presentes altas autoridades regionales, a los que recibi\u00f3 en la mega estructura, el alcalde Mario Marillanca y los concejales: Margarita Puebla, Edgardo Gonz\u00e1lez, Patricio Dur\u00e1n, M\u00e9sala Gonz\u00e1lez, Miguel Cisterna, y Hugo Mu\u00f1oz.<br \/>\nDespu\u00e9s de la ceremonia y respectivo corte de cinta y mientras se desarrollaba un encuentro de voleibol, el edil de Llay Llay, entreg\u00f3 una nueva buena noticia a la comunidad: la aprobaci\u00f3n de una pista de rekortan o de atletismo para el estadio. El anuncio fue realizado en un punto de prensa, junto al senador Ignacio Walker, el gobernador Eduardo Le\u00f3n, el diputado Marco Antonio N\u00fa\u00f1ez, el seremi del Deporte Leandro Torres, los consejeros regionales: Sandra Miranda, Iv\u00e1n Reyes, Rolando Stevenson y Mario Sottolichio.<br \/>\n\u201cFeliz por la comunidad, por los j\u00f3venes, por los ni\u00f1os, que van a poder practicar m\u00e1s deporte. Agradezco la ayuda entregada por el senador, el diputado, los cores, era una piedra en el zapato, finalmente logramos sacarlo adelante\u201d, manifest\u00f3 el alcalde.<br \/>\nEl gobernador Eduardo Le\u00f3n, expres\u00f3 que como Gobierno est\u00e1n contentos \u201ccon lo que ocurri\u00f3 en Llay Llay, este polideportivo agrega m\u00e1s recintos a una comuna que se ha destacado por su talento, (\u2026) hoy estamos con Narcy Araya seleccionado nacional de Bocha, y \u00e9l simboliza a muchos deportistas que est\u00e1n avanzando a las grandes ligas\u201d.<br \/>\n\u201cEs un d\u00eda so\u00f1ado hecho realidad\u201d dijo el diputado Marco Antonio N\u00fa\u00f1ez, \u201cnosotros junto al alcalde Mario Marillanca, venimos luchando para conseguir los recursos desde el a\u00f1o 2010. Probablemente este espacio f\u00edsico se ha convertido en el lugar m\u00e1s importante del Valle de Aconcagua para hacer deporte\u201d<br \/>\nEl evento finaliz\u00f3 con un encuentro deportivo entre escuelas y colegios. Los estudiantes estrenaron la cancha de poliuretano, de est\u00e1ndar internacional, la misma usada en los Juegos Ol\u00edmpicos de R\u00edo 2016.<\/p>\n<figure id=\"attachment_73484\" aria-describedby=\"caption-attachment-73484\" style=\"width: 530px\" class=\"wp-caption alignleft\"><a href=\"http:\/\/www.eltrabajo.cl\/portal\/activa-inauguracion-del-nuevo-gimnasio-municipal-de-llay-llay\/encuentro-de-voleibol-gimnasio-municipal-llay-llay\/\" rel=\"attachment wp-att-73484\"><img data-recalc-dims=\"1\" loading=\"lazy\" decoding=\"async\" class=\"size-full wp-image-73484\" src=\"https:\/\/i0.wp.com\/www.eltrabajo.cl\/portal\/wp-content\/uploads\/2016\/09\/ENCUENTRO-DE-VOLEIBOL-gimnasio-municipal-llay-llay.jpg?resize=530%2C349\" alt=\"VOLEY.- Infaltable es el voleibol en este tipo de arenas, por lo cual se realiz\u00f3 un extenso juego, dando as\u00ed el vamos en la misma cancha.\" width=\"530\" height=\"349\" srcset=\"https:\/\/i0.wp.com\/eltrabajo.cl\/portal\/wp-content\/uploads\/2016\/09\/ENCUENTRO-DE-VOLEIBOL-gimnasio-municipal-llay-llay.jpg?w=530&amp;ssl=1 530w, https:\/\/i0.wp.com\/eltrabajo.cl\/portal\/wp-content\/uploads\/2016\/09\/ENCUENTRO-DE-VOLEIBOL-gimnasio-municipal-llay-llay.jpg?resize=200%2C132&amp;ssl=1 200w, https:\/\/i0.wp.com\/eltrabajo.cl\/portal\/wp-content\/uploads\/2016\/09\/ENCUENTRO-DE-VOLEIBOL-gimnasio-municipal-llay-llay.jpg?resize=300%2C198&amp;ssl=1 300w, https:\/\/i0.wp.com\/eltrabajo.cl\/portal\/wp-content\/uploads\/2016\/09\/ENCUENTRO-DE-VOLEIBOL-gimnasio-municipal-llay-llay.jpg?resize=228%2C150&amp;ssl=1 228w, https:\/\/i0.wp.com\/eltrabajo.cl\/portal\/wp-content\/uploads\/2016\/09\/ENCUENTRO-DE-VOLEIBOL-gimnasio-municipal-llay-llay.jpg?resize=400%2C263&amp;ssl=1 400w\" sizes=\"auto, (max-width: 530px) 100vw, 530px\" \/><\/a><figcaption id=\"caption-attachment-73484\" class=\"wp-caption-text\">VOLEY.- Infaltable es el voleibol en este tipo de arenas, por lo cual se realiz\u00f3 un extenso juego, dando as\u00ed el vamos en la misma cancha.<\/figcaption><\/figure>\n<figure id=\"attachment_73485\" aria-describedby=\"caption-attachment-73485\" style=\"width: 530px\" class=\"wp-caption alignleft\"><a href=\"http:\/\/www.eltrabajo.cl\/portal\/activa-inauguracion-del-nuevo-gimnasio-municipal-de-llay-llay\/frontis-gimnasio-municipal-llay-llay\/\" rel=\"attachment wp-att-73485\"><img data-recalc-dims=\"1\" loading=\"lazy\" decoding=\"async\" class=\"size-full wp-image-73485\" src=\"https:\/\/i0.wp.com\/www.eltrabajo.cl\/portal\/wp-content\/uploads\/2016\/09\/FRONTIS-GIMNASIO-MUNICIPAL-llay-llay.jpg?resize=530%2C349\" alt=\"FRONTIS DEL GIMNASIO.- En la principal v\u00eda de ingreso al Gimnasio Municipal de Llay Llay, posan para las c\u00e1maras el gobernador de San Felipe, Eduardo Le\u00f3n y el alcalde Mario Marillanca, en compa\u00f1\u00eda de un vecino llaylla\u00edno.\" width=\"530\" height=\"349\" srcset=\"https:\/\/i0.wp.com\/eltrabajo.cl\/portal\/wp-content\/uploads\/2016\/09\/FRONTIS-GIMNASIO-MUNICIPAL-llay-llay.jpg?w=530&amp;ssl=1 530w, https:\/\/i0.wp.com\/eltrabajo.cl\/portal\/wp-content\/uploads\/2016\/09\/FRONTIS-GIMNASIO-MUNICIPAL-llay-llay.jpg?resize=200%2C132&amp;ssl=1 200w, https:\/\/i0.wp.com\/eltrabajo.cl\/portal\/wp-content\/uploads\/2016\/09\/FRONTIS-GIMNASIO-MUNICIPAL-llay-llay.jpg?resize=300%2C198&amp;ssl=1 300w, https:\/\/i0.wp.com\/eltrabajo.cl\/portal\/wp-content\/uploads\/2016\/09\/FRONTIS-GIMNASIO-MUNICIPAL-llay-llay.jpg?resize=228%2C150&amp;ssl=1 228w, https:\/\/i0.wp.com\/eltrabajo.cl\/portal\/wp-content\/uploads\/2016\/09\/FRONTIS-GIMNASIO-MUNICIPAL-llay-llay.jpg?resize=400%2C263&amp;ssl=1 400w\" sizes=\"auto, (max-width: 530px) 100vw, 530px\" \/><\/a><figcaption id=\"caption-attachment-73485\" class=\"wp-caption-text\">FRONTIS DEL GIMNASIO.- En la principal v\u00eda de ingreso al Gimnasio Municipal de Llay Llay, posan para las c\u00e1maras el gobernador de San Felipe, Eduardo Le\u00f3n y el alcalde Mario Marillanca, en compa\u00f1\u00eda de un vecino llaylla\u00edno.<\/figcaption><\/figure>\n","protected":false},"excerpt":{"rendered":"<p>LLAY LLAY.- Todo un acontecimiento fue la inauguraci\u00f3n del nuevo recinto deportivo para Llay Llay, estuvieron presentes altas autoridades regionales, a los que recibi\u00f3 en la mega estructura, el alcalde Mario Marillanca&#8230;<\/p>\n","protected":false},"author":1,"featured_media":73484,"comment_status":"open","ping_status":"open","sticky":false,"template":"","format":"standard","meta":{"advanced_seo_description":"","jetpack_seo_html_title":"","jetpack_seo_noindex":false,"_jetpack_memberships_contains_paid_content":false,"footnotes":""},"categories":[1],"tags":[],"class_list":["post-73483","post","type-post","status-publish","format-standard","has-post-thumbnail","hentry","category-cronica"],"jetpack_featured_media_url":"https:\/\/i0.wp.com\/eltrabajo.cl\/portal\/wp-content\/uploads\/2016\/09\/ENCUENTRO-DE-VOLEIBOL-gimnasio-municipal-llay-llay.jpg?fit=530%2C349&ssl=1","jetpack_sharing_enabled":true,"jetpack_likes_enabled":true,"jetpack-related-posts":[],"_links":{"self":[{"href":"https:\/\/eltrabajo.cl\/portal\/wp-json\/wp\/v2\/posts\/73483","targetHints":{"allow":["GET"]}}],"collection":[{"href":"https:\/\/eltrabajo.cl\/portal\/wp-json\/wp\/v2\/posts"}],"about":[{"href":"https:\/\/eltrabajo.cl\/portal\/wp-json\/wp\/v2\/types\/post"}],"author":[{"embeddable":true,"href":"https:\/\/eltrabajo.cl\/portal\/wp-json\/wp\/v2\/users\/1"}],"replies":[{"embeddable":true,"href":"https:\/\/eltrabajo.cl\/portal\/wp-json\/wp\/v2\/comments?post=73483"}],"version-history":[{"count":0,"href":"https:\/\/eltrabajo.cl\/portal\/wp-json\/wp\/v2\/posts\/73483\/revisions"}],"wp:featuredmedia":[{"embeddable":true,"href":"https:\/\/eltrabajo.cl\/portal\/wp-json\/wp\/v2\/media\/73484"}],"wp:attachment":[{"href":"https:\/\/eltrabajo.cl\/portal\/wp-json\/wp\/v2\/media?parent=73483"}],"wp:term":[{"taxonomy":"category","embeddable":true,"href":"https:\/\/eltrabajo.cl\/portal\/wp-json\/wp\/v2\/categories?post=73483"},{"taxonomy":"post_tag","embeddable":true,"href":"https:\/\/eltrabajo.cl\/portal\/wp-json\/wp\/v2\/tags?post=73483"}],"curies":[{"name":"wp","href":"https:\/\/api.w.org\/{rel}","templated":true}]}}