{"id":73513,"date":"2016-09-06T09:02:23","date_gmt":"2016-09-06T12:02:23","guid":{"rendered":"http:\/\/www.eltrabajo.cl\/portal\/?p=73513"},"modified":"2016-09-06T09:02:23","modified_gmt":"2016-09-06T12:02:23","slug":"cientos-de-personas-subieron-la-colina-para-fortalecer-su-corazon","status":"publish","type":"post","link":"https:\/\/eltrabajo.cl\/portal\/cientos-de-personas-subieron-la-colina-para-fortalecer-su-corazon\/","title":{"rendered":"Cientos de personas subieron la colina para fortalecer su coraz\u00f3n"},"content":{"rendered":"<p>La semana pasada se realiz\u00f3 la primera caminata en contacto con la naturaleza, la cual llev\u00f3 por nombre \u2018Mu\u00e9vete por tu coraz\u00f3n\u2019, la que fue organizada por el Comit\u00e9 de Promoci\u00f3n de Salud Local y el equipo cardiovascular del Cesfam Curim\u00f3n, dependiente de la Direcci\u00f3n de Salud Municipal de San Felipe.<br \/>\nDentro de esta actividad, particip\u00f3 tambi\u00e9n la comunidad estudiantil del sector de Curim\u00f3n, la Escuela Carmela Carvajal de Prat; Escuela Bucalemu y el Colegio Assunta Pallota, estos \u00faltimos brindaron un gran apoyo poniendo a disposici\u00f3n a sus alumnos de t\u00e9cnico en enfermer\u00eda.<br \/>\nAsistieron a la actividad, mas de 150 personas, las que demostraron el compromiso con la actividad f\u00edsica y las ganas de cambiar sus h\u00e1bitos sedentarios, as\u00ed como tambi\u00e9n se comprometieron a participar de toda iniciativa que tenga como fin \u00faltimo, el bienestar para su salud. La actividad tuvo gran \u00e9xito y acogida por parte de la comunidad de Curim\u00f3n, en donde los vecinos se mostraron muy din\u00e1micos con la iniciativa y esperan se repita y tome la importancia que merece.<br \/>\n<strong>Roberto Gonz\u00e1lez Short<\/strong><\/p>\n<figure id=\"attachment_73514\" aria-describedby=\"caption-attachment-73514\" style=\"width: 530px\" class=\"wp-caption alignleft\"><a href=\"http:\/\/www.eltrabajo.cl\/portal\/cientos-de-personas-subieron-la-colina-para-fortalecer-su-corazon\/corazon1-2\/\" rel=\"attachment wp-att-73514\"><img data-recalc-dims=\"1\" loading=\"lazy\" decoding=\"async\" class=\"size-full wp-image-73514\" src=\"https:\/\/i0.wp.com\/www.eltrabajo.cl\/portal\/wp-content\/uploads\/2016\/09\/Corazon1.jpg?resize=530%2C349\" alt=\"PURA ENERG\u00cdA.- Muchas ganas de ejercitarse es la que ten\u00edas estos j\u00f3venes durante la jornada \u2018Mu\u00e9vete por tu coraz\u00f3n\u2019.\" width=\"530\" height=\"349\" srcset=\"https:\/\/i0.wp.com\/eltrabajo.cl\/portal\/wp-content\/uploads\/2016\/09\/Corazon1.jpg?w=530&amp;ssl=1 530w, https:\/\/i0.wp.com\/eltrabajo.cl\/portal\/wp-content\/uploads\/2016\/09\/Corazon1.jpg?resize=200%2C132&amp;ssl=1 200w, https:\/\/i0.wp.com\/eltrabajo.cl\/portal\/wp-content\/uploads\/2016\/09\/Corazon1.jpg?resize=300%2C198&amp;ssl=1 300w, https:\/\/i0.wp.com\/eltrabajo.cl\/portal\/wp-content\/uploads\/2016\/09\/Corazon1.jpg?resize=228%2C150&amp;ssl=1 228w, https:\/\/i0.wp.com\/eltrabajo.cl\/portal\/wp-content\/uploads\/2016\/09\/Corazon1.jpg?resize=400%2C263&amp;ssl=1 400w\" sizes=\"auto, (max-width: 530px) 100vw, 530px\" \/><\/a><figcaption id=\"caption-attachment-73514\" class=\"wp-caption-text\">PURA ENERG\u00cdA.- Muchas ganas de ejercitarse es la que ten\u00edas estos j\u00f3venes durante la jornada \u2018Mu\u00e9vete por tu coraz\u00f3n\u2019.<\/figcaption><\/figure>\n<figure id=\"attachment_73515\" aria-describedby=\"caption-attachment-73515\" style=\"width: 530px\" class=\"wp-caption alignleft\"><a href=\"http:\/\/www.eltrabajo.cl\/portal\/cientos-de-personas-subieron-la-colina-para-fortalecer-su-corazon\/corazon2-2\/\" rel=\"attachment wp-att-73515\"><img data-recalc-dims=\"1\" loading=\"lazy\" decoding=\"async\" class=\"size-full wp-image-73515\" src=\"https:\/\/i0.wp.com\/www.eltrabajo.cl\/portal\/wp-content\/uploads\/2016\/09\/Corazon2.jpg?resize=530%2C350\" alt=\"VIDA SALUDABLE.- Luego de subir parte del cerro, estos chicos decidieron darse un peque\u00f1o descanso.\" width=\"530\" height=\"350\" srcset=\"https:\/\/i0.wp.com\/eltrabajo.cl\/portal\/wp-content\/uploads\/2016\/09\/Corazon2.jpg?w=530&amp;ssl=1 530w, https:\/\/i0.wp.com\/eltrabajo.cl\/portal\/wp-content\/uploads\/2016\/09\/Corazon2.jpg?resize=200%2C132&amp;ssl=1 200w, https:\/\/i0.wp.com\/eltrabajo.cl\/portal\/wp-content\/uploads\/2016\/09\/Corazon2.jpg?resize=300%2C198&amp;ssl=1 300w, https:\/\/i0.wp.com\/eltrabajo.cl\/portal\/wp-content\/uploads\/2016\/09\/Corazon2.jpg?resize=227%2C150&amp;ssl=1 227w, https:\/\/i0.wp.com\/eltrabajo.cl\/portal\/wp-content\/uploads\/2016\/09\/Corazon2.jpg?resize=400%2C264&amp;ssl=1 400w\" sizes=\"auto, (max-width: 530px) 100vw, 530px\" \/><\/a><figcaption id=\"caption-attachment-73515\" class=\"wp-caption-text\">VIDA SALUDABLE.- Luego de subir parte del cerro, estos chicos decidieron darse un peque\u00f1o descanso.<\/figcaption><\/figure>\n<figure id=\"attachment_73516\" aria-describedby=\"caption-attachment-73516\" style=\"width: 530px\" class=\"wp-caption alignleft\"><a href=\"http:\/\/www.eltrabajo.cl\/portal\/cientos-de-personas-subieron-la-colina-para-fortalecer-su-corazon\/corazon3\/\" rel=\"attachment wp-att-73516\"><img data-recalc-dims=\"1\" loading=\"lazy\" decoding=\"async\" class=\"size-full wp-image-73516\" src=\"https:\/\/i0.wp.com\/www.eltrabajo.cl\/portal\/wp-content\/uploads\/2016\/09\/Corazon3.jpg?resize=530%2C349\" alt=\"LA ALEGR\u00cdA DE VIVIR.- Cada d\u00eda esta clase de actividades al aire libre retoman fuerza y vigencia en nuestra comuna.\" width=\"530\" height=\"349\" srcset=\"https:\/\/i0.wp.com\/eltrabajo.cl\/portal\/wp-content\/uploads\/2016\/09\/Corazon3.jpg?w=530&amp;ssl=1 530w, https:\/\/i0.wp.com\/eltrabajo.cl\/portal\/wp-content\/uploads\/2016\/09\/Corazon3.jpg?resize=200%2C132&amp;ssl=1 200w, https:\/\/i0.wp.com\/eltrabajo.cl\/portal\/wp-content\/uploads\/2016\/09\/Corazon3.jpg?resize=300%2C198&amp;ssl=1 300w, https:\/\/i0.wp.com\/eltrabajo.cl\/portal\/wp-content\/uploads\/2016\/09\/Corazon3.jpg?resize=228%2C150&amp;ssl=1 228w, https:\/\/i0.wp.com\/eltrabajo.cl\/portal\/wp-content\/uploads\/2016\/09\/Corazon3.jpg?resize=400%2C263&amp;ssl=1 400w\" sizes=\"auto, (max-width: 530px) 100vw, 530px\" \/><\/a><figcaption id=\"caption-attachment-73516\" class=\"wp-caption-text\">LA ALEGR\u00cdA DE VIVIR.- Cada d\u00eda esta clase de actividades al aire libre retoman fuerza y vigencia en nuestra comuna.<\/figcaption><\/figure>\n","protected":false},"excerpt":{"rendered":"<p>La semana pasada se realiz\u00f3 la primera caminata en contacto con la naturaleza, la cual llev\u00f3 por nombre \u2018Mu\u00e9vete por tu coraz\u00f3n\u2019, la que fue organizada por el Comit\u00e9 de Promoci\u00f3n de&#8230;<\/p>\n","protected":false},"author":1,"featured_media":73515,"comment_status":"open","ping_status":"open","sticky":false,"template":"","format":"standard","meta":{"advanced_seo_description":"","jetpack_seo_html_title":"","jetpack_seo_noindex":false,"_jetpack_memberships_contains_paid_content":false,"footnotes":""},"categories":[15],"tags":[],"class_list":["post-73513","post","type-post","status-publish","format-standard","has-post-thumbnail","hentry","category-comunidad"],"jetpack_featured_media_url":"https:\/\/i0.wp.com\/eltrabajo.cl\/portal\/wp-content\/uploads\/2016\/09\/Corazon2.jpg?fit=530%2C350&ssl=1","jetpack_sharing_enabled":true,"jetpack_likes_enabled":true,"jetpack-related-posts":[],"_links":{"self":[{"href":"https:\/\/eltrabajo.cl\/portal\/wp-json\/wp\/v2\/posts\/73513","targetHints":{"allow":["GET"]}}],"collection":[{"href":"https:\/\/eltrabajo.cl\/portal\/wp-json\/wp\/v2\/posts"}],"about":[{"href":"https:\/\/eltrabajo.cl\/portal\/wp-json\/wp\/v2\/types\/post"}],"author":[{"embeddable":true,"href":"https:\/\/eltrabajo.cl\/portal\/wp-json\/wp\/v2\/users\/1"}],"replies":[{"embeddable":true,"href":"https:\/\/eltrabajo.cl\/portal\/wp-json\/wp\/v2\/comments?post=73513"}],"version-history":[{"count":0,"href":"https:\/\/eltrabajo.cl\/portal\/wp-json\/wp\/v2\/posts\/73513\/revisions"}],"wp:featuredmedia":[{"embeddable":true,"href":"https:\/\/eltrabajo.cl\/portal\/wp-json\/wp\/v2\/media\/73515"}],"wp:attachment":[{"href":"https:\/\/eltrabajo.cl\/portal\/wp-json\/wp\/v2\/media?parent=73513"}],"wp:term":[{"taxonomy":"category","embeddable":true,"href":"https:\/\/eltrabajo.cl\/portal\/wp-json\/wp\/v2\/categories?post=73513"},{"taxonomy":"post_tag","embeddable":true,"href":"https:\/\/eltrabajo.cl\/portal\/wp-json\/wp\/v2\/tags?post=73513"}],"curies":[{"name":"wp","href":"https:\/\/api.w.org\/{rel}","templated":true}]}}