{"id":73519,"date":"2016-09-06T09:08:13","date_gmt":"2016-09-06T12:08:13","guid":{"rendered":"http:\/\/www.eltrabajo.cl\/portal\/?p=73519"},"modified":"2016-09-06T09:08:14","modified_gmt":"2016-09-06T12:08:14","slug":"mas-de-un-centenar-de-personas-entregan-apoyo-a-crianceros-de-el-manzano","status":"publish","type":"post","link":"https:\/\/eltrabajo.cl\/portal\/mas-de-un-centenar-de-personas-entregan-apoyo-a-crianceros-de-el-manzano\/","title":{"rendered":"M\u00e1s de un centenar de personas entregan apoyo a crianceros de El Manzano"},"content":{"rendered":"<ul>\n<li><strong>Los asistentes manifestaron su respaldo a las demandas de los afectados, quienes acusan un aprovechamiento, cobros excesivos y abusos ejercidos por la Compa\u00f1\u00eda Ganadera Tongoy en su contra.<\/strong><\/li>\n<\/ul>\n<p>Durante la tarde del pasado domingo, m\u00e1s de 150 personas llegaron hasta el Fundo El Manzano, en la carretera que une Putaendo con Cabildo, para expresar su apoyo con los crianceros que mantienen una toma simb\u00f3lica del lugar, en protesta por lo que han denunciado como un abuso y un aprovechamiento de la Compa\u00f1\u00eda Ganadera Tongoy, que de acuerdo a los antecedentes proporcionados por los afectados, a\u00fan no logra acreditar si es o no propietaria del fundo.<br \/>\nLas organizaciones que han trabajado junto a los crianceros, como la Coordinadora Resiste, la Asamblea Popular de Putaendo y la Coordinadora Tres R\u00edos tambi\u00e9n se hicieron presentes, en un evento art\u00edstico cuyo eje fue informar a la comunidad respecto a la situaci\u00f3n por la que atraviesan los denunciantes y comprometer el respaldo de la comunidad y la gesti\u00f3n de las autoridades comunales y provinciales.<\/p>\n<figure id=\"attachment_73520\" aria-describedby=\"caption-attachment-73520\" style=\"width: 530px\" class=\"wp-caption alignleft\"><a href=\"http:\/\/www.eltrabajo.cl\/portal\/mas-de-un-centenar-de-personas-entregan-apoyo-a-crianceros-de-el-manzano\/el-manzano01\/\" rel=\"attachment wp-att-73520\"><img data-recalc-dims=\"1\" loading=\"lazy\" decoding=\"async\" class=\"size-full wp-image-73520\" src=\"https:\/\/i0.wp.com\/www.eltrabajo.cl\/portal\/wp-content\/uploads\/2016\/09\/EL-MANZANO01.jpg?resize=530%2C349\" alt=\"Emblema de la Comunidad Crianceros de \u2018El Manzano\u2019.\" width=\"530\" height=\"349\" srcset=\"https:\/\/i0.wp.com\/eltrabajo.cl\/portal\/wp-content\/uploads\/2016\/09\/EL-MANZANO01.jpg?w=530&amp;ssl=1 530w, https:\/\/i0.wp.com\/eltrabajo.cl\/portal\/wp-content\/uploads\/2016\/09\/EL-MANZANO01.jpg?resize=200%2C132&amp;ssl=1 200w, https:\/\/i0.wp.com\/eltrabajo.cl\/portal\/wp-content\/uploads\/2016\/09\/EL-MANZANO01.jpg?resize=300%2C198&amp;ssl=1 300w, https:\/\/i0.wp.com\/eltrabajo.cl\/portal\/wp-content\/uploads\/2016\/09\/EL-MANZANO01.jpg?resize=228%2C150&amp;ssl=1 228w, https:\/\/i0.wp.com\/eltrabajo.cl\/portal\/wp-content\/uploads\/2016\/09\/EL-MANZANO01.jpg?resize=400%2C263&amp;ssl=1 400w\" sizes=\"auto, (max-width: 530px) 100vw, 530px\" \/><\/a><figcaption id=\"caption-attachment-73520\" class=\"wp-caption-text\">Emblema de la Comunidad Crianceros de \u2018El Manzano\u2019.<\/figcaption><\/figure>\n<figure id=\"attachment_73521\" aria-describedby=\"caption-attachment-73521\" style=\"width: 530px\" class=\"wp-caption alignleft\"><a href=\"http:\/\/www.eltrabajo.cl\/portal\/mas-de-un-centenar-de-personas-entregan-apoyo-a-crianceros-de-el-manzano\/el-manzano02\/\" rel=\"attachment wp-att-73521\"><img data-recalc-dims=\"1\" loading=\"lazy\" decoding=\"async\" class=\"size-full wp-image-73521\" src=\"https:\/\/i0.wp.com\/www.eltrabajo.cl\/portal\/wp-content\/uploads\/2016\/09\/EL-MANZANO02.jpg?resize=530%2C349\" alt=\"M\u00e1s de 150 personas llegaron hasta el Fundo El Manzano, en la carretera que une Putaendo con Cabildo, para expresar su apoyo con los crianceros que mantienen una toma simb\u00f3lica del lugar.\" width=\"530\" height=\"349\" srcset=\"https:\/\/i0.wp.com\/eltrabajo.cl\/portal\/wp-content\/uploads\/2016\/09\/EL-MANZANO02.jpg?w=530&amp;ssl=1 530w, https:\/\/i0.wp.com\/eltrabajo.cl\/portal\/wp-content\/uploads\/2016\/09\/EL-MANZANO02.jpg?resize=200%2C132&amp;ssl=1 200w, https:\/\/i0.wp.com\/eltrabajo.cl\/portal\/wp-content\/uploads\/2016\/09\/EL-MANZANO02.jpg?resize=300%2C198&amp;ssl=1 300w, https:\/\/i0.wp.com\/eltrabajo.cl\/portal\/wp-content\/uploads\/2016\/09\/EL-MANZANO02.jpg?resize=228%2C150&amp;ssl=1 228w, https:\/\/i0.wp.com\/eltrabajo.cl\/portal\/wp-content\/uploads\/2016\/09\/EL-MANZANO02.jpg?resize=400%2C263&amp;ssl=1 400w\" sizes=\"auto, (max-width: 530px) 100vw, 530px\" \/><\/a><figcaption id=\"caption-attachment-73521\" class=\"wp-caption-text\">M\u00e1s de 150 personas llegaron hasta el Fundo El Manzano, en la carretera que une Putaendo con Cabildo, para expresar su apoyo con los crianceros que mantienen una toma simb\u00f3lica del lugar.<\/figcaption><\/figure>\n","protected":false},"excerpt":{"rendered":"<p>Los asistentes manifestaron su respaldo a las demandas de los afectados, quienes acusan un aprovechamiento, cobros excesivos y abusos ejercidos por la Compa\u00f1\u00eda Ganadera Tongoy en su contra. Durante la tarde del&#8230;<\/p>\n","protected":false},"author":1,"featured_media":73521,"comment_status":"open","ping_status":"open","sticky":false,"template":"","format":"standard","meta":{"advanced_seo_description":"","jetpack_seo_html_title":"","jetpack_seo_noindex":false,"_jetpack_memberships_contains_paid_content":false,"footnotes":""},"categories":[15],"tags":[],"class_list":["post-73519","post","type-post","status-publish","format-standard","has-post-thumbnail","hentry","category-comunidad"],"jetpack_featured_media_url":"https:\/\/i0.wp.com\/eltrabajo.cl\/portal\/wp-content\/uploads\/2016\/09\/EL-MANZANO02.jpg?fit=530%2C349&ssl=1","jetpack_sharing_enabled":true,"jetpack_likes_enabled":true,"jetpack-related-posts":[],"_links":{"self":[{"href":"https:\/\/eltrabajo.cl\/portal\/wp-json\/wp\/v2\/posts\/73519","targetHints":{"allow":["GET"]}}],"collection":[{"href":"https:\/\/eltrabajo.cl\/portal\/wp-json\/wp\/v2\/posts"}],"about":[{"href":"https:\/\/eltrabajo.cl\/portal\/wp-json\/wp\/v2\/types\/post"}],"author":[{"embeddable":true,"href":"https:\/\/eltrabajo.cl\/portal\/wp-json\/wp\/v2\/users\/1"}],"replies":[{"embeddable":true,"href":"https:\/\/eltrabajo.cl\/portal\/wp-json\/wp\/v2\/comments?post=73519"}],"version-history":[{"count":0,"href":"https:\/\/eltrabajo.cl\/portal\/wp-json\/wp\/v2\/posts\/73519\/revisions"}],"wp:featuredmedia":[{"embeddable":true,"href":"https:\/\/eltrabajo.cl\/portal\/wp-json\/wp\/v2\/media\/73521"}],"wp:attachment":[{"href":"https:\/\/eltrabajo.cl\/portal\/wp-json\/wp\/v2\/media?parent=73519"}],"wp:term":[{"taxonomy":"category","embeddable":true,"href":"https:\/\/eltrabajo.cl\/portal\/wp-json\/wp\/v2\/categories?post=73519"},{"taxonomy":"post_tag","embeddable":true,"href":"https:\/\/eltrabajo.cl\/portal\/wp-json\/wp\/v2\/tags?post=73519"}],"curies":[{"name":"wp","href":"https:\/\/api.w.org\/{rel}","templated":true}]}}